{"id":10400,"date":"2019-10-24T10:10:14","date_gmt":"2019-10-24T08:10:14","guid":{"rendered":"https:\/\/agora.xtec.cat\/ies-antoni-pous\/?p=10400"},"modified":"2019-10-24T10:10:14","modified_gmt":"2019-10-24T08:10:14","slug":"convocatoria-mobilitat-internacional-2019-2020","status":"publish","type":"post","link":"https:\/\/agora.xtec.cat\/ies-antoni-pous\/general\/convocatoria-mobilitat-internacional-2019-2020\/","title":{"rendered":"Convocat\u00f2ria mobilitat internacional 2019 2020"},"content":{"rendered":"<p>S&#8217;obre la convocat\u00f2ria 2019 2020 per participar en projectes de mobilitat internacional al nostre centre. Enguany, s&#8217;ofereixen els projectes seg\u00fcents:<\/p>\n<hr \/>\n<p>a) Projectes dirigits a l&#8217;<strong>ALUMNAT:<\/strong><\/p>\n<ul>\n<li>2 places amb beca Erasmus+ per alumnat de <strong>CFGS Educaci\u00f3 Infantil<\/strong> per qui vulgui fer pr\u00e0ctiques durant m\u00ednim 2 mesos (maig i junhy 2020) a Aarhus (Dinamarca) o a San Miniato (It\u00e0lia).<\/li>\n<li>1 pla\u00e7a sense beca per alumnat de <strong>CFGS Educaci\u00f3 Infantil<\/strong> per qui vulgui fer pr\u00e0ctiques durant 1 o 2 mesos (maig i\/o juny 2020) a Aarhus (Dinamarca), a San Miniato (It\u00e0lia) o a Perpiny\u00e0 (Fran\u00e7a).<\/li>\n<\/ul>\n<p>&nbsp;<\/p>\n<ul>\n<li>2 places amb beca Erasmus+ per alumnat de <strong>CFGS Integraci\u00f3 Social<\/strong> per qui vulgui fer pr\u00e0ctiques durant m\u00ednim 2 mesos (maig i junhy 2020) a Aarhus (Dinamarca).<\/li>\n<li>1 pla\u00e7a sense beca per alumnat de <strong>CFGS Integraci\u00f3 Social<\/strong> per qui vulgui fer pr\u00e0ctiques durant 1 o 2 mesos (maig i\/o juny 2020) a Aarhus (Dinamarca) o amb la possibilitat de fer-ho a Portugal o al sud de Fran\u00e7a (aquests opcions no es poden garantir en aquests moments).<\/li>\n<\/ul>\n<p>&nbsp;<\/p>\n<ul>\n<li>1 pla\u00e7a amb beca Erasmus+ per alumnat del<strong> CFGM Atenci\u00f3 a persones en situaci\u00f3 de depend\u00e8ncia<\/strong> per fer pr\u00e0ctiques durant m\u00ednim 1 mes a Aarhus (Dinamarca).<\/li>\n<\/ul>\n<p>Les persones interessades que accedeixen a la direcci\u00f3 seg\u00fcent i segueixen les instruccions:<a href=\"https:\/\/agora.xtec.cat\/ies-antoni-pous\/categoria\/mobilitat-internacional-fp\/alumnat\/\"> INSTRUCCIONS SOL\u00b7LICITUD PARTICIPACI\u00d3<\/a><\/p>\n<p>&nbsp;<\/p>\n<p>Tamb\u00e9 podeu trobar m\u00e9s informaci\u00f3 al seg\u00fcent enlla\u00e7:\u00a0<a href=\"https:\/\/docs.google.com\/presentation\/d\/1eMxQIjHjYcDoNPyDLOspPwHhFOynmrLg_veEOxlNnSw\/edit?usp=sharing\"> PRESENTACI\u00d3 DADES CONVOCAT\u00d2RIA<\/a><\/p>\n<p>El termini per enviar la sol\u00b7licitud, que trobareu a l&#8217;enlla\u00e7 anterior, \u00e9s entre el <strong>4 i el 15 de novembre del 2019.<\/strong> Per qualsevol dubte, us podeu posar en contacte amb la coordinaci\u00f3 de mobilitat internacional FP: Jordi Birosta (fpmobilitat@gmail.com).<\/p>\n<hr \/>\n<p>b) Projecte dirgits al <strong>PROFESSORAT<\/strong>:<\/p>\n<ul>\n<li>3 places amb beca ERASMUS+ per professorat qui vulgui fer una estada en format de job shadowing a Portugal, visitant uns instituci\u00f3 educativa qui imparteix estudis semblants al CFGS Integraci\u00f3 Social aix\u00ed com empreses del sector. Aquest projecte s&#8217;implementaria de cara a l&#8217;abril del 2020 (pendent de confirmar).<\/li>\n<\/ul>\n<p>Les persones interessades que accedeixen a la direcci\u00f3 seg\u00fcent i segueixen les instruccions:<a href=\"https:\/\/agora.xtec.cat\/ies-antoni-pous\/categoria\/mobilitat-internacional-fp\/professorat\/\"> INSTRUCCIONS SOL\u00b7LICITUD PARTICIPACI\u00d3<\/a><\/p>\n<p>El termini per enviar la sol\u00b7licitud, que trobareu a l&#8217;enlla\u00e7 anterior, \u00e9s entre el <strong>4 i el 15 de novembre del 2019.<\/strong> Per qualsevol dubte, us podeu posar en contacte amb la coordinaci\u00f3 de mobilitat internacional FP: Jordi Birosta (fpmobilitat@gmail.com).<\/p>\n<p>&nbsp;<\/p>\n<p><a href=\"https:\/\/agora.xtec.cat\/ies-antoni-pous\/wp-content\/uploads\/usu283\/2019\/10\/IMG_20191023_203700.jpg\"><img loading=\"lazy\" decoding=\"async\" class=\" wp-image-10402 aligncenter\" src=\"https:\/\/agora.xtec.cat\/ies-antoni-pous\/wp-content\/uploads\/usu283\/2019\/10\/IMG_20191023_203700-1024x768.jpg\" alt=\"\" width=\"580\" height=\"434\" srcset=\"https:\/\/agora.xtec.cat\/ies-antoni-pous\/wp-content\/uploads\/usu283\/2019\/10\/IMG_20191023_203700-1024x768.jpg 1024w, https:\/\/agora.xtec.cat\/ies-antoni-pous\/wp-content\/uploads\/usu283\/2019\/10\/IMG_20191023_203700-300x225.jpg 300w, https:\/\/agora.xtec.cat\/ies-antoni-pous\/wp-content\/uploads\/usu283\/2019\/10\/IMG_20191023_203700-768x576.jpg 768w, https:\/\/agora.xtec.cat\/ies-antoni-pous\/wp-content\/uploads\/usu283\/2019\/10\/IMG_20191023_203700-200x150.jpg 200w\" sizes=\"auto, (max-width: 580px) 100vw, 580px\" \/><\/a><\/p>\n","protected":false},"excerpt":{"rendered":"<p>Convocat\u00f2ria mobilitat internacional FP 2019 2020 (alumnat i professorat)<\/p>\n","protected":false},"author":13,"featured_media":9740,"comment_status":"closed","ping_status":"closed","sticky":false,"template":"","format":"standard","meta":{"_bbp_topic_count":0,"_bbp_reply_count":0,"_bbp_total_topic_count":0,"_bbp_total_reply_count":0,"_bbp_voice_count":0,"_bbp_anonymous_reply_count":0,"_bbp_topic_count_hidden":0,"_bbp_reply_count_hidden":0,"_bbp_forum_subforum_count":0,"site-sidebar-layout":"default","site-content-layout":"","ast-site-content-layout":"","site-content-style":"default","site-sidebar-style":"default","ast-global-header-display":"","ast-banner-title-visibility":"","ast-main-header-display":"","ast-hfb-above-header-display":"","ast-hfb-below-header-display":"","ast-hfb-mobile-header-display":"","site-post-title":"","ast-breadcrumbs-content":"","ast-featured-img":"","footer-sml-layout":"","theme-transparent-header-meta":"","adv-header-id-meta":"","stick-header-meta":"","header-above-stick-meta":"","header-main-stick-meta":"","header-below-stick-meta":"","astra-migrate-meta-layouts":"default","ast-page-background-enabled":"default","ast-page-background-meta":{"desktop":{"background-color":"var(--ast-global-color-4)","background-image":"","background-repeat":"repeat","background-position":"center center","background-size":"auto","background-attachment":"scroll","background-type":"","background-media":"","overlay-type":"","overlay-color":"","overlay-opacity":"","overlay-gradient":""},"tablet":{"background-color":"","background-image":"","background-repeat":"repeat","background-position":"center center","background-size":"auto","background-attachment":"scroll","background-type":"","background-media":"","overlay-type":"","overlay-color":"","overlay-opacity":"","overlay-gradient":""},"mobile":{"background-color":"","background-image":"","background-repeat":"repeat","background-position":"center center","background-size":"auto","background-attachment":"scroll","background-type":"","background-media":"","overlay-type":"","overlay-color":"","overlay-opacity":"","overlay-gradient":""}},"ast-content-background-meta":{"desktop":{"background-color":"var(--ast-global-color-5)","background-image":"","background-repeat":"repeat","background-position":"center center","background-size":"auto","background-attachment":"scroll","background-type":"","background-media":"","overlay-type":"","overlay-color":"","overlay-opacity":"","overlay-gradient":""},"tablet":{"background-color":"var(--ast-global-color-5)","background-image":"","background-repeat":"repeat","background-position":"center center","background-size":"auto","background-attachment":"scroll","background-type":"","background-media":"","overlay-type":"","overlay-color":"","overlay-opacity":"","overlay-gradient":""},"mobile":{"background-color":"var(--ast-global-color-5)","background-image":"","background-repeat":"repeat","background-position":"center center","background-size":"auto","background-attachment":"scroll","background-type":"","background-media":"","overlay-type":"","overlay-color":"","overlay-opacity":"","overlay-gradient":""}},"footnotes":""},"categories":[83,1,111,104,29,109,110],"tags":[],"class_list":["post-10400","post","type-post","status-publish","format-standard","has-post-thumbnail","hentry","category-erasmus","category-general","category-mobilitat","category-mobilitat-internacional-fp","category-portada","category-alumnat","category-professorat"],"post_mailing_queue_ids":[],"_links":{"self":[{"href":"https:\/\/agora.xtec.cat\/ies-antoni-pous\/wp-json\/wp\/v2\/posts\/10400","targetHints":{"allow":["GET"]}}],"collection":[{"href":"https:\/\/agora.xtec.cat\/ies-antoni-pous\/wp-json\/wp\/v2\/posts"}],"about":[{"href":"https:\/\/agora.xtec.cat\/ies-antoni-pous\/wp-json\/wp\/v2\/types\/post"}],"author":[{"embeddable":true,"href":"https:\/\/agora.xtec.cat\/ies-antoni-pous\/wp-json\/wp\/v2\/users\/13"}],"replies":[{"embeddable":true,"href":"https:\/\/agora.xtec.cat\/ies-antoni-pous\/wp-json\/wp\/v2\/comments?post=10400"}],"version-history":[{"count":3,"href":"https:\/\/agora.xtec.cat\/ies-antoni-pous\/wp-json\/wp\/v2\/posts\/10400\/revisions"}],"predecessor-version":[{"id":10404,"href":"https:\/\/agora.xtec.cat\/ies-antoni-pous\/wp-json\/wp\/v2\/posts\/10400\/revisions\/10404"}],"wp:featuredmedia":[{"embeddable":true,"href":"https:\/\/agora.xtec.cat\/ies-antoni-pous\/wp-json\/wp\/v2\/media\/9740"}],"wp:attachment":[{"href":"https:\/\/agora.xtec.cat\/ies-antoni-pous\/wp-json\/wp\/v2\/media?parent=10400"}],"wp:term":[{"taxonomy":"category","embeddable":true,"href":"https:\/\/agora.xtec.cat\/ies-antoni-pous\/wp-json\/wp\/v2\/categories?post=10400"},{"taxonomy":"post_tag","embeddable":true,"href":"https:\/\/agora.xtec.cat\/ies-antoni-pous\/wp-json\/wp\/v2\/tags?post=10400"}],"curies":[{"name":"wp","href":"https:\/\/api.w.org\/{rel}","templated":true}]}}