{"id":83,"count":81,"description":"<a title=\"IMG-20150428-WA0024\" href=\"https:\/\/www.flickr.com\/photos\/127700851@N02\/17127335458\/\" data-flickr-embed=\"true\"><img src=\"https:\/\/c1.staticflickr.com\/8\/7657\/17127335458_56c07a7844_b.jpg\" alt=\"IMG-20150428-WA0024\" width=\"1024\" height=\"221\" \/><\/a>\r\n\r\n<script src=\"\/\/embedr.flickr.com\/assets\/client-code.js\" async=\"\" charset=\"utf-8\"><\/script>\r\n<h3><\/h3>\r\n<h3>Projectes internacionals Erasmus +<\/h3>\r\n\r\n<hr \/>\r\n\r\n<div><\/div>\r\n<div><\/div>\r\n<div>\r\n<ul>\r\n \t<li><a href=\"http:\/\/agora.xtec.cat\/ies-antoni-pous\/categoria\/speak-up\/\" target=\"_blank\" rel=\"noopener\">Mobilitat internacional (ESO)<\/a><\/li>\r\n<\/ul>\r\n<\/div>\r\n<div><\/div>\r\n<div>\r\n<ul>\r\n \t<li><a href=\"http:\/\/agora.xtec.cat\/ies-antoni-pous\/categoria\/mobilitat-internacional-fp\">Mobilitat internacional (FP)<\/a><\/li>\r\n<\/ul>\r\n<ul>\r\n \t<li><a href=\"http:\/\/agora.xtec.cat\/ies-antoni-pous\/categoria\/erasmus\/international-mobility\/\">International mobility (intermediate and advanced Vocational Education and Training)<\/a><\/li>\r\n<\/ul>\r\n<\/div>\r\n<div>\r\n<ul>\r\n \t<li><a href=\"http:\/\/agora.xtec.cat\/ies-antoni-pous\/categoria\/experiencies-de-mobilitat\">Experi\u00e8ncies de mobilitat<\/a><\/li>\r\n<\/ul>\r\n<\/div>\r\n<div><\/div>\r\n<ul>\r\n \t<li><a href=\"http:\/\/agora.xtec.cat\/ies-antoni-pous\/categoria\/politica-linguistica\">Pol\u00edtica ling\u00fc\u00edstica<\/a><\/li>\r\n<\/ul>","link":"https:\/\/agora.xtec.cat\/ies-antoni-pous\/categoria\/erasmus\/","name":"Erasmus","slug":"erasmus","taxonomy":"category","parent":0,"meta":[],"_links":{"self":[{"href":"https:\/\/agora.xtec.cat\/ies-antoni-pous\/wp-json\/wp\/v2\/categories\/83","targetHints":{"allow":["GET"]}}],"collection":[{"href":"https:\/\/agora.xtec.cat\/ies-antoni-pous\/wp-json\/wp\/v2\/categories"}],"about":[{"href":"https:\/\/agora.xtec.cat\/ies-antoni-pous\/wp-json\/wp\/v2\/taxonomies\/category"}],"wp:post_type":[{"href":"https:\/\/agora.xtec.cat\/ies-antoni-pous\/wp-json\/wp\/v2\/posts?categories=83"}],"curies":[{"name":"wp","href":"https:\/\/api.w.org\/{rel}","templated":true}]}}