{"id":30,"count":317,"description":"<h3><a href=\"http:\/\/agora.xtec.cat\/ies-antoni-pous\/wp-content\/uploads\/usu283\/2017\/04\/cicles.jpg\"><img class=\"alignnone wp-image-2296\" src=\"http:\/\/agora.xtec.cat\/ies-antoni-pous\/wp-content\/uploads\/usu283\/2017\/04\/cicles-1024x410.jpg\" alt=\"cicles\" width=\"1020\" height=\"409\" \/><\/a><\/h3>\r\n<h3>Cicle formatiu de grau mitj\u00e0<\/h3>\r\n\r\n<hr \/>\r\n\r\n<ul>\r\n \t<li><a href=\"https:\/\/agora.xtec.cat\/ies-antoni-pous\/estudis\/atencio-dependencia\/\">ATENCI\u00d3 A LES PERSONES EN SITUACI\u00d3 DE DEPEND\u00c8NCIA<\/a><\/li>\r\n<\/ul>\r\n<p style=\"text-align: justify;\">Aquests estudis capaciten per atendre les persones en situaci\u00f3 de depend\u00e8ncia, en l'\u00e0mbit domiciliari i institucional, a fi de mantenir i millorar la seva qualitat de vida, fent activitats assistencials, no sanit\u00e0ries, psicosocials i de suport a la gesti\u00f3 dom\u00e8stica, i aplicant mesures i normes de prevenci\u00f3 i seguretat i derivant-les a altres serveis quan calgui.<\/p>\r\n\r\n<ul>\r\n \t<li><a href=\"https:\/\/agora.xtec.cat\/ies-antoni-pous\/estudis\/activitats-fisicoesportives\/\">GUIA EN EL MEDI NATURAL I EL TEMPS DE\u00a0 LLEURE<\/a><\/li>\r\n<\/ul>\r\nAquests estudis capaciten a conduir clients\/usuaris en condicions de seguretat per senders o zones de muntanya a peu, en bicicleta o en cavall.\r\n<h3>Cicles formatius de grau superior<\/h3>\r\n\r\n<hr \/>\r\n\r\n<ul>\r\n \t<li><a href=\"https:\/\/agora.xtec.cat\/ies-antoni-pous\/estudis\/integracio-social\/\">INTEGRACI\u00d3 SOCIAL<\/a><\/li>\r\n<\/ul>\r\n<p style=\"text-align: justify;\">Aquests estudis postobligatoris capaciten per programar, organitzar, desenvolupar i avaluar activitats d'integraci\u00f3 social, valorar la informaci\u00f3 obtinguda en cada cas i determinar i aplicar les t\u00e8cniques m\u00e9s adequades per al desenvolupament de l'autonomia personal i la inserci\u00f3 ocupacional de la persona.<\/p>\r\n\r\n<ul>\r\n \t<li><a href=\"https:\/\/agora.xtec.cat\/ies-antoni-pous\/estudis\/eduacio-infantil\/\">EDUCACI\u00d3 INFANTIL<\/a><\/li>\r\n<\/ul>\r\n<p style=\"text-align: justify;\">Aquests estudis postobligatoris capaciten dissenyar, posar en marxa i avaluar projectes i programes educatius d'atenci\u00f3 a la inf\u00e0ncia en el primer cicle d'educaci\u00f3 infantil en l'\u00e0mbit formal, d'acord amb la proposta pedag\u00f2gica elaborada per un mestre o mestra.<\/p>\r\n\r\n<ul>\r\n \t<li><a href=\"https:\/\/agora.xtec.cat\/ies-antoni-pous\/estudis\/cicle-formatiu-de-grau-superior-en-ensenyament-i-animacio-socioesportiva\/\" target=\"_blank\" rel=\"noopener noreferrer\">ENSNYAMENT I ANIMACI\u00d3 ESPORTIVA<\/a><\/li>\r\n<\/ul>\r\n<span style=\"font-weight: 400;\">Aprendr\u00e0s a elaborar, gestionar i avaluar projectes d\u2019animaci\u00f3 f\u00edsic-recreatius per a tot tipus d\u2019usuaris, i dirigint les activitats d\u2019ensenyament aprenentatge i de temps de lleure, de forma inclusiva i respectant el medi, tot garantint la seguretat<\/span>\r\n<h3>ITINERARIS FORMATIUS ESPEC\u00cdFICS<\/h3>\r\n\r\n<hr \/>\r\n\r\n<ul>\r\n \t<li><a href=\"https:\/\/agora.xtec.cat\/ies-antoni-pous\/estudis\/ife-en-manteniment-dinstallacions-esportives\/\">IFE (Manteniment d'instal\u00b7lacions esportives)<\/a><\/li>\r\n<\/ul>\r\nEls itineraris formatius espec\u00edfics s\u00f3n estudis postobligatoris adre\u00e7ats a alumnes amb necessitats educatives especials. La finalitat \u00e9s incrementar l'autonomia personal i assolir les compet\u00e8ncies professionals necess\u00e0ries per a la transici\u00f3 a la vida adulta i la inclusi\u00f3 social i laboral.\r\n<h3>PROGRAMA DE FORMACI\u00d3 I INSERCI\u00d3<\/h3>\r\n\r\n<hr \/>\r\n\r\n<ul>\r\n \t<li><a href=\"https:\/\/agora.xtec.cat\/ies-antoni-pous\/estudis\/pfi-ptt-manlleu\/\" target=\"_blank\" rel=\"noopener noreferrer\">PFI-PTT MANLLEU<\/a><\/li>\r\n<\/ul>\r\nS\u00f3n programes adre\u00e7ats a joves (d'entre 16 i 21 anys d'edat) que no han obtingut el Graduat en Educaci\u00f3 Secund\u00e0ria Obligat\u00f2ria (ESO) que tenen una finalitat formativa i professionalitzadora en un perfil professional Concret.\r\n\r\n&nbsp;","link":"https:\/\/agora.xtec.cat\/ies-antoni-pous\/categoria\/estudis\/cicles-formatius\/","name":"Cicles Formatius","slug":"cicles-formatius","taxonomy":"category","parent":112,"meta":[],"_links":{"self":[{"href":"https:\/\/agora.xtec.cat\/ies-antoni-pous\/wp-json\/wp\/v2\/categories\/30","targetHints":{"allow":["GET"]}}],"collection":[{"href":"https:\/\/agora.xtec.cat\/ies-antoni-pous\/wp-json\/wp\/v2\/categories"}],"about":[{"href":"https:\/\/agora.xtec.cat\/ies-antoni-pous\/wp-json\/wp\/v2\/taxonomies\/category"}],"up":[{"embeddable":true,"href":"https:\/\/agora.xtec.cat\/ies-antoni-pous\/wp-json\/wp\/v2\/categories\/112"}],"wp:post_type":[{"href":"https:\/\/agora.xtec.cat\/ies-antoni-pous\/wp-json\/wp\/v2\/posts?categories=30"}],"curies":[{"name":"wp","href":"https:\/\/api.w.org\/{rel}","templated":true}]}}