{"id":120,"count":4,"description":"<h4>Projecte Erasmus+ \u00abSPEAK-UP!\u00bb<\/h4>\r\n<strong>Presentaci\u00f3<\/strong>\r\n\r\nEl nostre centre t\u00e9 una marcada tradici\u00f3 en projectes internacionals.\r\nEn els darrers anys s\u2019han portat a terme projectes com ara Highway to Health, green.if.i. o All In. Tots amb un impacte molt positiu en el centre.\r\nDes de fa anys es porta a terme un intercanvi amb B\u00e8lgica a 1 r de BAT.\r\nL\u2019Institut \u00e9s un centre Erasmus acreditat fins l\u2019any 2027 i amb aix\u00f2 es garanteix la participaci\u00f3 en projectes europeus en tot aquest per\u00edode.\r\nDurant el curs 2023-24 tamb\u00e9 som centre eTwinning \u2013 una plataforma de treball a nivell europeu.\r\nDurant aquest curs es porta a terme un projecte Erasmus anomenat Speak up! a 2 n d\u2019ESO. Es treballen aspectes relacionats amb les lleng\u00fces i l\u2019aprenentatge de l\u2019angl\u00e8s.\r\n\r\n<a href=\"https:\/\/agora.xtec.cat\/ies-antoni-pous\/wp-content\/uploads\/usu283\/2023\/09\/1686411764856a.jpg\"><img class=\"aligncenter size-full wp-image-14498\" src=\"https:\/\/agora.xtec.cat\/ies-antoni-pous\/wp-content\/uploads\/usu283\/2023\/09\/1686411764856a.jpg\" alt=\"speak UP!\" width=\"417\" height=\"209\" \/><\/a>\r\n\r\n<a href=\"https:\/\/agora.xtec.cat\/ies-antoni-pous\/wp-content\/uploads\/usu283\/2023\/09\/erasmus-scaled.jpg\"><img class=\"aligncenter size-large wp-image-14499\" src=\"https:\/\/agora.xtec.cat\/ies-antoni-pous\/wp-content\/uploads\/usu283\/2023\/09\/erasmus-1024x773.jpg\" alt=\"\" width=\"1024\" height=\"773\" \/><\/a>\r\n\r\n&nbsp;\r\n\r\n&nbsp;\r\n<p style=\"text-align: center;\"><\/p>","link":"https:\/\/agora.xtec.cat\/ies-antoni-pous\/categoria\/erasmus\/speak-up\/","name":"Speak up!","slug":"speak-up","taxonomy":"category","parent":83,"meta":[],"_links":{"self":[{"href":"https:\/\/agora.xtec.cat\/ies-antoni-pous\/wp-json\/wp\/v2\/categories\/120","targetHints":{"allow":["GET"]}}],"collection":[{"href":"https:\/\/agora.xtec.cat\/ies-antoni-pous\/wp-json\/wp\/v2\/categories"}],"about":[{"href":"https:\/\/agora.xtec.cat\/ies-antoni-pous\/wp-json\/wp\/v2\/taxonomies\/category"}],"up":[{"embeddable":true,"href":"https:\/\/agora.xtec.cat\/ies-antoni-pous\/wp-json\/wp\/v2\/categories\/83"}],"wp:post_type":[{"href":"https:\/\/agora.xtec.cat\/ies-antoni-pous\/wp-json\/wp\/v2\/posts?categories=120"}],"curies":[{"name":"wp","href":"https:\/\/api.w.org\/{rel}","templated":true}]}}