{"id":110,"count":29,"description":"<strong>Projectes PROFESSORAT<\/strong>\r\n\r\n<hr \/>\r\n\r\n<span style=\"font-weight: 400;\">El nostre centre est\u00e0 interessat en promocionar la mobilitat internacional del nostre personal. Cerca possibles projectes interessants per la internacionalitzaci\u00f3 i millora de la qualitat de les pr\u00e0ctiques educatives que oferim. S\u2019ofereix la possibilitat de realitzar estades en empreses o centres educatius afins als interessos corresponents.<\/span>\r\n\r\n<span style=\"font-weight: 400;\">S\u2019informar\u00e0 al personal sobre la convocat\u00f2ria dels diferents projectes mitjan\u00e7ant el correu electr\u00f2nic, informaci\u00f3 a la p\u00e0gina web de l\u2019institut i en reunions de departaments i\/o d\u2019equips docents. La descripci\u00f3 de les caracter\u00edstiques, el proc\u00e9s i els requisits per a la realitzaci\u00f3 de les mobilitats quedaran recollides en les bases de cada convocat\u00f2ria.<\/span>\r\n\r\n<span style=\"font-weight: 400;\">Per tal que el professorat es pugui presentar a la convocat\u00f2ria es requereix:<\/span>\r\n<ul>\r\n \t<li style=\"font-weight: 400;\" aria-level=\"1\"><span style=\"font-weight: 400;\">El professor\/a presenti certes garanties d\u2019estabilitat en el centre (funcionarat o interinitat)<\/span><\/li>\r\n \t<li style=\"font-weight: 400;\" aria-level=\"1\"><span style=\"font-weight: 400;\">El professor\/a haur\u00e0 de respondre la <\/span><a href=\"https:\/\/docs.google.com\/forms\/d\/e\/1FAIpQLSf5vdAzQIMDs9VmS7RXvw6Gsrf1fboNBJsCHFXXgAOqmz2r1A\/viewform?usp=header\"><span style=\"font-weight: 400;\">sol\u00b7licitud per participar en la convocat\u00f2ria corresponent<\/span><\/a><a href=\"https:\/\/forms.gle\/HZ18uNKHjGmQZjHm8\"><span style=\"font-weight: 400;\">.<\/span><\/a><span style=\"font-weight: 400;\">(clicar sobre l\u2019enlla\u00e7).<\/span><\/li>\r\n \t<li style=\"font-weight: 400;\" aria-level=\"1\"><span style=\"font-weight: 400;\">Es valorar\u00e0:<\/span>\r\n<ul>\r\n \t<li style=\"font-weight: 400;\" aria-level=\"2\"><span style=\"font-weight: 400;\">El <\/span><a href=\"http:\/\/xtec.gencat.cat\/ca\/curriculum\/idiomes\/certificats\"><span style=\"font-weight: 400;\">nivell ling\u00fc\u00edstic<\/span><\/a><span style=\"font-weight: 400;\"> en relaci\u00f3 a l\u2019idioma requerit per la convocat\u00f2ria en q\u00fcesti\u00f3: llengua del pa\u00eds o en darrer cas, de l\u2019angl\u00e8s\u00a0 (m\u00e0xim 5 punts).<\/span>\r\n<ul>\r\n \t<li style=\"font-weight: 400;\" aria-level=\"3\"><span style=\"font-weight: 400;\">B1 = 2 punts; B2 = 3 punts; C1 = 4 punts; C2 = 5 punts<\/span><\/li>\r\n<\/ul>\r\n<\/li>\r\n \t<li style=\"font-weight: 400;\" aria-level=\"2\"><span style=\"font-weight: 400;\">El nombre d\u2019hores en qu\u00e8 el professor\/a canditat\/a imparteixi classes en el cicle directament relacionat amb la convocat\u00f2ria (m\u00e0xim 2 punts).<\/span>\r\n<ul>\r\n \t<li style=\"font-weight: 400;\" aria-level=\"3\"><span style=\"font-weight: 400;\">&gt; 50% hores de la seva dedicaci\u00f3 lectiva = 1 punt; &gt; 75% hores de la seva dedicaci\u00f3 lectiva = 2 punts.<\/span><\/li>\r\n<\/ul>\r\n<\/li>\r\n \t<li style=\"font-weight: 400;\" aria-level=\"2\"><span style=\"font-weight: 400;\">Experi\u00e8ncia professional: <\/span><a href=\"http:\/\/europass.cedefop.europa.eu\/\"><span style=\"font-weight: 400;\">curr\u00edculim EUROPASS<\/span><\/a><span style=\"font-weight: 400;\">. (m\u00e0xim 1 punt)<\/span><\/li>\r\n \t<li style=\"font-weight: 400;\" aria-level=\"2\"><span style=\"font-weight: 400;\">Disposar de certificat que reconegui necessitats especials de suport: s\u2019afegeix 0,5 punts a la puntuaci\u00f3 total.<\/span><\/li>\r\n \t<li style=\"font-weight: 400;\" aria-level=\"2\"><span style=\"font-weight: 400;\">Una carta de motivaci\u00f3 presentada pel professor\/a (m\u00e0xim 2 punts): descripci\u00f3 sobre qu\u00e8 s\u2019espera aconseguir mitjan\u00e7ant la seva participaci\u00f3 en el projecte de mobilitat en q\u00fcesti\u00f3; descripci\u00f3 sobre com es pensa incorporar els aprenentatges adquirits durant la mobilitat en l\u2019activitat docent del nostre centre.<\/span><\/li>\r\n<\/ul>\r\n<\/li>\r\n<\/ul>\r\n<span style=\"font-weight: 400;\">Les candidatures seran valorades pel coordinador\/a de mobilitat internacional FP, el coodinador\/a de FP i el\/la cap d\u2019estudis en funci\u00f3 dels barems abans exposats. Per tal de poder ser un candidat a fer mobilitat cal haver tret una puntuaci\u00f3 m\u00ednima en els seg\u00fcents apartats:<\/span>\r\n<ul>\r\n \t<li style=\"font-weight: 400;\" aria-level=\"1\"><span style=\"font-weight: 400;\">Nivell ling\u00fc\u00edstic: m\u00ednim 2 punts<\/span><\/li>\r\n \t<li style=\"font-weight: 400;\" aria-level=\"1\"><span style=\"font-weight: 400;\">Nombre d\u2019hores en el cicle relacionat amb el projecte: m\u00ednim 1 punt<\/span><\/li>\r\n \t<li style=\"font-weight: 400;\" aria-level=\"1\"><span style=\"font-weight: 400;\">Experi\u00e8ncia professional: no hi ha puntuaci\u00f3 m\u00ednima.<\/span><\/li>\r\n \t<li style=\"font-weight: 400;\" aria-level=\"1\"><span style=\"font-weight: 400;\">Carta motivaci\u00f3: m\u00ednim 1 punt<\/span><\/li>\r\n<\/ul>\r\n<span style=\"font-weight: 400;\">Les places s\u2019assignaran per ordre de puntuaci\u00f3, depenent de la disponibilitat. Es publicaran els DNI dels candidats\/es al taul\u00f3 d\u2019anuncis i a la p\u00e0gina web. Es podran presentar reclamacions a la resoluci\u00f3 els 3 dies seg\u00fcents a la seva publicaci\u00f3 a trav\u00e9s de la seg\u00fcent <\/span><a href=\"https:\/\/drive.google.com\/file\/d\/17NLOGLwExQcagfGqHATNNSuWOoNG6UC6\/view?usp=sharing\"><span style=\"font-weight: 400;\">inst\u00e0ncia<\/span><\/a><span style=\"font-weight: 400;\">. Un cop s\u2019hagi descarregat, omplert i signat cal fer arribar al coordinador\/a de mobilitat internacional FP en persona o escanejant el document omplert i signat i enviant-lo a fp.mobilitat@insantonipous.cat. Finalment, es publicar\u00e0 la llista definitiva dels candidats\/es (DNI) al taul\u00f3 d\u2019anuncis i a la p\u00e0gina web, indicant la puntuaci\u00f3 baremada. Als candidat\/es seleccionat\/des se\u2019ls enviar\u00e0 a m\u00e9s a m\u00e9s un correu electr\u00f2nic.<\/span>\r\n\r\n<span style=\"font-weight: 400;\">Un cop el professorat hagi estat seleccionat, se li lliurar\u00e0 el document de <\/span><a href=\"https:\/\/drive.google.com\/file\/d\/0B8MiQ9_tmCCMMWRpalNYMXBoNUk\/view?usp=sharing\"><span style=\"font-weight: 400;\">comprom\u00eds de participaci\u00f3<\/span><\/a><span style=\"font-weight: 400;\">. L\u2019haur\u00e0 d\u2019omplir, signar i entregar al coordinador de mobilitat internacional FP en persona o escanejant el document (omplert i signat i enviant-lo a fp.mobilitat@insantonipous.cat)..<\/span>\r\n\r\n<span style=\"font-weight: 400;\">El professorat comptar\u00e0 amb suports per part del centre per la seva preparaci\u00f3 cultural i ling\u00fc\u00edstica.<\/span>","link":"https:\/\/agora.xtec.cat\/ies-antoni-pous\/categoria\/erasmus\/mobilitat-internacional-fp\/professorat\/","name":"Projectes PROFESSORAT","slug":"professorat","taxonomy":"category","parent":104,"meta":[],"_links":{"self":[{"href":"https:\/\/agora.xtec.cat\/ies-antoni-pous\/wp-json\/wp\/v2\/categories\/110","targetHints":{"allow":["GET"]}}],"collection":[{"href":"https:\/\/agora.xtec.cat\/ies-antoni-pous\/wp-json\/wp\/v2\/categories"}],"about":[{"href":"https:\/\/agora.xtec.cat\/ies-antoni-pous\/wp-json\/wp\/v2\/taxonomies\/category"}],"up":[{"embeddable":true,"href":"https:\/\/agora.xtec.cat\/ies-antoni-pous\/wp-json\/wp\/v2\/categories\/104"}],"wp:post_type":[{"href":"https:\/\/agora.xtec.cat\/ies-antoni-pous\/wp-json\/wp\/v2\/posts?categories=110"}],"curies":[{"name":"wp","href":"https:\/\/api.w.org\/{rel}","templated":true}]}}