{"id":105,"count":8,"description":"<h4 style=\"text-align: left;\">Projecte Erasmus+ \u00abMy Everest Your Molehill\u00bb<\/h4>\r\n<strong>Presentaci\u00f3<\/strong>\r\n\r\n<hr \/>\r\n<p style=\"text-align: justify;\">El projecte europeu \u00abMy Everest Your Molehill\u00bb (el meu Everest \u00e9s el teu petit turonet) involucra a sis centres de sis pa\u00efsos diferents. A m\u00e9s del nostre institut hi a escoles d'Alemanya, \u00c0ustria, B\u00e8lgica, Hongria i Turquia. Els alumnes de 2n d'ESO de tots aquests centres s\u00f3n els que portaran el projecte a la pr\u00e0ctica. L'objectiu del projecte \u00e9s fomentar l'aprenentatge entre els diversos centres, donant a con\u00e8ixer els punts forts de cada escola per anar transformant els nostres Everests en petits turons. D'aquesta manera s'intentar\u00e0 millorar els processos d'aprenentatge en cada centre i les compet\u00e8ncies dels alumnes participants. La durada del projecte \u00e9s de dos cursos acad\u00e8mics 2015-16 i 2016-17. Un grup de professors i alumnes faran visites i activitats a cada centre \u2013 tres despla\u00e7aments cada any. El nostre institut \u00e9s el coordinador del projecte i per aix\u00f2 organitzarem la primera reuni\u00f3 del projecte on mostrarem diversos aspectes de les noves tecnologies a l'ensenyament. Totes les activitats del projecte es podran consultar en <a href=\"http:\/\/meym1517.blogspot.com.es\/\">aquest bloc<\/a> i en aquesta p\u00e0gina del portal <a href=\"https:\/\/twinspace.etwinning.net\/10000\/home\">eTwinning<\/a>.<\/p>\r\n<a href=\"http:\/\/agora.xtec.cat\/ies-antoni-pous\/wp-content\/uploads\/usu283\/2017\/04\/Erasmus.png\"><img class=\"size-full wp-image-2179 aligncenter\" src=\"http:\/\/agora.xtec.cat\/ies-antoni-pous\/wp-content\/uploads\/usu283\/2017\/04\/Erasmus.png\" alt=\"Erasmus\" width=\"660\" height=\"315\" \/><\/a>\r\n<p style=\"text-align: center;\"><iframe src=\"https:\/\/www.youtube.com\/embed\/7zjPurejPkw\" width=\"660\" height=\"315\" frameborder=\"0\" allowfullscreen=\"allowfullscreen\"><\/iframe><\/p>","link":"https:\/\/agora.xtec.cat\/ies-antoni-pous\/categoria\/erasmus\/mobilitat-internacional-eso-i-batx\/","name":"Mobilitat internacional (ESO)","slug":"mobilitat-internacional-eso-i-batx","taxonomy":"category","parent":83,"meta":[],"_links":{"self":[{"href":"https:\/\/agora.xtec.cat\/ies-antoni-pous\/wp-json\/wp\/v2\/categories\/105","targetHints":{"allow":["GET"]}}],"collection":[{"href":"https:\/\/agora.xtec.cat\/ies-antoni-pous\/wp-json\/wp\/v2\/categories"}],"about":[{"href":"https:\/\/agora.xtec.cat\/ies-antoni-pous\/wp-json\/wp\/v2\/taxonomies\/category"}],"up":[{"embeddable":true,"href":"https:\/\/agora.xtec.cat\/ies-antoni-pous\/wp-json\/wp\/v2\/categories\/83"}],"wp:post_type":[{"href":"https:\/\/agora.xtec.cat\/ies-antoni-pous\/wp-json\/wp\/v2\/posts?categories=105"}],"curies":[{"name":"wp","href":"https:\/\/api.w.org\/{rel}","templated":true}]}}