{"id":7950,"date":"2023-10-24T11:20:52","date_gmt":"2023-10-24T09:20:52","guid":{"rendered":"https:\/\/agora.xtec.cat\/ies-alexandre-de-riquer\/?p=7950"},"modified":"2025-07-20T12:22:15","modified_gmt":"2025-07-20T10:22:15","slug":"setmana-bio","status":"publish","type":"post","link":"https:\/\/agora.xtec.cat\/ies-alexandre-de-riquer\/general\/setmana-bio\/","title":{"rendered":"Setmana Bio"},"content":{"rendered":"<p><a href=\"https:\/\/agora.xtec.cat\/ies-alexandre-de-riquer\/wp-content\/uploads\/usu862\/2023\/10\/cartells-1.jpg\"><img loading=\"lazy\" decoding=\"async\" class=\"alignnone size-full wp-image-7961\" src=\"https:\/\/agora.xtec.cat\/ies-alexandre-de-riquer\/wp-content\/uploads\/usu862\/2023\/10\/cartells-1.jpg\" alt=\"\" width=\"777\" height=\"1024\" srcset=\"https:\/\/agora.xtec.cat\/ies-alexandre-de-riquer\/wp-content\/uploads\/usu862\/2023\/10\/cartells-1.jpg 777w, https:\/\/agora.xtec.cat\/ies-alexandre-de-riquer\/wp-content\/uploads\/usu862\/2023\/10\/cartells-1-228x300.jpg 228w, https:\/\/agora.xtec.cat\/ies-alexandre-de-riquer\/wp-content\/uploads\/usu862\/2023\/10\/cartells-1-768x1012.jpg 768w\" sizes=\"auto, (max-width: 777px) 100vw, 777px\" \/><\/a><\/p>\n<p>Aquesta setmana hem celebrat la Setmana Bio a l&#8217;institut i hem redactat un article conjunt per explicar les diferents activitats on vam participar.<\/p>\n<p><span style=\"font-weight: 400;\">En el marc de la setmana bio, els alumnes de 3r d&#8217;ESO han participat en una xerrada sobre la producci\u00f3 agr\u00e0ria ecol\u00f2gica, duta a terme per l&#8217;\u00c0ngel, de l&#8217;escola agr\u00e0ria de Manresa. \ud83d\ude9c\u00a0<\/span><\/p>\n<p><span style=\"font-weight: 400;\">La xerrada ha estat molt participativa i ens ha fet reflexionar sobre els actuals models de producci\u00f3 agr\u00e0ria, i la necessitat d&#8217;un canvi cap a un model m\u00e9s ecol\u00f2gic. \ud83c\udf31 (Gerard)<\/span><\/p>\n<p><span style=\"font-weight: 400;\">L\u2019alumnat de 1r de Batxillerat, comptant amb el suport de l\u2019equip Erasmus+, ha organitzat una demostraci\u00f3 de receptes saludables. A les classes d\u2019angl\u00e8s van idear i redactar les receptes, centrades en esmorzars sans i de km0, i al llarg de la Setmana Bio les han posat en pr\u00e0ctica. Durant el primer pati han ensenyat a la resta d\u2019alumnat com preparar aquestes receptes, explicant els ingredients i deixant tastar-la a qui ho desitgi. \ud83e\uddd1\u200d\ud83c\udf73<\/span><\/p>\n<p><span style=\"font-weight: 400;\">Ens ha ajudat a triar de manera conscient el nostre esmorzar, aprenent que tenim moltes opcions sanes i respectuoses, deixar el \u201cjunk food\u201d i intentar millorar el nostre estil de vida.\ud83c\udf53\ud83c\udf47\ud83c\udf4c (Elisabet)<\/span><\/p>\n<p><span style=\"font-weight: 400;\">L\u2019alumnat de 1r i 2n d\u2019ESO ha rebut la visita de la Jana del col\u00b7lectiu Eixarcolant que els ha preparat un taller de cuina amb plantes silvestres. En aquest taller els alumnes han descobert i tastat algunes plantes silvestres que podem trobar al nostre entorn i que s\u00f3n comestibles. Despr\u00e9s cada alumne s\u2019ha preparat una crep d\u2019ortigues i la farcit amb un hummus enriquit amb plantes silvestres com l\u2019<\/span><i><span style=\"font-weight: 400;\">Oxalis vallicola <\/span><\/i><span style=\"font-weight: 400;\">o el corn de c\u00e9rvol. Ha estat un taller molt divertit i sorprenent, i ens emportem moltes idees per enriquir les nostres receptes! (N\u00faria)<\/span><\/p>\n<p><span style=\"font-weight: 400;\">L\u2019alumnat de 4t d\u2019ESO ha visitat la granja de producci\u00f3 ecol\u00f2gica Xais Serrat d\u2019Argen\u00e7ola.\u00a0<\/span><span style=\"font-weight: 400;\">Han pogut con\u00e8ixer el ramat, quins animals crien, qu\u00e8 mengen, com s\u00f3n i com es comporten.\u00a0<\/span><\/p>\n<p><span style=\"font-weight: 400;\">Des de la pastura, passant per l\u2019engreix fins que els xais s\u00f3n adults i aptes per la comercialitzaci\u00f3, els nois i noies han viscut de primera m\u00e0 la vida di\u00e0ria en una granja i els reptes que planteja aquest estil de vida. Tamb\u00e9 han gaudit d\u2019una exhibici\u00f3 del gos d\u2019atura quan una ovella s\u2019ha escapat del ramat. (Imma)<\/span><\/p>\n<p><span style=\"font-weight: 400;\">L\u2019alumnat de 2n de BAT han ajudat a l\u2019alumnat de 2n d\u2019ESO a fer un hort casol\u00e0 tot reciclant amb una caixa de pl\u00e0stic. La idea la van treure d\u2019un taller que van fer el curs passat en el projecte Erasmus a Alemanya on es treballava l\u2019impacte negatiu del canvi clim\u00e0tic. Aquesta setmana tamb\u00e9 els ajudaran a plantar dos enciams, una col i espinacs per ensenyar-los que cultivar a casa per potenciar l\u2019autoabastiment \u00e9s possible i necessari per canviar la din\u00e0mica insostenible de la ind\u00fastria aliment\u00e0ria actual. (Eva)<\/span><\/p>\n<p>Moltes gr\u00e0cies a tothom per la vostra col\u00b7laboraci\u00f3!<\/p>\n\r\n\t<div class=\"slideshow_container slideshow_container_style-light\" style=\"height: 600px; \" data-slideshow-id=\"7952\" data-style-name=\"style-light\" data-style-version=\"2.3.1\" >\r\n\r\n\t\t\t\t\t<div class=\"slideshow_loading_icon\"><\/div>\r\n\t\t\r\n\t\t<div class=\"slideshow_content\" style=\"display: none;\">\r\n\r\n\t\t\t<div class=\"slideshow_view\">\r\n\t\t\t\t<div class=\"slideshow_slide slideshow_slide_image\">\r\n\t\t\t\t\t\t\t\t\t\t\t<img src=\"https:\/\/agora.xtec.cat\/ies-alexandre-de-riquer\/wp-content\/uploads\/usu862\/2023\/10\/1697798906582-1.jpg\" alt=\"1697798906582 (1)\" width=\"1024\" height=\"771\" \/>\r\n\t\t\t\t\t\t\t\t\t\t<div class=\"slideshow_description_box slideshow_transparent\">\r\n\t\t\t\t\t\t<div class=\"slideshow_title\">1697798906582 (1)<\/div>\t\t\t\t\t\t\t\t\t\t\t<\/div>\r\n\t\t\t\t<\/div>\r\n\r\n\t\t\t\t\t\t<div style=\"clear: both;\"><\/div><\/div><div class=\"slideshow_view\">\r\n\t\t\t\t<div class=\"slideshow_slide slideshow_slide_image\">\r\n\t\t\t\t\t\t\t\t\t\t\t<img src=\"https:\/\/agora.xtec.cat\/ies-alexandre-de-riquer\/wp-content\/uploads\/usu862\/2023\/10\/cartells-1.jpg\" alt=\"cartells (1)\" width=\"777\" height=\"1024\" \/>\r\n\t\t\t\t\t\t\t\t\t\t<div class=\"slideshow_description_box slideshow_transparent\">\r\n\t\t\t\t\t\t<div class=\"slideshow_title\">cartells (1)<\/div>\t\t\t\t\t\t\t\t\t\t\t<\/div>\r\n\t\t\t\t<\/div>\r\n\r\n\t\t\t\t\t\t<div style=\"clear: both;\"><\/div><\/div><div class=\"slideshow_view\">\r\n\t\t\t\t<div class=\"slideshow_slide slideshow_slide_image\">\r\n\t\t\t\t\t\t\t\t\t\t\t<img src=\"https:\/\/agora.xtec.cat\/ies-alexandre-de-riquer\/wp-content\/uploads\/usu862\/2023\/10\/receptes-1.jpg\" alt=\"receptes (1)\" width=\"771\" height=\"1024\" \/>\r\n\t\t\t\t\t\t\t\t\t\t<div class=\"slideshow_description_box slideshow_transparent\">\r\n\t\t\t\t\t\t<div class=\"slideshow_title\">receptes (1)<\/div>\t\t\t\t\t\t\t\t\t\t\t<\/div>\r\n\t\t\t\t<\/div>\r\n\r\n\t\t\t\t\t\t<div style=\"clear: both;\"><\/div><\/div><div class=\"slideshow_view\">\r\n\t\t\t\t<div class=\"slideshow_slide slideshow_slide_image\">\r\n\t\t\t\t\t\t\t\t\t\t\t<img src=\"https:\/\/agora.xtec.cat\/ies-alexandre-de-riquer\/wp-content\/uploads\/usu862\/2023\/10\/taller-cuina-1r-1.jpg\" alt=\"taller cuina 1r (1)\" width=\"1360\" height=\"1024\" \/>\r\n\t\t\t\t\t\t\t\t\t\t<div class=\"slideshow_description_box slideshow_transparent\">\r\n\t\t\t\t\t\t<div class=\"slideshow_title\">taller cuina 1r (1)<\/div>\t\t\t\t\t\t\t\t\t\t\t<\/div>\r\n\t\t\t\t<\/div>\r\n\r\n\t\t\t\t\t\t<div style=\"clear: both;\"><\/div><\/div><div class=\"slideshow_view\">\r\n\t\t\t\t<div class=\"slideshow_slide slideshow_slide_image\">\r\n\t\t\t\t\t\t\t\t\t\t\t<img src=\"https:\/\/agora.xtec.cat\/ies-alexandre-de-riquer\/wp-content\/uploads\/usu862\/2023\/10\/xerrada-1.jpg\" alt=\"xerrada (1)\" width=\"1024\" height=\"772\" \/>\r\n\t\t\t\t\t\t\t\t\t\t<div class=\"slideshow_description_box slideshow_transparent\">\r\n\t\t\t\t\t\t<div class=\"slideshow_title\">xerrada (1)<\/div>\t\t\t\t\t\t\t\t\t\t\t<\/div>\r\n\t\t\t\t<\/div>\r\n\r\n\t\t\t\t\t\t<div style=\"clear: both;\"><\/div><\/div><div class=\"slideshow_view\">\r\n\t\t\t\t<div class=\"slideshow_slide slideshow_slide_image\">\r\n\t\t\t\t\t\t\t\t\t\t\t<img src=\"https:\/\/agora.xtec.cat\/ies-alexandre-de-riquer\/wp-content\/uploads\/usu862\/2023\/10\/taller-eixarcolant-.jpg\" alt=\"taller eixarcolant\" width=\"1536\" height=\"1269\" \/>\r\n\t\t\t\t\t\t\t\t\t\t<div class=\"slideshow_description_box slideshow_transparent\">\r\n\t\t\t\t\t\t<div class=\"slideshow_title\">taller eixarcolant<\/div>\t\t\t\t\t\t\t\t\t\t\t<\/div>\r\n\t\t\t\t<\/div>\r\n\r\n\t\t\t\t\t\t<div style=\"clear: both;\"><\/div><\/div><div class=\"slideshow_view\">\r\n\t\t\t\t<div class=\"slideshow_slide slideshow_slide_image\">\r\n\t\t\t\t\t\t\t\t\t\t\t<img src=\"https:\/\/agora.xtec.cat\/ies-alexandre-de-riquer\/wp-content\/uploads\/usu862\/2023\/10\/taller-caixes-hort-.jpg\" alt=\"taller caixes hort\" width=\"1536\" height=\"1026\" \/>\r\n\t\t\t\t\t\t\t\t\t\t<div class=\"slideshow_description_box slideshow_transparent\">\r\n\t\t\t\t\t\t<div class=\"slideshow_title\">taller caixes hort<\/div>\t\t\t\t\t\t\t\t\t\t\t<\/div>\r\n\t\t\t\t<\/div>\r\n\r\n\t\t\t\t\t\t<div style=\"clear: both;\"><\/div><\/div><div class=\"slideshow_view\">\r\n\t\t\t\t<div class=\"slideshow_slide slideshow_slide_image\">\r\n\t\t\t\t\t\t\t\t\t\t\t<img src=\"https:\/\/agora.xtec.cat\/ies-alexandre-de-riquer\/wp-content\/uploads\/usu862\/2023\/10\/ramadera.jpg\" alt=\"ramadera\" width=\"1500\" height=\"845\" \/>\r\n\t\t\t\t\t\t\t\t\t\t<div class=\"slideshow_description_box slideshow_transparent\">\r\n\t\t\t\t\t\t<div class=\"slideshow_title\">ramadera<\/div>\t\t\t\t\t\t\t\t\t\t\t<\/div>\r\n\t\t\t\t<\/div>\r\n\r\n\t\t\t\t\t\t<div style=\"clear: both;\"><\/div><\/div>\r\n\t\t<\/div>\r\n\r\n\t\t<div class=\"slideshow_controlPanel slideshow_transparent\" style=\"display: none;\"><ul><li class=\"slideshow_togglePlay\" data-play-text=\"Visualitza\" data-pause-text=\"Pausa\"><\/li><\/ul><\/div>\r\n\r\n\t\t<div class=\"slideshow_button slideshow_previous slideshow_transparent\" role=\"button\" data-previous-text=\"Anterior\" style=\"display: none;\"><\/div>\r\n\t\t<div class=\"slideshow_button slideshow_next slideshow_transparent\" role=\"button\" data-next-text=\"Seg\u00fcent\" style=\"display: none;\"><\/div>\r\n\r\n\t\t<div class=\"slideshow_pagination\" style=\"display: none;\" data-go-to-text=\"V\u00e9s a la diapositiva\"><div class=\"slideshow_pagination_center\"><\/div><\/div>\r\n\r\n\t\t<!-- WordPress Slideshow Version 2.3.1 -->\r\n\r\n\t\t\t<\/div>\r\n\r\n\n","protected":false},"excerpt":{"rendered":"<p>Aquesta setmana hem celebrat la Setmana Bio a l&#8217;institut i hem redactat un article conjunt per explicar les diferents activitats on vam participar. En el marc de la setmana bio, els alumnes de 3r d&#8217;ESO han participat en una xerrada sobre la producci\u00f3 agr\u00e0ria ecol\u00f2gica, duta a terme per l&#8217;\u00c0ngel, de l&#8217;escola agr\u00e0ria de Manresa. [&hellip;]<\/p>\n","protected":false},"author":136,"featured_media":7961,"comment_status":"open","ping_status":"closed","sticky":false,"template":"","format":"standard","meta":{"_bbp_topic_count":0,"_bbp_reply_count":0,"_bbp_total_topic_count":0,"_bbp_total_reply_count":0,"_bbp_voice_count":0,"_bbp_anonymous_reply_count":0,"_bbp_topic_count_hidden":0,"_bbp_reply_count_hidden":0,"_bbp_forum_subforum_count":0,"site-sidebar-layout":"default","site-content-layout":"","ast-site-content-layout":"default","site-content-style":"default","site-sidebar-style":"default","ast-global-header-display":"","ast-banner-title-visibility":"","ast-main-header-display":"","ast-hfb-above-header-display":"","ast-hfb-below-header-display":"","ast-hfb-mobile-header-display":"","site-post-title":"","ast-breadcrumbs-content":"","ast-featured-img":"","footer-sml-layout":"","theme-transparent-header-meta":"","adv-header-id-meta":"","stick-header-meta":"","header-above-stick-meta":"","header-main-stick-meta":"","header-below-stick-meta":"","astra-migrate-meta-layouts":"set","ast-page-background-enabled":"default","ast-page-background-meta":{"desktop":{"background-color":"var(--ast-global-color-4)","background-image":"","background-repeat":"repeat","background-position":"center center","background-size":"auto","background-attachment":"scroll","background-type":"","background-media":"","overlay-type":"","overlay-color":"","overlay-opacity":"","overlay-gradient":""},"tablet":{"background-color":"","background-image":"","background-repeat":"repeat","background-position":"center center","background-size":"auto","background-attachment":"scroll","background-type":"","background-media":"","overlay-type":"","overlay-color":"","overlay-opacity":"","overlay-gradient":""},"mobile":{"background-color":"","background-image":"","background-repeat":"repeat","background-position":"center center","background-size":"auto","background-attachment":"scroll","background-type":"","background-media":"","overlay-type":"","overlay-color":"","overlay-opacity":"","overlay-gradient":""}},"ast-content-background-meta":{"desktop":{"background-color":"var(--ast-global-color-5)","background-image":"","background-repeat":"repeat","background-position":"center center","background-size":"auto","background-attachment":"scroll","background-type":"","background-media":"","overlay-type":"","overlay-color":"","overlay-opacity":"","overlay-gradient":""},"tablet":{"background-color":"var(--ast-global-color-5)","background-image":"","background-repeat":"repeat","background-position":"center center","background-size":"auto","background-attachment":"scroll","background-type":"","background-media":"","overlay-type":"","overlay-color":"","overlay-opacity":"","overlay-gradient":""},"mobile":{"background-color":"var(--ast-global-color-5)","background-image":"","background-repeat":"repeat","background-position":"center center","background-size":"auto","background-attachment":"scroll","background-type":"","background-media":"","overlay-type":"","overlay-color":"","overlay-opacity":"","overlay-gradient":""}},"footnotes":""},"categories":[117,521,1,29],"tags":[],"class_list":["post-7950","post","type-post","status-publish","format-standard","has-post-thumbnail","hentry","category-erasmus","category-escola-verda","category-general","category-portada"],"post_mailing_queue_ids":[],"_links":{"self":[{"href":"https:\/\/agora.xtec.cat\/ies-alexandre-de-riquer\/wp-json\/wp\/v2\/posts\/7950","targetHints":{"allow":["GET"]}}],"collection":[{"href":"https:\/\/agora.xtec.cat\/ies-alexandre-de-riquer\/wp-json\/wp\/v2\/posts"}],"about":[{"href":"https:\/\/agora.xtec.cat\/ies-alexandre-de-riquer\/wp-json\/wp\/v2\/types\/post"}],"author":[{"embeddable":true,"href":"https:\/\/agora.xtec.cat\/ies-alexandre-de-riquer\/wp-json\/wp\/v2\/users\/136"}],"replies":[{"embeddable":true,"href":"https:\/\/agora.xtec.cat\/ies-alexandre-de-riquer\/wp-json\/wp\/v2\/comments?post=7950"}],"version-history":[{"count":6,"href":"https:\/\/agora.xtec.cat\/ies-alexandre-de-riquer\/wp-json\/wp\/v2\/posts\/7950\/revisions"}],"predecessor-version":[{"id":8579,"href":"https:\/\/agora.xtec.cat\/ies-alexandre-de-riquer\/wp-json\/wp\/v2\/posts\/7950\/revisions\/8579"}],"wp:featuredmedia":[{"embeddable":true,"href":"https:\/\/agora.xtec.cat\/ies-alexandre-de-riquer\/wp-json\/wp\/v2\/media\/7961"}],"wp:attachment":[{"href":"https:\/\/agora.xtec.cat\/ies-alexandre-de-riquer\/wp-json\/wp\/v2\/media?parent=7950"}],"wp:term":[{"taxonomy":"category","embeddable":true,"href":"https:\/\/agora.xtec.cat\/ies-alexandre-de-riquer\/wp-json\/wp\/v2\/categories?post=7950"},{"taxonomy":"post_tag","embeddable":true,"href":"https:\/\/agora.xtec.cat\/ies-alexandre-de-riquer\/wp-json\/wp\/v2\/tags?post=7950"}],"curies":[{"name":"wp","href":"https:\/\/api.w.org\/{rel}","templated":true}]}}