{"id":13481,"date":"2021-01-30T09:00:11","date_gmt":"2021-01-30T08:00:11","guid":{"rendered":"https:\/\/agora.xtec.cat\/ieribesdefreser\/?p=13481"},"modified":"2021-01-30T09:08:46","modified_gmt":"2021-01-30T08:08:46","slug":"treballem-conjuntament-per-la-pau-%e2%98%ae","status":"publish","type":"post","link":"https:\/\/agora.xtec.cat\/ieribesdefreser\/general\/treballem-conjuntament-per-la-pau-%e2%98%ae\/","title":{"rendered":"Treballem conjuntament per la Pau \u262e"},"content":{"rendered":"<p>&nbsp;<\/p>\n<p><strong>No us perdeu l&#8217;interessant\u00edssim Manifest per la Pau que han redactat els nostres alumnes de 6\u00e8! Aqu\u00ed el teniu:<\/strong><\/p>\n<!--[if lt IE 9]><script>document.createElement('audio');<\/script><![endif]-->\n<audio class=\"wp-audio-shortcode\" id=\"audio-13481-1\" preload=\"none\" style=\"width: 100%;\" controls=\"controls\"><source type=\"audio\/mpeg\" src=\"https:\/\/agora.xtec.cat\/ieribesdefreser\/wp-content\/uploads\/usu353\/2021\/01\/20210129_115516-online-audio-converter.com_.mp3?_=1\" \/><a href=\"https:\/\/agora.xtec.cat\/ieribesdefreser\/wp-content\/uploads\/usu353\/2021\/01\/20210129_115516-online-audio-converter.com_.mp3\">https:\/\/agora.xtec.cat\/ieribesdefreser\/wp-content\/uploads\/usu353\/2021\/01\/20210129_115516-online-audio-converter.com_.mp3<\/a><\/audio>\n<p>&nbsp;<\/p>\n<p>Els nens i les nenes de <strong>segon<\/strong>, hem elaborat una recepta amb els ingredients necessaris perqu\u00e8 hi hagi Pau, a la classe, al poble, a Catalunya i al m\u00f3n en general. Tamb\u00e9 hem apuntat els ingredients que SOBRETOT no s&#8217;han de posar mai en aquesta recepta. Encara ens falta acabar el mural per\u00f2 la recepta, ja la tenim! Nom\u00e9s ens queda posar-nos a fer de cuiners i cuineres per aconseguir aquest plat tan delici\u00f3s i desitjat per tots&#8230;<\/p>\n<p><a href=\"https:\/\/agora.xtec.cat\/ieribesdefreser\/wp-content\/uploads\/usu353\/2021\/01\/foto-activitat-pau-2n.jpeg\"><img loading=\"lazy\" decoding=\"async\" class=\"alignnone size-large wp-image-13569\" src=\"https:\/\/agora.xtec.cat\/ieribesdefreser\/wp-content\/uploads\/usu353\/2021\/01\/foto-activitat-pau-2n-1024x768.jpeg\" alt=\"\" width=\"1024\" height=\"768\" srcset=\"https:\/\/agora.xtec.cat\/ieribesdefreser\/wp-content\/uploads\/usu353\/2021\/01\/foto-activitat-pau-2n-1024x768.jpeg 1024w, https:\/\/agora.xtec.cat\/ieribesdefreser\/wp-content\/uploads\/usu353\/2021\/01\/foto-activitat-pau-2n-300x225.jpeg 300w, https:\/\/agora.xtec.cat\/ieribesdefreser\/wp-content\/uploads\/usu353\/2021\/01\/foto-activitat-pau-2n-768x576.jpeg 768w, https:\/\/agora.xtec.cat\/ieribesdefreser\/wp-content\/uploads\/usu353\/2021\/01\/foto-activitat-pau-2n-200x150.jpeg 200w, https:\/\/agora.xtec.cat\/ieribesdefreser\/wp-content\/uploads\/usu353\/2021\/01\/foto-activitat-pau-2n.jpeg 1600w\" sizes=\"auto, (max-width: 1024px) 100vw, 1024px\" \/><\/a><\/p>\n<p>L@s alumn<span class=\"\">@s de <strong>primer<\/strong>, hem parlat de la Pau i dels seus s\u00edmbols. Llavors, ens hem posat mans a l&#8217;obra i hem fet una mandala gegant del s\u00edmbol de la Pau amb papallones&#8230; Aqu\u00ed teniu la nostra obra d&#8217;art!<\/span><\/p>\n<p><a href=\"https:\/\/agora.xtec.cat\/ieribesdefreser\/wp-content\/uploads\/usu353\/2021\/01\/WhatsApp-Image-2021-01-29-at-12.50.28.jpeg\"><img loading=\"lazy\" decoding=\"async\" class=\"alignnone size-large wp-image-13570\" src=\"https:\/\/agora.xtec.cat\/ieribesdefreser\/wp-content\/uploads\/usu353\/2021\/01\/WhatsApp-Image-2021-01-29-at-12.50.28-879x1024.jpeg\" alt=\"\" width=\"879\" height=\"1024\" srcset=\"https:\/\/agora.xtec.cat\/ieribesdefreser\/wp-content\/uploads\/usu353\/2021\/01\/WhatsApp-Image-2021-01-29-at-12.50.28-879x1024.jpeg 879w, https:\/\/agora.xtec.cat\/ieribesdefreser\/wp-content\/uploads\/usu353\/2021\/01\/WhatsApp-Image-2021-01-29-at-12.50.28-258x300.jpeg 258w, https:\/\/agora.xtec.cat\/ieribesdefreser\/wp-content\/uploads\/usu353\/2021\/01\/WhatsApp-Image-2021-01-29-at-12.50.28-768x894.jpeg 768w, https:\/\/agora.xtec.cat\/ieribesdefreser\/wp-content\/uploads\/usu353\/2021\/01\/WhatsApp-Image-2021-01-29-at-12.50.28.jpeg 1374w\" sizes=\"auto, (max-width: 879px) 100vw, 879px\" \/><\/a><\/p>\n<p>Les nenes i nens\u00a0 de <strong>cinqu\u00e8<\/strong> hem preparat el dia de la Pau coneixent a en Gandhi i amb dibuixos i frases que<\/p>\n<p>ens han inspirat. FELI\u00c7 DIA DE LA PAU!!!!<\/p>\n<p><a href=\"https:\/\/agora.xtec.cat\/ieribesdefreser\/wp-content\/uploads\/usu353\/2021\/01\/DIa-Pau-5\u00e8.jpg\"><img loading=\"lazy\" decoding=\"async\" class=\"alignnone size-full wp-image-13565\" src=\"https:\/\/agora.xtec.cat\/ieribesdefreser\/wp-content\/uploads\/usu353\/2021\/01\/DIa-Pau-5\u00e8.jpg\" alt=\"\" width=\"640\" height=\"480\" srcset=\"https:\/\/agora.xtec.cat\/ieribesdefreser\/wp-content\/uploads\/usu353\/2021\/01\/DIa-Pau-5\u00e8.jpg 640w, https:\/\/agora.xtec.cat\/ieribesdefreser\/wp-content\/uploads\/usu353\/2021\/01\/DIa-Pau-5\u00e8-300x225.jpg 300w, https:\/\/agora.xtec.cat\/ieribesdefreser\/wp-content\/uploads\/usu353\/2021\/01\/DIa-Pau-5\u00e8-200x150.jpg 200w\" sizes=\"auto, (max-width: 640px) 100vw, 640px\" \/><\/a><\/p>\n<p>Avui \u00e9s el Dia Internacional de la Pau i la No-viol\u00e8ncia!<\/p>\n<p>Omplim el centre amb r\u00e8tols que per escriure&#8217;ls hem pensat i reflexionat, ara a vosaltres us toca<\/p>\n<p>llegir-los i reflexionar. Sabem realment que vol dir la PAU?<\/p>\n\n<p><img loading=\"lazy\" decoding=\"async\" class=\"aligncenter size-full wp-image-13526\" src=\"https:\/\/agora.xtec.cat\/ieribesdefreser\/wp-content\/uploads\/usu353\/2021\/01\/fotogrup4t-mural-pau.jpg\" alt=\"\" width=\"583\" height=\"338\" srcset=\"https:\/\/agora.xtec.cat\/ieribesdefreser\/wp-content\/uploads\/usu353\/2021\/01\/fotogrup4t-mural-pau.jpg 583w, https:\/\/agora.xtec.cat\/ieribesdefreser\/wp-content\/uploads\/usu353\/2021\/01\/fotogrup4t-mural-pau-300x174.jpg 300w\" sizes=\"auto, (max-width: 583px) 100vw, 583px\" \/><\/p>\n<p><img loading=\"lazy\" decoding=\"async\" class=\"wp-image-13550 alignleft\" src=\"https:\/\/agora.xtec.cat\/ieribesdefreser\/wp-content\/uploads\/usu353\/2021\/01\/s\u00edmbol-pau4t2.jpg\" alt=\"\" width=\"325\" height=\"158\" srcset=\"https:\/\/agora.xtec.cat\/ieribesdefreser\/wp-content\/uploads\/usu353\/2021\/01\/s\u00edmbol-pau4t2.jpg 700w, https:\/\/agora.xtec.cat\/ieribesdefreser\/wp-content\/uploads\/usu353\/2021\/01\/s\u00edmbol-pau4t2-300x146.jpg 300w\" sizes=\"auto, (max-width: 325px) 100vw, 325px\" \/> <img loading=\"lazy\" decoding=\"async\" class=\"wp-image-13549 alignleft\" src=\"https:\/\/agora.xtec.cat\/ieribesdefreser\/wp-content\/uploads\/usu353\/2021\/01\/s\u00edmbol-pau-4t.jpg\" alt=\"\" width=\"344\" height=\"167\" srcset=\"https:\/\/agora.xtec.cat\/ieribesdefreser\/wp-content\/uploads\/usu353\/2021\/01\/s\u00edmbol-pau-4t.jpg 700w, https:\/\/agora.xtec.cat\/ieribesdefreser\/wp-content\/uploads\/usu353\/2021\/01\/s\u00edmbol-pau-4t-300x146.jpg 300w\" sizes=\"auto, (max-width: 344px) 100vw, 344px\" \/><\/p>\n<p>&nbsp;<\/p>\n<p>&nbsp;<\/p>\n<p>&nbsp;<\/p>\n<p>&nbsp;<\/p>\n<p>&nbsp;<\/p>\n<p>A <strong>P3<\/strong> hem treballat el dia de la PAU a partir d&#8217;aquests contes:<\/p>\n<p><a href=\"https:\/\/agora.xtec.cat\/ieribesdefreser\/wp-content\/uploads\/usu353\/2021\/01\/contes-pau.jpg\"><img loading=\"lazy\" decoding=\"async\" class=\"wp-image-13488 alignleft\" src=\"https:\/\/agora.xtec.cat\/ieribesdefreser\/wp-content\/uploads\/usu353\/2021\/01\/contes-pau.jpg\" alt=\"\" width=\"244\" height=\"261\" srcset=\"https:\/\/agora.xtec.cat\/ieribesdefreser\/wp-content\/uploads\/usu353\/2021\/01\/contes-pau.jpg 406w, https:\/\/agora.xtec.cat\/ieribesdefreser\/wp-content\/uploads\/usu353\/2021\/01\/contes-pau-281x300.jpg 281w\" sizes=\"auto, (max-width: 244px) 100vw, 244px\" \/> <\/a><a style=\"color: #2795b6;\" href=\"https:\/\/agora.xtec.cat\/ieribesdefreser\/wp-content\/uploads\/usu353\/2021\/01\/hqdefault.jpg\"><img loading=\"lazy\" decoding=\"async\" class=\"alignnone wp-image-13512\" src=\"https:\/\/agora.xtec.cat\/ieribesdefreser\/wp-content\/uploads\/usu353\/2021\/01\/hqdefault.jpg\" alt=\"\" width=\"348\" height=\"261\" srcset=\"https:\/\/agora.xtec.cat\/ieribesdefreser\/wp-content\/uploads\/usu353\/2021\/01\/hqdefault.jpg 480w, https:\/\/agora.xtec.cat\/ieribesdefreser\/wp-content\/uploads\/usu353\/2021\/01\/hqdefault-300x225.jpg 300w, https:\/\/agora.xtec.cat\/ieribesdefreser\/wp-content\/uploads\/usu353\/2021\/01\/hqdefault-200x150.jpg 200w\" sizes=\"auto, (max-width: 348px) 100vw, 348px\" \/><\/a><\/p>\n<p><a href=\"https:\/\/youtu.be\/fokRWTEXJ7k\">El senyor Guerra i la senyora Pau\u00a0<\/a><\/p>\n<p>&nbsp;<\/p>\n<div style=\"width: 640px;\" class=\"wp-video\"><!--[if lt IE 9]><script>document.createElement('video');<\/script><![endif]-->\n<video class=\"wp-video-shortcode\" id=\"video-13481-1\" width=\"640\" height=\"640\" preload=\"metadata\" controls=\"controls\"><source type=\"video\/mp4\" src=\"https:\/\/agora.xtec.cat\/ieribesdefreser\/wp-content\/uploads\/usu353\/2021\/01\/ABRA\u00c7ADES.mp4?_=1\" \/><a href=\"https:\/\/agora.xtec.cat\/ieribesdefreser\/wp-content\/uploads\/usu353\/2021\/01\/ABRA\u00c7ADES.mp4\">https:\/\/agora.xtec.cat\/ieribesdefreser\/wp-content\/uploads\/usu353\/2021\/01\/ABRA\u00c7ADES.mp4<\/a><\/video><\/div>\n<p>&nbsp;<\/p>\n<p style=\"text-align: center;\">Feli\u00e7 dia de la Pau!!!<\/p>\n<p style=\"text-align: center;\"><a href=\"https:\/\/agora.xtec.cat\/ieribesdefreser\/wp-content\/uploads\/usu353\/2021\/01\/PAU.jpg\"><img loading=\"lazy\" decoding=\"async\" class=\"alignnone wp-image-13579\" src=\"https:\/\/agora.xtec.cat\/ieribesdefreser\/wp-content\/uploads\/usu353\/2021\/01\/PAU-1024x768.jpg\" alt=\"\" width=\"758\" height=\"569\" srcset=\"https:\/\/agora.xtec.cat\/ieribesdefreser\/wp-content\/uploads\/usu353\/2021\/01\/PAU-1024x768.jpg 1024w, https:\/\/agora.xtec.cat\/ieribesdefreser\/wp-content\/uploads\/usu353\/2021\/01\/PAU-300x225.jpg 300w, https:\/\/agora.xtec.cat\/ieribesdefreser\/wp-content\/uploads\/usu353\/2021\/01\/PAU-768x576.jpg 768w, https:\/\/agora.xtec.cat\/ieribesdefreser\/wp-content\/uploads\/usu353\/2021\/01\/PAU-200x150.jpg 200w, https:\/\/agora.xtec.cat\/ieribesdefreser\/wp-content\/uploads\/usu353\/2021\/01\/PAU.jpg 1365w\" sizes=\"auto, (max-width: 758px) 100vw, 758px\" \/><\/a><\/p>\n<p>Els nens i nenes de<strong> 3r<\/strong> hem treballat la Pau a partir de diverses activitats! \u262e<\/p>\n<ul>\n<li>El cor de la Pau \ud83d\udc9b\ud83d\udc9c\ud83d\udc99<\/li>\n<li>El s\u00edmbol de la Pau amb les nostres mans. \u270c<\/li>\n<li>L&#8217;abecedari de la Pau. \ud83d\ude0d<\/li>\n<\/ul>\n<p><a href=\"https:\/\/agora.xtec.cat\/ieribesdefreser\/wp-content\/uploads\/usu353\/2021\/01\/4.jpeg\"><img loading=\"lazy\" decoding=\"async\" class=\"wp-image-13502 aligncenter\" src=\"https:\/\/agora.xtec.cat\/ieribesdefreser\/wp-content\/uploads\/usu353\/2021\/01\/4-1024x769.jpeg\" alt=\"\" width=\"642\" height=\"482\" srcset=\"https:\/\/agora.xtec.cat\/ieribesdefreser\/wp-content\/uploads\/usu353\/2021\/01\/4-1024x769.jpeg 1024w, https:\/\/agora.xtec.cat\/ieribesdefreser\/wp-content\/uploads\/usu353\/2021\/01\/4-300x225.jpeg 300w, https:\/\/agora.xtec.cat\/ieribesdefreser\/wp-content\/uploads\/usu353\/2021\/01\/4-768x576.jpeg 768w, https:\/\/agora.xtec.cat\/ieribesdefreser\/wp-content\/uploads\/usu353\/2021\/01\/4-200x150.jpeg 200w, https:\/\/agora.xtec.cat\/ieribesdefreser\/wp-content\/uploads\/usu353\/2021\/01\/4.jpeg 2048w\" sizes=\"auto, (max-width: 642px) 100vw, 642px\" \/><\/a><\/p>\n<p><a href=\"https:\/\/agora.xtec.cat\/ieribesdefreser\/wp-content\/uploads\/usu353\/2021\/01\/WhatsApp-Image-2021-01-29-at-13.53.29-1.jpeg\"><img loading=\"lazy\" decoding=\"async\" class=\"wp-image-13521 aligncenter\" src=\"https:\/\/agora.xtec.cat\/ieribesdefreser\/wp-content\/uploads\/usu353\/2021\/01\/WhatsApp-Image-2021-01-29-at-13.53.29-1-1024x961.jpeg\" alt=\"\" width=\"409\" height=\"384\" srcset=\"https:\/\/agora.xtec.cat\/ieribesdefreser\/wp-content\/uploads\/usu353\/2021\/01\/WhatsApp-Image-2021-01-29-at-13.53.29-1-1024x961.jpeg 1024w, https:\/\/agora.xtec.cat\/ieribesdefreser\/wp-content\/uploads\/usu353\/2021\/01\/WhatsApp-Image-2021-01-29-at-13.53.29-1-300x282.jpeg 300w, https:\/\/agora.xtec.cat\/ieribesdefreser\/wp-content\/uploads\/usu353\/2021\/01\/WhatsApp-Image-2021-01-29-at-13.53.29-1-768x721.jpeg 768w, https:\/\/agora.xtec.cat\/ieribesdefreser\/wp-content\/uploads\/usu353\/2021\/01\/WhatsApp-Image-2021-01-29-at-13.53.29-1.jpeg 1793w\" sizes=\"auto, (max-width: 409px) 100vw, 409px\" \/><\/a><\/p>\n<p><a href=\"https:\/\/agora.xtec.cat\/ieribesdefreser\/wp-content\/uploads\/usu353\/2021\/01\/WhatsApp-Image-2021-01-29-at-13.53.29.jpeg\"><img loading=\"lazy\" decoding=\"async\" class=\"wp-image-13522 aligncenter\" src=\"https:\/\/agora.xtec.cat\/ieribesdefreser\/wp-content\/uploads\/usu353\/2021\/01\/WhatsApp-Image-2021-01-29-at-13.53.29-1024x783.jpeg\" alt=\"\" width=\"612\" height=\"468\" srcset=\"https:\/\/agora.xtec.cat\/ieribesdefreser\/wp-content\/uploads\/usu353\/2021\/01\/WhatsApp-Image-2021-01-29-at-13.53.29-1024x783.jpeg 1024w, https:\/\/agora.xtec.cat\/ieribesdefreser\/wp-content\/uploads\/usu353\/2021\/01\/WhatsApp-Image-2021-01-29-at-13.53.29-300x229.jpeg 300w, https:\/\/agora.xtec.cat\/ieribesdefreser\/wp-content\/uploads\/usu353\/2021\/01\/WhatsApp-Image-2021-01-29-at-13.53.29-768x587.jpeg 768w, https:\/\/agora.xtec.cat\/ieribesdefreser\/wp-content\/uploads\/usu353\/2021\/01\/WhatsApp-Image-2021-01-29-at-13.53.29.jpeg 1883w\" sizes=\"auto, (max-width: 612px) 100vw, 612px\" \/><\/a><\/p>\n<p>A <strong>P4<\/strong> i <strong>P5<\/strong> tamb\u00e9 hem realitzat diverses activitats manuals per celebrar el dia de la Pau a l&#8217;escola.<\/p>\n<p>Ens ho hem passat molt b\u00e9!<\/p>\n<div class=\"ast-oembed-container \" style=\"height: 100%;\"><iframe loading=\"lazy\" title=\"Dia de la Pau (P4 i P5)\" width=\"500\" height=\"375\" src=\"https:\/\/www.youtube.com\/embed\/AeOP37OyEks?feature=oembed\" frameborder=\"0\" allow=\"accelerometer; autoplay; clipboard-write; encrypted-media; gyroscope; picture-in-picture; web-share\" referrerpolicy=\"strict-origin-when-cross-origin\" allowfullscreen><\/iframe><\/div>\n","protected":false},"excerpt":{"rendered":"<p>&nbsp; No us perdeu l&#8217;interessant\u00edssim Manifest per la Pau que han redactat els nostres alumnes de 6\u00e8! Aqu\u00ed el teniu: &nbsp; Els nens i les nenes de segon, hem elaborat una recepta amb els ingredients necessaris perqu\u00e8 hi hagi Pau, a la classe, al poble, a Catalunya i al m\u00f3n en general. Tamb\u00e9 hem apuntat [&hellip;]<\/p>\n","protected":false},"author":1,"featured_media":13491,"comment_status":"open","ping_status":"closed","sticky":false,"template":"","format":"standard","meta":{"_bbp_topic_count":0,"_bbp_reply_count":0,"_bbp_total_topic_count":0,"_bbp_total_reply_count":0,"_bbp_voice_count":0,"_bbp_anonymous_reply_count":0,"_bbp_topic_count_hidden":0,"_bbp_reply_count_hidden":0,"_bbp_forum_subforum_count":0,"site-sidebar-layout":"default","site-content-layout":"","ast-site-content-layout":"","site-content-style":"default","site-sidebar-style":"default","ast-global-header-display":"","ast-banner-title-visibility":"","ast-main-header-display":"","ast-hfb-above-header-display":"","ast-hfb-below-header-display":"","ast-hfb-mobile-header-display":"","site-post-title":"","ast-breadcrumbs-content":"","ast-featured-img":"","footer-sml-layout":"","theme-transparent-header-meta":"","adv-header-id-meta":"","stick-header-meta":"","header-above-stick-meta":"","header-main-stick-meta":"","header-below-stick-meta":"","astra-migrate-meta-layouts":"default","ast-page-background-enabled":"default","ast-page-background-meta":{"desktop":{"background-color":"var(--ast-global-color-4)","background-image":"","background-repeat":"repeat","background-position":"center center","background-size":"auto","background-attachment":"scroll","background-type":"","background-media":"","overlay-type":"","overlay-color":"","overlay-opacity":"","overlay-gradient":""},"tablet":{"background-color":"","background-image":"","background-repeat":"repeat","background-position":"center center","background-size":"auto","background-attachment":"scroll","background-type":"","background-media":"","overlay-type":"","overlay-color":"","overlay-opacity":"","overlay-gradient":""},"mobile":{"background-color":"","background-image":"","background-repeat":"repeat","background-position":"center center","background-size":"auto","background-attachment":"scroll","background-type":"","background-media":"","overlay-type":"","overlay-color":"","overlay-opacity":"","overlay-gradient":""}},"ast-content-background-meta":{"desktop":{"background-color":"var(--ast-global-color-5)","background-image":"","background-repeat":"repeat","background-position":"center center","background-size":"auto","background-attachment":"scroll","background-type":"","background-media":"","overlay-type":"","overlay-color":"","overlay-opacity":"","overlay-gradient":""},"tablet":{"background-color":"var(--ast-global-color-5)","background-image":"","background-repeat":"repeat","background-position":"center center","background-size":"auto","background-attachment":"scroll","background-type":"","background-media":"","overlay-type":"","overlay-color":"","overlay-opacity":"","overlay-gradient":""},"mobile":{"background-color":"var(--ast-global-color-5)","background-image":"","background-repeat":"repeat","background-position":"center center","background-size":"auto","background-attachment":"scroll","background-type":"","background-media":"","overlay-type":"","overlay-color":"","overlay-opacity":"","overlay-gradient":""}},"footnotes":""},"categories":[29,1,2,32,4,5,24],"tags":[],"class_list":["post-13481","post","type-post","status-publish","format-standard","has-post-thumbnail","hentry","category-activitats","category-general","category-infantil","category-musica","category-portada","category-primaria","category-projectes-centre"],"post_mailing_queue_ids":[],"_links":{"self":[{"href":"https:\/\/agora.xtec.cat\/ieribesdefreser\/wp-json\/wp\/v2\/posts\/13481","targetHints":{"allow":["GET"]}}],"collection":[{"href":"https:\/\/agora.xtec.cat\/ieribesdefreser\/wp-json\/wp\/v2\/posts"}],"about":[{"href":"https:\/\/agora.xtec.cat\/ieribesdefreser\/wp-json\/wp\/v2\/types\/post"}],"author":[{"embeddable":true,"href":"https:\/\/agora.xtec.cat\/ieribesdefreser\/wp-json\/wp\/v2\/users\/1"}],"replies":[{"embeddable":true,"href":"https:\/\/agora.xtec.cat\/ieribesdefreser\/wp-json\/wp\/v2\/comments?post=13481"}],"version-history":[{"count":6,"href":"https:\/\/agora.xtec.cat\/ieribesdefreser\/wp-json\/wp\/v2\/posts\/13481\/revisions"}],"predecessor-version":[{"id":13582,"href":"https:\/\/agora.xtec.cat\/ieribesdefreser\/wp-json\/wp\/v2\/posts\/13481\/revisions\/13582"}],"wp:featuredmedia":[{"embeddable":true,"href":"https:\/\/agora.xtec.cat\/ieribesdefreser\/wp-json\/wp\/v2\/media\/13491"}],"wp:attachment":[{"href":"https:\/\/agora.xtec.cat\/ieribesdefreser\/wp-json\/wp\/v2\/media?parent=13481"}],"wp:term":[{"taxonomy":"category","embeddable":true,"href":"https:\/\/agora.xtec.cat\/ieribesdefreser\/wp-json\/wp\/v2\/categories?post=13481"},{"taxonomy":"post_tag","embeddable":true,"href":"https:\/\/agora.xtec.cat\/ieribesdefreser\/wp-json\/wp\/v2\/tags?post=13481"}],"curies":[{"name":"wp","href":"https:\/\/api.w.org\/{rel}","templated":true}]}}