{"id":9201,"date":"2023-10-31T00:18:24","date_gmt":"2023-10-30T23:18:24","guid":{"rendered":"https:\/\/agora.xtec.cat\/iereccomtal\/?p=9201"},"modified":"2023-10-31T00:18:24","modified_gmt":"2023-10-30T23:18:24","slug":"al-rec-comtal-no-ens-ho-empassem","status":"publish","type":"post","link":"https:\/\/agora.xtec.cat\/iereccomtal\/general\/al-rec-comtal-no-ens-ho-empassem\/","title":{"rendered":"Al Rec Comtal, no ens ho empassem"},"content":{"rendered":"<p style=\"text-align: center\">\n<div style=\"width: 848px;\" class=\"wp-video\"><!--[if lt IE 9]><script>document.createElement('video');<\/script><![endif]-->\n<video class=\"wp-video-shortcode\" id=\"video-9201-1\" width=\"848\" height=\"480\" autoplay=\"1\" preload=\"metadata\" controls=\"controls\"><source type=\"video\/mp4\" src=\"https:\/\/agora.xtec.cat\/iereccomtal\/wp-content\/uploads\/usu2139\/2023\/10\/WhatsApp-Video-2023-10-26-at-20.41.07.mp4?_=1\" \/><a href=\"https:\/\/agora.xtec.cat\/iereccomtal\/wp-content\/uploads\/usu2139\/2023\/10\/WhatsApp-Video-2023-10-26-at-20.41.07.mp4\">https:\/\/agora.xtec.cat\/iereccomtal\/wp-content\/uploads\/usu2139\/2023\/10\/WhatsApp-Video-2023-10-26-at-20.41.07.mp4<\/a><\/video><\/div>\n<p style=\"text-align: center\">\n<p style=\"text-align: left\">Enguany, el Rec Comtal t\u00e9 un nou repte a assolir: la creaci\u00f3 d&#8217;un espai de confian\u00e7a medi\u00e0tica. O dit d&#8217;una altra manera: ser capa\u00e7 d&#8217;acompanyar professorat i alumnat en el cam\u00ed per adquirir la capacitat de distingir entre opinions i fets, entre una not\u00edcia verificable i la desinformaci\u00f3, entre un pescaclics (o <em>clickbait<\/em>) i una not\u00edcia honesta.<\/p>\n<p style=\"text-align: left\">No \u00e9s gens f\u00e0cil: un grup de professors i professores del centre (la Pilar, la Montse, l&#8217;Albert, el Gerard i el Luca) estan participant en una formaci\u00f3 que durar\u00e0 tot l&#8217;any anomenada <a href=\"https:\/\/desfake.cat\/es\/\" target=\"_blank\" rel=\"noopener\">Desfake<\/a>. Es tracta d&#8217;una iniciativa organitzada pels <em>factcheckers<\/em> catalans de <a href=\"https:\/\/www.verificat.cat\/\" target=\"_blank\" rel=\"noopener\">Verificat<\/a> i la Fundaci\u00f3 Bofill.<\/p>\n<p style=\"text-align: left\">L&#8217;Institut Escola Rec Comtal forma part d&#8217;una xarxa de Centres Desfake on es duu a terme aquesta formaci\u00f3 amb l&#8217;objectiu de donar eines a professorat i alumnat per convertir-se en petits f<em>act checkers<\/em>, en persones que abans de pr\u00e9mer el bot\u00f3 de compartir una not\u00edcia, una imatge o un v\u00eddeo que ens impacta a les xarxes o al WhatsApp aprenem a parar-nos i a preguntar-nos: estem segures i segurs que aix\u00f2 sigui realment cert? Com ho puc fer per comprovar-ho?<\/p>\n<blockquote class=\"twitter-tweet\">\n<p dir=\"ltr\" lang=\"ca\" style=\"text-align: left\">Presentem <a href=\"https:\/\/twitter.com\/hashtag\/CentresDesfake?src=hash&amp;ref_src=twsrc%5Etfw\">#CentresDesfake<\/a>. Amb <a href=\"https:\/\/twitter.com\/veri_fi_cat?ref_src=twsrc%5Etfw\">@veri_fi_cat<\/a> volem acompanyar els centres educatius perqu\u00e8 es converteixin en espais de confian\u00e7a medi\u00e0tica i esdevinguin catalitzadors d\u2019una societat m\u00e9s informada, cr\u00edtica i democr\u00e0tica.<br \/>\n\ud83d\udcf2 <a href=\"https:\/\/t.co\/FZfe4PpUFv\">https:\/\/t.co\/FZfe4PpUFv<\/a><a href=\"https:\/\/twitter.com\/hashtag\/EquitatDigital?src=hash&amp;ref_src=twsrc%5Etfw\">#EquitatDigital<\/a> <a href=\"https:\/\/t.co\/WY3qrDdGzt\">pic.twitter.com\/WY3qrDdGzt<\/a><\/p>\n<p>\u2014 Fundaci\u00f3 Bofill (@FundacioBofill) <a href=\"https:\/\/twitter.com\/FundacioBofill\/status\/1717095878555586697?ref_src=twsrc%5Etfw\">October 25, 2023<\/a><\/p><\/blockquote>\n<p style=\"text-align: center\"><script async src=\"https:\/\/platform.twitter.com\/widgets.js\" charset=\"utf-8\"><\/script><\/p>\n<p style=\"text-align: left\">El dijous 26 d&#8217;octubre alguns dels docents implicats al projecte vam prendre part a la Jornada &#8220;No m&#8217;ho empasso&#8221; on, juntament amb moltes persones expertes de diverses realitats internacionals i a molts altres docents de Catalunya, van poder reflexionar sobre la informaci\u00f3, la desinformaci\u00f3 i qu\u00e8 hi ha al darrere d&#8217;una not\u00edcia, i sobretot com podem crear un espai de confian\u00e7a medi\u00e0tica, on podem confiar que el que llegim t\u00e9 una base s\u00f2lida.<\/p>\n<p>&nbsp;<\/p>\n<blockquote class=\"twitter-tweet\">\n<p dir=\"ltr\" lang=\"ca\">\ud83c\udf89Gr\u00e0cies a tots i totes les que vau participar ahir a la jornada &#8220;No m&#8217;ho empasso&#8221; a reflexionar i aprendre com construir espais de confian\u00e7a medi\u00e0tica!<\/p>\n<p>\ud83d\udcf0Per una comunitat educativa cr\u00edtica i informada!<a href=\"https:\/\/twitter.com\/hashtag\/Desfake?src=hash&amp;ref_src=twsrc%5Etfw\">#Desfake<\/a> <a href=\"https:\/\/twitter.com\/hashtag\/EquitatDigital?src=hash&amp;ref_src=twsrc%5Etfw\">#EquitatDigital<\/a> <a href=\"https:\/\/t.co\/GsRoCptMq0\">pic.twitter.com\/GsRoCptMq0<\/a><\/p>\n<p>\u2014 Fundaci\u00f3 Bofill (@FundacioBofill) <a href=\"https:\/\/twitter.com\/FundacioBofill\/status\/1717445485823238222?ref_src=twsrc%5Etfw\">October 26, 2023<\/a><\/p><\/blockquote>\n<p style=\"text-align: center\"><script async src=\"https:\/\/platform.twitter.com\/widgets.js\" charset=\"utf-8\"><\/script><\/p>\n<p style=\"text-align: left\">Segons totes les persones intervingudes a l&#8217;acte, l&#8217;alfabetitzaci\u00f3 medi\u00e0tica del nostre alumnat \u00e9s la clau per poder aconseguir el resultat que busquem: aprendre a clicar assenyadament, a llegir i escoltar cr\u00edticament i a convertir-nos en ciutadanes i ciutadans m\u00e9s cr\u00edtics i menys manipulables.<\/p>\n<p>&nbsp;<\/p>\n<blockquote class=\"twitter-tweet\">\n<p dir=\"ltr\" lang=\"ca\">\ud83d\udcf0A la jornada &#8220;No m&#8217;ho empasso&#8221; vam reflexionar sobre alfabetitzaci\u00f3 medi\u00e0tica amb diferents experts locals i internacionals i amb <a href=\"https:\/\/twitter.com\/catesco?ref_src=twsrc%5Etfw\">@catesco<\/a> <a href=\"https:\/\/twitter.com\/escuela21org?ref_src=twsrc%5Etfw\">@escuela21org<\/a> <a href=\"https:\/\/twitter.com\/JuniorReportCAT?ref_src=twsrc%5Etfw\">@JuniorReportCAT<\/a> i <a href=\"https:\/\/twitter.com\/InselTiller?ref_src=twsrc%5Etfw\">@InselTiller<\/a><\/p>\n<p>\u2705Tamb\u00e9 vam presentar el projecte de <a href=\"https:\/\/twitter.com\/veri_fi_cat?ref_src=twsrc%5Etfw\">@veri_fi_cat<\/a> Centres <a href=\"https:\/\/twitter.com\/hashtag\/Desfake?src=hash&amp;ref_src=twsrc%5Etfw\">#Desfake<\/a>!<\/p>\n<p>\ud83c\udf89Gr\u00e0cies a tothom! <a href=\"https:\/\/t.co\/lgA38TvNjc\">pic.twitter.com\/lgA38TvNjc<\/a><\/p>\n<p>\u2014 Fundaci\u00f3 Bofill (@FundacioBofill) <a href=\"https:\/\/twitter.com\/FundacioBofill\/status\/1717554647794106453?ref_src=twsrc%5Etfw\">October 26, 2023<\/a><\/p><\/blockquote>\n<p style=\"text-align: center\"><script async src=\"https:\/\/platform.twitter.com\/widgets.js\" charset=\"utf-8\"><\/script><\/p>\n<p style=\"text-align: center\">\n<p style=\"text-align: center\">\n<p style=\"text-align: center\"><iframe loading=\"lazy\" title=\"&quot;No m'ho empasso!&quot;\" src=\"\/\/www.youtube.com\/embed\/4BJkQrBCXpc\" width=\"924\" height=\"520\" frameborder=\"0\"><\/iframe><\/p>\n","protected":false},"excerpt":{"rendered":"<p>Un dels reptes del Rec Comtal aquest any \u00e9s transformar-nos en un espai de confian\u00e7a medi\u00e0tica, on l&#8217;alumnat aprengui a ser cr\u00edtic envers la informaci\u00f3 que rep. Per aix\u00f2 participem en el projecte Desfake de la m\u00e0 de Verificat. <\/p>\n","protected":false},"author":68,"featured_media":9203,"comment_status":"open","ping_status":"closed","sticky":false,"template":"","format":"standard","meta":{"_bbp_topic_count":0,"_bbp_reply_count":0,"_bbp_total_topic_count":0,"_bbp_total_reply_count":0,"_bbp_voice_count":0,"_bbp_anonymous_reply_count":0,"_bbp_topic_count_hidden":0,"_bbp_reply_count_hidden":0,"_bbp_forum_subforum_count":0,"site-sidebar-layout":"default","site-content-layout":"","ast-site-content-layout":"","site-content-style":"default","site-sidebar-style":"default","ast-global-header-display":"","ast-banner-title-visibility":"","ast-main-header-display":"","ast-hfb-above-header-display":"","ast-hfb-below-header-display":"","ast-hfb-mobile-header-display":"","site-post-title":"","ast-breadcrumbs-content":"","ast-featured-img":"","footer-sml-layout":"","theme-transparent-header-meta":"","adv-header-id-meta":"","stick-header-meta":"","header-above-stick-meta":"","header-main-stick-meta":"","header-below-stick-meta":"","astra-migrate-meta-layouts":"default","ast-page-background-enabled":"default","ast-page-background-meta":{"desktop":{"background-color":"var(--ast-global-color-4)","background-image":"","background-repeat":"repeat","background-position":"center center","background-size":"auto","background-attachment":"scroll","background-type":"","background-media":"","overlay-type":"","overlay-color":"","overlay-opacity":"","overlay-gradient":""},"tablet":{"background-color":"","background-image":"","background-repeat":"repeat","background-position":"center center","background-size":"auto","background-attachment":"scroll","background-type":"","background-media":"","overlay-type":"","overlay-color":"","overlay-opacity":"","overlay-gradient":""},"mobile":{"background-color":"","background-image":"","background-repeat":"repeat","background-position":"center center","background-size":"auto","background-attachment":"scroll","background-type":"","background-media":"","overlay-type":"","overlay-color":"","overlay-opacity":"","overlay-gradient":""}},"ast-content-background-meta":{"desktop":{"background-color":"var(--ast-global-color-5)","background-image":"","background-repeat":"repeat","background-position":"center center","background-size":"auto","background-attachment":"scroll","background-type":"","background-media":"","overlay-type":"","overlay-color":"","overlay-opacity":"","overlay-gradient":""},"tablet":{"background-color":"var(--ast-global-color-5)","background-image":"","background-repeat":"repeat","background-position":"center center","background-size":"auto","background-attachment":"scroll","background-type":"","background-media":"","overlay-type":"","overlay-color":"","overlay-opacity":"","overlay-gradient":""},"mobile":{"background-color":"var(--ast-global-color-5)","background-image":"","background-repeat":"repeat","background-position":"center center","background-size":"auto","background-attachment":"scroll","background-type":"","background-media":"","overlay-type":"","overlay-color":"","overlay-opacity":"","overlay-gradient":""}},"footnotes":""},"categories":[1,29],"tags":[398,395,394,310,396,397,399],"class_list":["post-9201","post","type-post","status-publish","format-standard","has-post-thumbnail","hentry","category-general","category-portada","tag-desfake","tag-desinformacio","tag-fake-news","tag-formacio","tag-junior-report","tag-noticias","tag-verificat"],"post_mailing_queue_ids":[],"_links":{"self":[{"href":"https:\/\/agora.xtec.cat\/iereccomtal\/wp-json\/wp\/v2\/posts\/9201","targetHints":{"allow":["GET"]}}],"collection":[{"href":"https:\/\/agora.xtec.cat\/iereccomtal\/wp-json\/wp\/v2\/posts"}],"about":[{"href":"https:\/\/agora.xtec.cat\/iereccomtal\/wp-json\/wp\/v2\/types\/post"}],"author":[{"embeddable":true,"href":"https:\/\/agora.xtec.cat\/iereccomtal\/wp-json\/wp\/v2\/users\/68"}],"replies":[{"embeddable":true,"href":"https:\/\/agora.xtec.cat\/iereccomtal\/wp-json\/wp\/v2\/comments?post=9201"}],"version-history":[{"count":3,"href":"https:\/\/agora.xtec.cat\/iereccomtal\/wp-json\/wp\/v2\/posts\/9201\/revisions"}],"predecessor-version":[{"id":9206,"href":"https:\/\/agora.xtec.cat\/iereccomtal\/wp-json\/wp\/v2\/posts\/9201\/revisions\/9206"}],"wp:featuredmedia":[{"embeddable":true,"href":"https:\/\/agora.xtec.cat\/iereccomtal\/wp-json\/wp\/v2\/media\/9203"}],"wp:attachment":[{"href":"https:\/\/agora.xtec.cat\/iereccomtal\/wp-json\/wp\/v2\/media?parent=9201"}],"wp:term":[{"taxonomy":"category","embeddable":true,"href":"https:\/\/agora.xtec.cat\/iereccomtal\/wp-json\/wp\/v2\/categories?post=9201"},{"taxonomy":"post_tag","embeddable":true,"href":"https:\/\/agora.xtec.cat\/iereccomtal\/wp-json\/wp\/v2\/tags?post=9201"}],"curies":[{"name":"wp","href":"https:\/\/api.w.org\/{rel}","templated":true}]}}