{"id":11724,"date":"2026-04-23T12:59:45","date_gmt":"2026-04-23T10:59:45","guid":{"rendered":"https:\/\/agora.xtec.cat\/iereccomtal\/?p=11724"},"modified":"2026-04-23T20:30:32","modified_gmt":"2026-04-23T18:30:32","slug":"navegant-pel-comerc-global-una-experiencia-unica-al-port-de-bcn","status":"publish","type":"post","link":"https:\/\/agora.xtec.cat\/iereccomtal\/general\/navegant-pel-comerc-global-una-experiencia-unica-al-port-de-bcn\/","title":{"rendered":"Navegant pel comer\u00e7 global : una experi\u00e8ncia \u00fanica al Port de BCN"},"content":{"rendered":"\n<p>El passat dimecres 22 d\u2019abril, l\u2019alumnat de 3r d\u2019ESO (grups A, B i PDC) va participar en una sortida al Museu Mar\u00edtim de Barcelona per realitzar l\u2019activitat <em>El Port Comercial de BCN<\/em>, una experi\u00e8ncia educativa molt enriquidora.<\/p>\n\n\n\n<p>Durant la visita, els i les alumnes van poder con\u00e8ixer de primera m\u00e0 quines mercaderies arriben al Port de Barcelona, els tipus de vaixells que les transporten i els processos de c\u00e0rrega i desc\u00e0rrega. Aquesta aproximaci\u00f3 va permetre reflexionar sobre l\u2019origen global de molts dels productes quotidians, fent m\u00e9s conscient l\u2019alumnat de la interdepend\u00e8ncia entre territoris.<\/p>\n\n\n\n<p>Tamb\u00e9 es van treballar conceptes clau com la difer\u00e8ncia entre port natural i port artificial, aix\u00ed com la identificaci\u00f3 de les principals parts del port. Tot plegat va facilitar una millor comprensi\u00f3 del paper estrat\u00e8gic del Port de Barcelona en l\u2019economia i el comer\u00e7 internacional.<\/p>\n\n\n\n<p>Un dels moments m\u00e9s destacats de la jornada va ser la navegaci\u00f3 a bord d\u2019un llagut balear. Aquesta experi\u00e8ncia vivencial va permetre a l\u2019alumnat recon\u00e8ixer embarcacions reals dins del port .<\/p>\n\n\n\n<p>La valoraci\u00f3 global de l\u2019activitat \u00e9s molt positiva. L\u2019alumnat va mostrar un alt grau de motivaci\u00f3 i participaci\u00f3, i va poder aprendre d\u2019una manera activa, significativa i connectada amb la realitat. Sens dubte, una experi\u00e8ncia que contribueix a consolidar aprenentatges i a despertar l\u2019inter\u00e8s pel m\u00f3n que ens envolta.<\/p>\n\n\n\n<p>Seguirem embarcats i navegant des del Rec en el nostre aprenentatge&#8230;!<\/p>\n\n\n\n<figure class=\"wp-block-gallery has-nested-images columns-default is-cropped wp-block-gallery-1 is-layout-flex wp-block-gallery-is-layout-flex\"><\/figure>\n\n\n\n<figure class=\"wp-block-gallery has-nested-images columns-default is-cropped wp-block-gallery-2 is-layout-flex wp-block-gallery-is-layout-flex\">\n<figure class=\"wp-block-image size-large\"><a href=\"https:\/\/agora.xtec.cat\/iereccomtal\/wp-content\/uploads\/usu2139\/2026\/04\/Port-comercial6.jpg\"><img loading=\"lazy\" decoding=\"async\" width=\"576\" height=\"1024\" data-id=\"11732\" src=\"https:\/\/agora.xtec.cat\/iereccomtal\/wp-content\/uploads\/usu2139\/2026\/04\/Port-comercial6-576x1024.jpg\" alt=\"\" class=\"wp-image-11732\" srcset=\"https:\/\/agora.xtec.cat\/iereccomtal\/wp-content\/uploads\/usu2139\/2026\/04\/Port-comercial6-576x1024.jpg 576w, https:\/\/agora.xtec.cat\/iereccomtal\/wp-content\/uploads\/usu2139\/2026\/04\/Port-comercial6-169x300.jpg 169w, https:\/\/agora.xtec.cat\/iereccomtal\/wp-content\/uploads\/usu2139\/2026\/04\/Port-comercial6-768x1365.jpg 768w, https:\/\/agora.xtec.cat\/iereccomtal\/wp-content\/uploads\/usu2139\/2026\/04\/Port-comercial6-864x1536.jpg 864w, https:\/\/agora.xtec.cat\/iereccomtal\/wp-content\/uploads\/usu2139\/2026\/04\/Port-comercial6.jpg 999w\" sizes=\"auto, (max-width: 576px) 100vw, 576px\" \/><\/a><\/figure>\n\n\n\n<figure class=\"wp-block-image size-large\"><a href=\"https:\/\/agora.xtec.cat\/iereccomtal\/wp-content\/uploads\/usu2139\/2026\/04\/Port-comercial5.jpg\"><img loading=\"lazy\" decoding=\"async\" width=\"576\" height=\"1024\" data-id=\"11731\" src=\"https:\/\/agora.xtec.cat\/iereccomtal\/wp-content\/uploads\/usu2139\/2026\/04\/Port-comercial5-576x1024.jpg\" alt=\"\" class=\"wp-image-11731\" srcset=\"https:\/\/agora.xtec.cat\/iereccomtal\/wp-content\/uploads\/usu2139\/2026\/04\/Port-comercial5-576x1024.jpg 576w, https:\/\/agora.xtec.cat\/iereccomtal\/wp-content\/uploads\/usu2139\/2026\/04\/Port-comercial5-169x300.jpg 169w, https:\/\/agora.xtec.cat\/iereccomtal\/wp-content\/uploads\/usu2139\/2026\/04\/Port-comercial5-768x1365.jpg 768w, https:\/\/agora.xtec.cat\/iereccomtal\/wp-content\/uploads\/usu2139\/2026\/04\/Port-comercial5-864x1536.jpg 864w, https:\/\/agora.xtec.cat\/iereccomtal\/wp-content\/uploads\/usu2139\/2026\/04\/Port-comercial5.jpg 999w\" sizes=\"auto, (max-width: 576px) 100vw, 576px\" \/><\/a><\/figure>\n\n\n\n<figure class=\"wp-block-image size-large\"><a href=\"https:\/\/agora.xtec.cat\/iereccomtal\/wp-content\/uploads\/usu2139\/2026\/04\/Port-comercial4.jpg\"><img loading=\"lazy\" decoding=\"async\" width=\"999\" height=\"562\" data-id=\"11730\" src=\"https:\/\/agora.xtec.cat\/iereccomtal\/wp-content\/uploads\/usu2139\/2026\/04\/Port-comercial4.jpg\" alt=\"\" class=\"wp-image-11730\" srcset=\"https:\/\/agora.xtec.cat\/iereccomtal\/wp-content\/uploads\/usu2139\/2026\/04\/Port-comercial4.jpg 999w, https:\/\/agora.xtec.cat\/iereccomtal\/wp-content\/uploads\/usu2139\/2026\/04\/Port-comercial4-300x169.jpg 300w, https:\/\/agora.xtec.cat\/iereccomtal\/wp-content\/uploads\/usu2139\/2026\/04\/Port-comercial4-768x432.jpg 768w\" sizes=\"auto, (max-width: 999px) 100vw, 999px\" \/><\/a><\/figure>\n\n\n\n<figure class=\"wp-block-image size-large\"><a href=\"https:\/\/agora.xtec.cat\/iereccomtal\/wp-content\/uploads\/usu2139\/2026\/04\/Port-comercial3.jpg\"><img loading=\"lazy\" decoding=\"async\" width=\"576\" height=\"1024\" data-id=\"11729\" src=\"https:\/\/agora.xtec.cat\/iereccomtal\/wp-content\/uploads\/usu2139\/2026\/04\/Port-comercial3-576x1024.jpg\" alt=\"\" class=\"wp-image-11729\" srcset=\"https:\/\/agora.xtec.cat\/iereccomtal\/wp-content\/uploads\/usu2139\/2026\/04\/Port-comercial3-576x1024.jpg 576w, https:\/\/agora.xtec.cat\/iereccomtal\/wp-content\/uploads\/usu2139\/2026\/04\/Port-comercial3-169x300.jpg 169w, https:\/\/agora.xtec.cat\/iereccomtal\/wp-content\/uploads\/usu2139\/2026\/04\/Port-comercial3-768x1365.jpg 768w, https:\/\/agora.xtec.cat\/iereccomtal\/wp-content\/uploads\/usu2139\/2026\/04\/Port-comercial3-864x1536.jpg 864w, https:\/\/agora.xtec.cat\/iereccomtal\/wp-content\/uploads\/usu2139\/2026\/04\/Port-comercial3.jpg 900w\" sizes=\"auto, (max-width: 576px) 100vw, 576px\" \/><\/a><\/figure>\n\n\n\n<figure class=\"wp-block-image size-large\"><a href=\"https:\/\/agora.xtec.cat\/iereccomtal\/wp-content\/uploads\/usu2139\/2026\/04\/Port-comercial2.jpg\"><img loading=\"lazy\" decoding=\"async\" width=\"576\" height=\"1024\" data-id=\"11728\" src=\"https:\/\/agora.xtec.cat\/iereccomtal\/wp-content\/uploads\/usu2139\/2026\/04\/Port-comercial2-576x1024.jpg\" alt=\"\" class=\"wp-image-11728\" srcset=\"https:\/\/agora.xtec.cat\/iereccomtal\/wp-content\/uploads\/usu2139\/2026\/04\/Port-comercial2-576x1024.jpg 576w, https:\/\/agora.xtec.cat\/iereccomtal\/wp-content\/uploads\/usu2139\/2026\/04\/Port-comercial2-169x300.jpg 169w, https:\/\/agora.xtec.cat\/iereccomtal\/wp-content\/uploads\/usu2139\/2026\/04\/Port-comercial2-768x1365.jpg 768w, https:\/\/agora.xtec.cat\/iereccomtal\/wp-content\/uploads\/usu2139\/2026\/04\/Port-comercial2-864x1536.jpg 864w, https:\/\/agora.xtec.cat\/iereccomtal\/wp-content\/uploads\/usu2139\/2026\/04\/Port-comercial2.jpg 999w\" sizes=\"auto, (max-width: 576px) 100vw, 576px\" \/><\/a><\/figure>\n\n\n\n<figure class=\"wp-block-image size-large\"><a href=\"https:\/\/agora.xtec.cat\/iereccomtal\/wp-content\/uploads\/usu2139\/2026\/04\/Port-comercial1.jpg\"><img loading=\"lazy\" decoding=\"async\" width=\"576\" height=\"1024\" data-id=\"11727\" src=\"https:\/\/agora.xtec.cat\/iereccomtal\/wp-content\/uploads\/usu2139\/2026\/04\/Port-comercial1-576x1024.jpg\" alt=\"\" class=\"wp-image-11727\" srcset=\"https:\/\/agora.xtec.cat\/iereccomtal\/wp-content\/uploads\/usu2139\/2026\/04\/Port-comercial1-576x1024.jpg 576w, https:\/\/agora.xtec.cat\/iereccomtal\/wp-content\/uploads\/usu2139\/2026\/04\/Port-comercial1-169x300.jpg 169w, https:\/\/agora.xtec.cat\/iereccomtal\/wp-content\/uploads\/usu2139\/2026\/04\/Port-comercial1-768x1365.jpg 768w, https:\/\/agora.xtec.cat\/iereccomtal\/wp-content\/uploads\/usu2139\/2026\/04\/Port-comercial1-864x1536.jpg 864w, https:\/\/agora.xtec.cat\/iereccomtal\/wp-content\/uploads\/usu2139\/2026\/04\/Port-comercial1.jpg 999w\" sizes=\"auto, (max-width: 576px) 100vw, 576px\" \/><\/a><\/figure>\n\n\n\n<figure class=\"wp-block-image size-large\"><a href=\"https:\/\/agora.xtec.cat\/iereccomtal\/wp-content\/uploads\/usu2139\/2026\/04\/Port-comercial-1.jpg\"><img loading=\"lazy\" decoding=\"async\" width=\"576\" height=\"1024\" data-id=\"11726\" src=\"https:\/\/agora.xtec.cat\/iereccomtal\/wp-content\/uploads\/usu2139\/2026\/04\/Port-comercial-1-576x1024.jpg\" alt=\"\" class=\"wp-image-11726\" srcset=\"https:\/\/agora.xtec.cat\/iereccomtal\/wp-content\/uploads\/usu2139\/2026\/04\/Port-comercial-1-576x1024.jpg 576w, https:\/\/agora.xtec.cat\/iereccomtal\/wp-content\/uploads\/usu2139\/2026\/04\/Port-comercial-1-169x300.jpg 169w, https:\/\/agora.xtec.cat\/iereccomtal\/wp-content\/uploads\/usu2139\/2026\/04\/Port-comercial-1-768x1365.jpg 768w, https:\/\/agora.xtec.cat\/iereccomtal\/wp-content\/uploads\/usu2139\/2026\/04\/Port-comercial-1-864x1536.jpg 864w, https:\/\/agora.xtec.cat\/iereccomtal\/wp-content\/uploads\/usu2139\/2026\/04\/Port-comercial-1.jpg 899w\" sizes=\"auto, (max-width: 576px) 100vw, 576px\" \/><\/a><\/figure>\n<\/figure>\n","protected":false},"excerpt":{"rendered":"<p>El passat dimecres 22 d\u2019abril, l\u2019alumnat de 3r d\u2019ESO (grups A, B i PDC) va participar en una sortida al Museu Mar\u00edtim de Barcelona per realitzar l\u2019activitat El Port Comercial de BCN, una experi\u00e8ncia educativa molt enriquidora. Durant la visita, els i les alumnes van poder con\u00e8ixer de primera m\u00e0 quines mercaderies arriben al Port [&hellip;]<\/p>\n","protected":false},"author":25,"featured_media":11725,"comment_status":"open","ping_status":"open","sticky":false,"template":"","format":"standard","meta":{"_bbp_topic_count":0,"_bbp_reply_count":0,"_bbp_total_topic_count":0,"_bbp_total_reply_count":0,"_bbp_voice_count":0,"_bbp_anonymous_reply_count":0,"_bbp_topic_count_hidden":0,"_bbp_reply_count_hidden":0,"_bbp_forum_subforum_count":0,"site-sidebar-layout":"default","site-content-layout":"","ast-site-content-layout":"default","site-content-style":"default","site-sidebar-style":"default","ast-global-header-display":"","ast-banner-title-visibility":"","ast-main-header-display":"","ast-hfb-above-header-display":"","ast-hfb-below-header-display":"","ast-hfb-mobile-header-display":"","site-post-title":"","ast-breadcrumbs-content":"","ast-featured-img":"","footer-sml-layout":"","theme-transparent-header-meta":"","adv-header-id-meta":"","stick-header-meta":"","header-above-stick-meta":"","header-main-stick-meta":"","header-below-stick-meta":"","astra-migrate-meta-layouts":"set","ast-page-background-enabled":"default","ast-page-background-meta":{"desktop":{"background-color":"var(--ast-global-color-4)","background-image":"","background-repeat":"repeat","background-position":"center center","background-size":"auto","background-attachment":"scroll","background-type":"","background-media":"","overlay-type":"","overlay-color":"","overlay-opacity":"","overlay-gradient":""},"tablet":{"background-color":"","background-image":"","background-repeat":"repeat","background-position":"center center","background-size":"auto","background-attachment":"scroll","background-type":"","background-media":"","overlay-type":"","overlay-color":"","overlay-opacity":"","overlay-gradient":""},"mobile":{"background-color":"","background-image":"","background-repeat":"repeat","background-position":"center center","background-size":"auto","background-attachment":"scroll","background-type":"","background-media":"","overlay-type":"","overlay-color":"","overlay-opacity":"","overlay-gradient":""}},"ast-content-background-meta":{"desktop":{"background-color":"var(--ast-global-color-5)","background-image":"","background-repeat":"repeat","background-position":"center center","background-size":"auto","background-attachment":"scroll","background-type":"","background-media":"","overlay-type":"","overlay-color":"","overlay-opacity":"","overlay-gradient":""},"tablet":{"background-color":"var(--ast-global-color-5)","background-image":"","background-repeat":"repeat","background-position":"center center","background-size":"auto","background-attachment":"scroll","background-type":"","background-media":"","overlay-type":"","overlay-color":"","overlay-opacity":"","overlay-gradient":""},"mobile":{"background-color":"var(--ast-global-color-5)","background-image":"","background-repeat":"repeat","background-position":"center center","background-size":"auto","background-attachment":"scroll","background-type":"","background-media":"","overlay-type":"","overlay-color":"","overlay-opacity":"","overlay-gradient":""}},"footnotes":""},"categories":[6,1,29,318],"tags":[207],"class_list":["post-11724","post","type-post","status-publish","format-standard","has-post-thumbnail","hentry","category-eso-3","category-general","category-portada","category-secundaria","tag-geografia-i-historia"],"post_mailing_queue_ids":[],"_links":{"self":[{"href":"https:\/\/agora.xtec.cat\/iereccomtal\/wp-json\/wp\/v2\/posts\/11724","targetHints":{"allow":["GET"]}}],"collection":[{"href":"https:\/\/agora.xtec.cat\/iereccomtal\/wp-json\/wp\/v2\/posts"}],"about":[{"href":"https:\/\/agora.xtec.cat\/iereccomtal\/wp-json\/wp\/v2\/types\/post"}],"author":[{"embeddable":true,"href":"https:\/\/agora.xtec.cat\/iereccomtal\/wp-json\/wp\/v2\/users\/25"}],"replies":[{"embeddable":true,"href":"https:\/\/agora.xtec.cat\/iereccomtal\/wp-json\/wp\/v2\/comments?post=11724"}],"version-history":[{"count":3,"href":"https:\/\/agora.xtec.cat\/iereccomtal\/wp-json\/wp\/v2\/posts\/11724\/revisions"}],"predecessor-version":[{"id":11741,"href":"https:\/\/agora.xtec.cat\/iereccomtal\/wp-json\/wp\/v2\/posts\/11724\/revisions\/11741"}],"wp:featuredmedia":[{"embeddable":true,"href":"https:\/\/agora.xtec.cat\/iereccomtal\/wp-json\/wp\/v2\/media\/11725"}],"wp:attachment":[{"href":"https:\/\/agora.xtec.cat\/iereccomtal\/wp-json\/wp\/v2\/media?parent=11724"}],"wp:term":[{"taxonomy":"category","embeddable":true,"href":"https:\/\/agora.xtec.cat\/iereccomtal\/wp-json\/wp\/v2\/categories?post=11724"},{"taxonomy":"post_tag","embeddable":true,"href":"https:\/\/agora.xtec.cat\/iereccomtal\/wp-json\/wp\/v2\/tags?post=11724"}],"curies":[{"name":"wp","href":"https:\/\/api.w.org\/{rel}","templated":true}]}}