{"id":11265,"date":"2025-09-21T20:19:46","date_gmt":"2025-09-21T18:19:46","guid":{"rendered":"https:\/\/agora.xtec.cat\/iereccomtal\/?p=11265"},"modified":"2025-09-26T12:45:13","modified_gmt":"2025-09-26T10:45:13","slug":"ens-embarquem-a-la-travessa-de-latlantic-mini-transat-2025","status":"publish","type":"post","link":"https:\/\/agora.xtec.cat\/iereccomtal\/general\/ens-embarquem-a-la-travessa-de-latlantic-mini-transat-2025\/","title":{"rendered":"Ens embarquem a la travessa de l&#8217;\u00c0tlantic &#8220;Mini Transat 2025&#8221;"},"content":{"rendered":"\n<p class=\"has-ast-global-color-2-color has-white-background-color has-text-color has-background has-link-color has-medium-font-size\">Us atreviu a seguir a uns i unes navegants molt eixerits i eixerides, en l&#8217;aventura en solitari m\u00e9s exigent de l&#8217;oce\u00e0 Atl\u00e0ntic?<\/p>\n<p class=\"has-ast-global-color-2-color has-white-background-color has-text-color has-background has-link-color has-medium-font-size\">El nostre alumnat de <strong>sis\u00e8 de Prim\u00e0ria i tercer de l&#8217;ESO,<\/strong>\u00a0 avui diumenge 21 de setembre es prepara per fer l&#8217;acompanyament d&#8217;<strong>una navegant molt especial : l&#8217;Anna Liisa<\/strong> de la base mini 6.50 de Barcelona.\u00a0 Acompanyades en tot moment pels especialistes del Museu Mar\u00edtim de Barcelona i la Barcelona Capital N\u00e0utica .<\/p>\n<p class=\"has-ast-global-color-2-color has-white-background-color has-text-color has-background has-link-color has-medium-font-size\">Un any m\u00e9s , ens embarquem en la dif\u00edcil travessa en solitari que els navegants comencen avui a la Bretanya Francesa, participant en el projecte &#8220;<strong><em> 22 dies en 22 peus : aventura en solitari a l\u2019Atl\u00e0ntic 2025\u201d.<\/em><\/strong><\/p>\n<p>\u00a0<\/p>\n\n\n<figure class=\"wp-block-post-featured-image\"><img loading=\"lazy\" decoding=\"async\" width=\"1440\" height=\"2560\" src=\"https:\/\/agora.xtec.cat\/iereccomtal\/wp-content\/uploads\/usu2139\/2025\/09\/PXL_20250704_074733649-scaled.jpg\" class=\"attachment-post-thumbnail size-post-thumbnail wp-post-image\" alt=\"\" style=\"object-fit:cover;\" srcset=\"https:\/\/agora.xtec.cat\/iereccomtal\/wp-content\/uploads\/usu2139\/2025\/09\/PXL_20250704_074733649-scaled.jpg 1440w, https:\/\/agora.xtec.cat\/iereccomtal\/wp-content\/uploads\/usu2139\/2025\/09\/PXL_20250704_074733649-169x300.jpg 169w, https:\/\/agora.xtec.cat\/iereccomtal\/wp-content\/uploads\/usu2139\/2025\/09\/PXL_20250704_074733649-576x1024.jpg 576w, https:\/\/agora.xtec.cat\/iereccomtal\/wp-content\/uploads\/usu2139\/2025\/09\/PXL_20250704_074733649-768x1365.jpg 768w, https:\/\/agora.xtec.cat\/iereccomtal\/wp-content\/uploads\/usu2139\/2025\/09\/PXL_20250704_074733649-864x1536.jpg 864w, https:\/\/agora.xtec.cat\/iereccomtal\/wp-content\/uploads\/usu2139\/2025\/09\/PXL_20250704_074733649-1152x2048.jpg 1152w\" sizes=\"auto, (max-width: 1440px) 100vw, 1440px\" \/><\/figure>\n\n\n<div class=\"wp-block-cover\" style=\"min-height:1175px;aspect-ratio:unset;\"><span aria-hidden=\"true\" class=\"wp-block-cover__background has-background-dim\"><\/span><div class=\"wp-block-cover__inner-container is-layout-flow wp-block-cover-is-layout-flow\">\n<div class=\"wp-block-group is-layout-constrained wp-block-group-is-layout-constrained\">\n<figure class=\"wp-block-image size-large\"><img loading=\"lazy\" decoding=\"async\" width=\"724\" height=\"1024\" src=\"https:\/\/agora.xtec.cat\/iereccomtal\/wp-content\/uploads\/usu2139\/2025\/09\/IE-Rec-Comtal-724x1024.png\" alt=\"\" class=\"wp-image-11273\" srcset=\"https:\/\/agora.xtec.cat\/iereccomtal\/wp-content\/uploads\/usu2139\/2025\/09\/IE-Rec-Comtal-724x1024.png 724w, https:\/\/agora.xtec.cat\/iereccomtal\/wp-content\/uploads\/usu2139\/2025\/09\/IE-Rec-Comtal-212x300.png 212w, https:\/\/agora.xtec.cat\/iereccomtal\/wp-content\/uploads\/usu2139\/2025\/09\/IE-Rec-Comtal-768x1086.png 768w, https:\/\/agora.xtec.cat\/iereccomtal\/wp-content\/uploads\/usu2139\/2025\/09\/IE-Rec-Comtal-1086x1536.png 1086w, https:\/\/agora.xtec.cat\/iereccomtal\/wp-content\/uploads\/usu2139\/2025\/09\/IE-Rec-Comtal.png 1414w\" sizes=\"auto, (max-width: 724px) 100vw, 724px\" \/><\/figure>\n<\/div>\n<\/div><\/div>\n\n\n<div class=\"taxonomy-category wp-block-post-terms\"><a href=\"https:\/\/agora.xtec.cat\/iereccomtal\/categoria\/secundaria\/eso-3\/\" rel=\"tag\">ESO 3<\/a><span class=\"wp-block-post-terms__separator\">, <\/span><a href=\"https:\/\/agora.xtec.cat\/iereccomtal\/categoria\/general\/\" rel=\"tag\">General<\/a><span class=\"wp-block-post-terms__separator\">, <\/span><a href=\"https:\/\/agora.xtec.cat\/iereccomtal\/categoria\/portada\/\" rel=\"tag\">Portada<\/a><span class=\"wp-block-post-terms__separator\">, <\/span><a href=\"https:\/\/agora.xtec.cat\/iereccomtal\/categoria\/primaria\/\" rel=\"tag\">Prim\u00e0ria<\/a><span class=\"wp-block-post-terms__separator\">, <\/span><a href=\"https:\/\/agora.xtec.cat\/iereccomtal\/categoria\/secundaria\/\" rel=\"tag\">Secund\u00e0ria<\/a><span class=\"wp-block-post-terms__separator\">, <\/span><a href=\"https:\/\/agora.xtec.cat\/iereccomtal\/categoria\/primaria\/sise\/\" rel=\"tag\">Sis\u00e8<\/a><span class=\"wp-block-post-terms__suffix\">, Educaci\u00f3 Prim\u00e0ria,Educaci\u00f3 Secund\u00e0ria. Geografia i Hist\u00f2ria, Projecte, <\/span><\/div>\n\n\n<p><\/p>\n","protected":false},"excerpt":{"rendered":"<p>Us atreviu a seguir a uns i unes navegants molt eixerits i eixerides, en l&#8217;aventura en solitari m\u00e9s exigent de l&#8217;oce\u00e0 Atl\u00e0ntic?<\/p>\n","protected":false},"author":25,"featured_media":11276,"comment_status":"open","ping_status":"open","sticky":false,"template":"","format":"standard","meta":{"_bbp_topic_count":0,"_bbp_reply_count":0,"_bbp_total_topic_count":0,"_bbp_total_reply_count":0,"_bbp_voice_count":0,"_bbp_anonymous_reply_count":0,"_bbp_topic_count_hidden":0,"_bbp_reply_count_hidden":0,"_bbp_forum_subforum_count":0,"site-sidebar-layout":"default","site-content-layout":"","ast-site-content-layout":"default","site-content-style":"default","site-sidebar-style":"default","ast-global-header-display":"","ast-banner-title-visibility":"","ast-main-header-display":"","ast-hfb-above-header-display":"","ast-hfb-below-header-display":"","ast-hfb-mobile-header-display":"","site-post-title":"","ast-breadcrumbs-content":"","ast-featured-img":"","footer-sml-layout":"","theme-transparent-header-meta":"","adv-header-id-meta":"","stick-header-meta":"","header-above-stick-meta":"","header-main-stick-meta":"","header-below-stick-meta":"","astra-migrate-meta-layouts":"set","ast-page-background-enabled":"default","ast-page-background-meta":{"desktop":{"background-color":"var(--ast-global-color-4)","background-image":"","background-repeat":"repeat","background-position":"center center","background-size":"auto","background-attachment":"scroll","background-type":"","background-media":"","overlay-type":"","overlay-color":"","overlay-opacity":"","overlay-gradient":""},"tablet":{"background-color":"","background-image":"","background-repeat":"repeat","background-position":"center center","background-size":"auto","background-attachment":"scroll","background-type":"","background-media":"","overlay-type":"","overlay-color":"","overlay-opacity":"","overlay-gradient":""},"mobile":{"background-color":"","background-image":"","background-repeat":"repeat","background-position":"center center","background-size":"auto","background-attachment":"scroll","background-type":"","background-media":"","overlay-type":"","overlay-color":"","overlay-opacity":"","overlay-gradient":""}},"ast-content-background-meta":{"desktop":{"background-color":"var(--ast-global-color-5)","background-image":"","background-repeat":"repeat","background-position":"center center","background-size":"auto","background-attachment":"scroll","background-type":"","background-media":"","overlay-type":"","overlay-color":"","overlay-opacity":"","overlay-gradient":""},"tablet":{"background-color":"var(--ast-global-color-5)","background-image":"","background-repeat":"repeat","background-position":"center center","background-size":"auto","background-attachment":"scroll","background-type":"","background-media":"","overlay-type":"","overlay-color":"","overlay-opacity":"","overlay-gradient":""},"mobile":{"background-color":"var(--ast-global-color-5)","background-image":"","background-repeat":"repeat","background-position":"center center","background-size":"auto","background-attachment":"scroll","background-type":"","background-media":"","overlay-type":"","overlay-color":"","overlay-opacity":"","overlay-gradient":""}},"footnotes":""},"categories":[6,1,29,104,318,111],"tags":[132,160,207,245,182],"class_list":["post-11265","post","type-post","status-publish","format-standard","has-post-thumbnail","hentry","category-eso-3","category-general","category-portada","category-primaria","category-secundaria","category-sise","tag-educacioprimaria","tag-educacio-secundaria","tag-geografia-i-historia","tag-portada","tag-projecte"],"post_mailing_queue_ids":[],"_links":{"self":[{"href":"https:\/\/agora.xtec.cat\/iereccomtal\/wp-json\/wp\/v2\/posts\/11265","targetHints":{"allow":["GET"]}}],"collection":[{"href":"https:\/\/agora.xtec.cat\/iereccomtal\/wp-json\/wp\/v2\/posts"}],"about":[{"href":"https:\/\/agora.xtec.cat\/iereccomtal\/wp-json\/wp\/v2\/types\/post"}],"author":[{"embeddable":true,"href":"https:\/\/agora.xtec.cat\/iereccomtal\/wp-json\/wp\/v2\/users\/25"}],"replies":[{"embeddable":true,"href":"https:\/\/agora.xtec.cat\/iereccomtal\/wp-json\/wp\/v2\/comments?post=11265"}],"version-history":[{"count":5,"href":"https:\/\/agora.xtec.cat\/iereccomtal\/wp-json\/wp\/v2\/posts\/11265\/revisions"}],"predecessor-version":[{"id":11286,"href":"https:\/\/agora.xtec.cat\/iereccomtal\/wp-json\/wp\/v2\/posts\/11265\/revisions\/11286"}],"wp:featuredmedia":[{"embeddable":true,"href":"https:\/\/agora.xtec.cat\/iereccomtal\/wp-json\/wp\/v2\/media\/11276"}],"wp:attachment":[{"href":"https:\/\/agora.xtec.cat\/iereccomtal\/wp-json\/wp\/v2\/media?parent=11265"}],"wp:term":[{"taxonomy":"category","embeddable":true,"href":"https:\/\/agora.xtec.cat\/iereccomtal\/wp-json\/wp\/v2\/categories?post=11265"},{"taxonomy":"post_tag","embeddable":true,"href":"https:\/\/agora.xtec.cat\/iereccomtal\/wp-json\/wp\/v2\/tags?post=11265"}],"curies":[{"name":"wp","href":"https:\/\/api.w.org\/{rel}","templated":true}]}}