{"id":11183,"date":"2025-06-21T20:54:28","date_gmt":"2025-06-21T18:54:28","guid":{"rendered":"https:\/\/agora.xtec.cat\/iereccomtal\/?p=11183"},"modified":"2025-06-21T20:54:28","modified_gmt":"2025-06-21T18:54:28","slug":"la-lluita-contra-la-desinformacio-al-rec-continua","status":"publish","type":"post","link":"https:\/\/agora.xtec.cat\/iereccomtal\/general\/la-lluita-contra-la-desinformacio-al-rec-continua\/","title":{"rendered":"La lluita contra la desinformaci\u00f3 al Rec continua"},"content":{"rendered":"<p><a href=\"https:\/\/agora.xtec.cat\/iereccomtal\/wp-content\/uploads\/usu2139\/2025\/06\/Posters-Desfake-scaled.jpg\"><img loading=\"lazy\" decoding=\"async\" class=\"aligncenter size-large wp-image-11189\" src=\"https:\/\/agora.xtec.cat\/iereccomtal\/wp-content\/uploads\/usu2139\/2025\/06\/Posters-Desfake-1024x482.jpg\" alt=\"\" width=\"1024\" height=\"482\" srcset=\"https:\/\/agora.xtec.cat\/iereccomtal\/wp-content\/uploads\/usu2139\/2025\/06\/Posters-Desfake-1024x482.jpg 1024w, https:\/\/agora.xtec.cat\/iereccomtal\/wp-content\/uploads\/usu2139\/2025\/06\/Posters-Desfake-300x141.jpg 300w, https:\/\/agora.xtec.cat\/iereccomtal\/wp-content\/uploads\/usu2139\/2025\/06\/Posters-Desfake-768x362.jpg 768w, https:\/\/agora.xtec.cat\/iereccomtal\/wp-content\/uploads\/usu2139\/2025\/06\/Posters-Desfake-1536x723.jpg 1536w, https:\/\/agora.xtec.cat\/iereccomtal\/wp-content\/uploads\/usu2139\/2025\/06\/Posters-Desfake-2048x964.jpg 2048w\" sizes=\"auto, (max-width: 1024px) 100vw, 1024px\" \/><\/a><\/p>\n<p>Roma no es va construir en un dia, i tampoc \u00a0l\u2019AMI (<a href=\"https:\/\/www.unesco.org\/es\/media-information-literacy\" target=\"_blank\" rel=\"noopener\">Alfabetitzaci\u00f3 Medi\u00e0tica i Informacional<\/a>) la podem ensenyar en un sol curs.<\/p>\n<p>Per\u00f2 per <a href=\"https:\/\/agora.xtec.cat\/iereccomtal\/general\/el-rec-entre-els-deu-centres-pioners-per-lluitar-contra-la-desinformacio\/\">segon any consecutiu<\/a>, al Rec, un dels <a href=\"https:\/\/desfake.cat\/centres-desfake\/\" target=\"_blank\" rel=\"noopener\">Centres Desfake<\/a> a Catalunya, s&#8217;ha treballat la desinformaci\u00f3 de la m\u00e0 de <a href=\"https:\/\/www.verificat.cat\/\" target=\"_blank\" rel=\"noopener\">Verificat<\/a>. Aquest any, dins de les activitats de tutoria de 1r d&#8217;ESO, l&#8217;alumnat ha profunditzat els primers passos que s&#8217;han de donar quan rebem una informaci\u00f3:<\/p>\n<ul>\n<li>Diferenciar entre fets i opinions<\/li>\n<li>Entendre com em vol fer reaccionar una determinada informaci\u00f3<\/li>\n<li>Distingir entre fons fiables i fons poc fiables<\/li>\n<\/ul>\n<figure id=\"attachment_11187\" aria-describedby=\"caption-attachment-11187\" style=\"width: 300px\" class=\"wp-caption alignright\"><a href=\"https:\/\/agora.xtec.cat\/iereccomtal\/wp-content\/uploads\/usu2139\/2025\/06\/Defake-taller-scaled.jpg\"><img loading=\"lazy\" decoding=\"async\" class=\"size-medium wp-image-11187\" src=\"https:\/\/agora.xtec.cat\/iereccomtal\/wp-content\/uploads\/usu2139\/2025\/06\/Defake-taller-300x169.jpg\" alt=\"\" width=\"300\" height=\"169\" srcset=\"https:\/\/agora.xtec.cat\/iereccomtal\/wp-content\/uploads\/usu2139\/2025\/06\/Defake-taller-300x169.jpg 300w, https:\/\/agora.xtec.cat\/iereccomtal\/wp-content\/uploads\/usu2139\/2025\/06\/Defake-taller-1024x576.jpg 1024w, https:\/\/agora.xtec.cat\/iereccomtal\/wp-content\/uploads\/usu2139\/2025\/06\/Defake-taller-768x432.jpg 768w, https:\/\/agora.xtec.cat\/iereccomtal\/wp-content\/uploads\/usu2139\/2025\/06\/Defake-taller-1536x864.jpg 1536w, https:\/\/agora.xtec.cat\/iereccomtal\/wp-content\/uploads\/usu2139\/2025\/06\/Defake-taller-2048x1152.jpg 2048w\" sizes=\"auto, (max-width: 300px) 100vw, 300px\" \/><\/a><figcaption id=\"caption-attachment-11187\" class=\"wp-caption-text\">El taller Desfake portat al Rec Comtal per a la Carla Villares (Verificat).<\/figcaption><\/figure>\n<p>Despr\u00e9s d&#8217;haver treballat aquestes idees, els i les alumnes per grup han preparat una s\u00e8rie de p\u00f2sters per resumir tot el que els hi havia quedat de les idees treballades.<\/p>\n<p>Algunes persones s&#8217;han queixat que aquesta activitat no els va semblar interessant &#8211; sense dubte, els docents no hem estat capa\u00e7os de fer-los veure quant de rellevant \u00e9s posar-se les ulleres del pensament cr\u00edtic que ens permeten discernir en l&#8217;allau de contingut que rebem cada dia a trav\u00e9s dels nostres dispositius.<\/p>\n<p>Per\u00f2 moltes i molts han sabut veure la import\u00e0ncia de la &#8220;<span style=\"font-weight: 400\">confian\u00e7a cr\u00edtica&#8221;, \u00e9s a dir, recon\u00e8ixer que cap sistema \u00e9s perfecte, per\u00f2 que cal tenir referents, contrastar i fer activisme per millorar el que tenim, no per destruir-ho.<\/span><\/p>\n<p>La Cristina Figueres i el Luca, professor del Rec, van anar a Betev\u00e9 a explicar-ho (a partir del minut 30).<\/p>\n<p><iframe loading=\"lazy\" src=\"https:\/\/cdnapisec.kaltura.com\/p\/2346171\/sp\/234617100\/embedIframeJs\/uiconf_id\/42600891\/partner_id\/2346171?iframeembed=true&amp;playerId=1_gstehwrf&amp;entry_id=1_gstehwrf&amp;flashvars[streamerType]=auto\" width=\"940\" height=\"529\" frameborder=\"0\"><\/iframe><\/p>\n<p>&nbsp;<\/p>\n<p><span style=\"font-weight: 400\"><strong>Desfake<\/strong> \u00e9s el projecte de Verificat per acompanyar infants i joves \u2014tant en entorns formals com informals\u2014 en un \u00fas cr\u00edtic i responsable de les tecnologies i de la relaci\u00f3 amb la informaci\u00f3.<\/span><\/p>\n<p>En parlem en aquest article escrit per a la cap d&#8217;estudi del Rec Pilar i pel Luca, i publicat a la revista Gra\u00f3:<\/p>\n<blockquote class=\"wp-embedded-content\" data-secret=\"19jv6ec8Ur\"><p><a href=\"https:\/\/www.grao.cat\/contingut\/centros-desfake-educando-para-el-pensamiento-critico-y-la-lucha-contra-la-desinformacion-en-el-aula\/\">Centros Desfake: Educando para el pensamiento cr\u00edtico y la lucha contra la desinformaci\u00f3n en el aula<\/a><\/p><\/blockquote>\n<p><iframe loading=\"lazy\" class=\"wp-embedded-content\" sandbox=\"allow-scripts\" security=\"restricted\" style=\"position: absolute; visibility: hidden;\" title=\"&#8220;Centros Desfake: Educando para el pensamiento cr\u00edtico y la lucha contra la desinformaci\u00f3n en el aula&#8221; &#8212; Especialistes en educaci\u00f3\" src=\"https:\/\/www.grao.cat\/contingut\/centros-desfake-educando-para-el-pensamiento-critico-y-la-lucha-contra-la-desinformacion-en-el-aula\/embed\/#?secret=Vhv0pafzNw#?secret=19jv6ec8Ur\" data-secret=\"19jv6ec8Ur\" width=\"500\" height=\"282\" frameborder=\"0\" marginwidth=\"0\" marginheight=\"0\" scrolling=\"no\"><\/iframe><\/p>\n<p>&nbsp;<\/p>\n<p>Finalment, aqu\u00ed trobeu un extracte de l&#8217;entrevista de Betev\u00e9:<\/p>\n<p>&nbsp;<\/p>\n<blockquote class=\"instagram-media\" style=\"background: #FFF;border: 0;border-radius: 3px;margin: 1px;max-width: 540px;min-width: 326px;padding: 0;width: calc(100% - 2px)\" data-instgrm-captioned=\"\" data-instgrm-permalink=\"https:\/\/www.instagram.com\/reel\/DKjidtyS2hQ\/?utm_source=ig_embed&amp;utm_campaign=loading\" data-instgrm-version=\"14\">\n<div style=\"padding: 16px\">\n<p>&nbsp;<\/p>\n<div style=\"flex-direction: row;align-items: center\">\n<div style=\"background-color: #f4f4f4;border-radius: 50%;flex-grow: 0;height: 40px;margin-right: 14px;width: 40px\"><\/div>\n<div style=\"flex-direction: column;flex-grow: 1;justify-content: center\">\n<div style=\"background-color: #f4f4f4;border-radius: 4px;flex-grow: 0;height: 14px;margin-bottom: 6px;width: 100px\"><\/div>\n<div style=\"background-color: #f4f4f4;border-radius: 4px;flex-grow: 0;height: 14px;width: 60px\"><\/div>\n<\/div>\n<\/div>\n<div style=\"padding: 19% 0\"><\/div>\n<div style=\"height: 50px;margin: 0 auto 12px;width: 50px\"><\/div>\n<div style=\"padding-top: 8px\">\n<div style=\"color: #3897f0;font-family: Arial,sans-serif;font-size: 14px;font-style: normal;font-weight: 550;line-height: 18px\">View this post on Instagram<\/div>\n<\/div>\n<div style=\"padding: 12.5% 0\"><\/div>\n<div style=\"flex-direction: row;margin-bottom: 14px;align-items: center\">\n<div>\n<div style=\"background-color: #f4f4f4;border-radius: 50%;height: 12.5px;width: 12.5px\"><\/div>\n<div style=\"background-color: #f4f4f4;height: 12.5px;width: 12.5px;flex-grow: 0;margin-right: 14px;margin-left: 2px\"><\/div>\n<div style=\"background-color: #f4f4f4;border-radius: 50%;height: 12.5px;width: 12.5px\"><\/div>\n<\/div>\n<div style=\"margin-left: 8px\">\n<div style=\"background-color: #f4f4f4;border-radius: 50%;flex-grow: 0;height: 20px;width: 20px\"><\/div>\n<div style=\"width: 0;height: 0;border-top: 2px solid transparent;border-left: 6px solid #f4f4f4;border-bottom: 2px solid transparent\"><\/div>\n<\/div>\n<div style=\"margin-left: auto\">\n<div style=\"width: 0px;border-top: 8px solid #F4F4F4;border-right: 8px solid transparent\"><\/div>\n<div style=\"background-color: #f4f4f4;flex-grow: 0;height: 12px;width: 16px\"><\/div>\n<div style=\"width: 0;height: 0;border-top: 8px solid #F4F4F4;border-left: 8px solid transparent\"><\/div>\n<\/div>\n<\/div>\n<div style=\"flex-direction: column;flex-grow: 1;justify-content: center;margin-bottom: 24px\">\n<div style=\"background-color: #f4f4f4;border-radius: 4px;flex-grow: 0;height: 14px;margin-bottom: 6px;width: 224px\"><\/div>\n<div style=\"background-color: #f4f4f4;border-radius: 4px;flex-grow: 0;height: 14px;width: 144px\"><\/div>\n<\/div>\n<p>&nbsp;<\/p>\n<p style=\"color: #c9c8cd;font-family: Arial,sans-serif;font-size: 14px;line-height: 17px;margin-bottom: 0;margin-top: 8px;overflow: hidden;padding: 8px 0 7px;text-align: center\"><a style=\"color: #c9c8cd;font-family: Arial,sans-serif;font-size: 14px;font-style: normal;font-weight: normal;line-height: 17px;text-decoration: none\" href=\"https:\/\/www.instagram.com\/reel\/DKjidtyS2hQ\/?utm_source=ig_embed&amp;utm_campaign=loading\" target=\"_blank\" rel=\"noopener\">A post shared by Verificat (@verifi_cat)<\/a><\/p>\n<\/div>\n<\/blockquote>\n<p><script async src=\"\/\/www.instagram.com\/embed.js\"><\/script><\/p>\n","protected":false},"excerpt":{"rendered":"<p>Saps si tot el que t&#8217;arriba al m\u00f2bil \u00e9s cert? L&#8217;alumnat de 1r de l&#8217;ESO aquest any t\u00e9 algunes eines m\u00e9s per descubrir-ho.<\/p>\n","protected":false},"author":68,"featured_media":11187,"comment_status":"open","ping_status":"open","sticky":false,"template":"","format":"standard","meta":{"_bbp_topic_count":0,"_bbp_reply_count":0,"_bbp_total_topic_count":0,"_bbp_total_reply_count":0,"_bbp_voice_count":0,"_bbp_anonymous_reply_count":0,"_bbp_topic_count_hidden":0,"_bbp_reply_count_hidden":0,"_bbp_forum_subforum_count":0,"site-sidebar-layout":"default","site-content-layout":"","ast-site-content-layout":"","site-content-style":"default","site-sidebar-style":"default","ast-global-header-display":"","ast-banner-title-visibility":"","ast-main-header-display":"","ast-hfb-above-header-display":"","ast-hfb-below-header-display":"","ast-hfb-mobile-header-display":"","site-post-title":"","ast-breadcrumbs-content":"","ast-featured-img":"","footer-sml-layout":"","theme-transparent-header-meta":"","adv-header-id-meta":"","stick-header-meta":"","header-above-stick-meta":"","header-main-stick-meta":"","header-below-stick-meta":"","astra-migrate-meta-layouts":"default","ast-page-background-enabled":"default","ast-page-background-meta":{"desktop":{"background-color":"var(--ast-global-color-4)","background-image":"","background-repeat":"repeat","background-position":"center center","background-size":"auto","background-attachment":"scroll","background-type":"","background-media":"","overlay-type":"","overlay-color":"","overlay-opacity":"","overlay-gradient":""},"tablet":{"background-color":"","background-image":"","background-repeat":"repeat","background-position":"center center","background-size":"auto","background-attachment":"scroll","background-type":"","background-media":"","overlay-type":"","overlay-color":"","overlay-opacity":"","overlay-gradient":""},"mobile":{"background-color":"","background-image":"","background-repeat":"repeat","background-position":"center center","background-size":"auto","background-attachment":"scroll","background-type":"","background-media":"","overlay-type":"","overlay-color":"","overlay-opacity":"","overlay-gradient":""}},"ast-content-background-meta":{"desktop":{"background-color":"var(--ast-global-color-5)","background-image":"","background-repeat":"repeat","background-position":"center center","background-size":"auto","background-attachment":"scroll","background-type":"","background-media":"","overlay-type":"","overlay-color":"","overlay-opacity":"","overlay-gradient":""},"tablet":{"background-color":"var(--ast-global-color-5)","background-image":"","background-repeat":"repeat","background-position":"center center","background-size":"auto","background-attachment":"scroll","background-type":"","background-media":"","overlay-type":"","overlay-color":"","overlay-opacity":"","overlay-gradient":""},"mobile":{"background-color":"var(--ast-global-color-5)","background-image":"","background-repeat":"repeat","background-position":"center center","background-size":"auto","background-attachment":"scroll","background-type":"","background-media":"","overlay-type":"","overlay-color":"","overlay-opacity":"","overlay-gradient":""}},"footnotes":""},"categories":[4,1,29,318],"tags":[417,398,395,397,477,399],"class_list":["post-11183","post","type-post","status-publish","format-standard","has-post-thumbnail","hentry","category-eso-1","category-general","category-portada","category-secundaria","tag-1r-eso","tag-desfake","tag-desinformacio","tag-noticias","tag-taller","tag-verificat"],"post_mailing_queue_ids":[],"_links":{"self":[{"href":"https:\/\/agora.xtec.cat\/iereccomtal\/wp-json\/wp\/v2\/posts\/11183","targetHints":{"allow":["GET"]}}],"collection":[{"href":"https:\/\/agora.xtec.cat\/iereccomtal\/wp-json\/wp\/v2\/posts"}],"about":[{"href":"https:\/\/agora.xtec.cat\/iereccomtal\/wp-json\/wp\/v2\/types\/post"}],"author":[{"embeddable":true,"href":"https:\/\/agora.xtec.cat\/iereccomtal\/wp-json\/wp\/v2\/users\/68"}],"replies":[{"embeddable":true,"href":"https:\/\/agora.xtec.cat\/iereccomtal\/wp-json\/wp\/v2\/comments?post=11183"}],"version-history":[{"count":5,"href":"https:\/\/agora.xtec.cat\/iereccomtal\/wp-json\/wp\/v2\/posts\/11183\/revisions"}],"predecessor-version":[{"id":11191,"href":"https:\/\/agora.xtec.cat\/iereccomtal\/wp-json\/wp\/v2\/posts\/11183\/revisions\/11191"}],"wp:featuredmedia":[{"embeddable":true,"href":"https:\/\/agora.xtec.cat\/iereccomtal\/wp-json\/wp\/v2\/media\/11187"}],"wp:attachment":[{"href":"https:\/\/agora.xtec.cat\/iereccomtal\/wp-json\/wp\/v2\/media?parent=11183"}],"wp:term":[{"taxonomy":"category","embeddable":true,"href":"https:\/\/agora.xtec.cat\/iereccomtal\/wp-json\/wp\/v2\/categories?post=11183"},{"taxonomy":"post_tag","embeddable":true,"href":"https:\/\/agora.xtec.cat\/iereccomtal\/wp-json\/wp\/v2\/tags?post=11183"}],"curies":[{"name":"wp","href":"https:\/\/api.w.org\/{rel}","templated":true}]}}