{"id":11126,"date":"2025-06-21T20:02:12","date_gmt":"2025-06-21T18:02:12","guid":{"rendered":"https:\/\/agora.xtec.cat\/iereccomtal\/?p=11126"},"modified":"2025-06-21T20:02:45","modified_gmt":"2025-06-21T18:02:45","slug":"alumnes-de-1r-deso-explorant-el-mon-de-les-matematiques","status":"publish","type":"post","link":"https:\/\/agora.xtec.cat\/iereccomtal\/general\/alumnes-de-1r-deso-explorant-el-mon-de-les-matematiques\/","title":{"rendered":"Alumnes de 1r d&#8217;ESO explorant el m\u00f3n de les matem\u00e0tiques"},"content":{"rendered":"<p>Una de les \u00faltimes activitats acad\u00e8miques del curs de 1r de l&#8217;ESO aquest any ha sigut la visita al <a href=\"https:\/\/mmaca.cat\/\" target=\"_blank\" rel=\"noopener\">Museu de Matem\u00e0tiques de Catalunya<\/a> (MMACA), en el Palau Mercader, a Cornell\u00e0 de Llobregat.<\/p>\n<p>Molts dels alumnes i de les alumnes no podien creure que exist\u00eds un museu completament dedicat a les matem\u00e0tiques, i menys encara que pogu\u00e9s ser divertit de visitar. &#8220;Prohibit no tocar&#8221; era l&#8217;esl\u00f2gan, i moltes i molts havien cregut no haver-ho ent\u00e8s correctament.<\/p>\n<p>Per\u00f2 no: al museu de les matem\u00e0tiques s&#8217;hi va per jugar, tocar, moure i explorar. Acompanyats per l&#8217;\u00cd\u00f1igo, la Llu\u00efsa, la Vit i el Luca, les classes de 1r A i 1r B van prendre part a una gimcana amb preguntes de l\u00f2gica i de matem\u00e0tica, i a una visita guiada de 75 minuts pels ambients del palau que \u00e9s la seu del museu. Explorant el m\u00f3n dels n\u00fameros, de les fraccions, de la probabilitat, dels miralls i de la geometria.<\/p>\n<p>Un dia solejat va acompanyar el llarg despla\u00e7ament i l&#8217;estona que vam passar al parc.<\/p>\n<p>&nbsp;<\/p>\n<div id='gallery-1' class='gallery galleryid-11126 gallery-columns-3 gallery-size-medium'><figure class='gallery-item'>\n\t\t\t<div class='gallery-icon landscape'>\n\t\t\t\t<a href='https:\/\/agora.xtec.cat\/iereccomtal\/general\/alumnes-de-1r-deso-explorant-el-mon-de-les-matematiques\/attachment\/_dsc0637\/'><img loading=\"lazy\" decoding=\"async\" width=\"300\" height=\"241\" src=\"https:\/\/agora.xtec.cat\/iereccomtal\/wp-content\/uploads\/usu2139\/2025\/06\/DSC0637-300x241.jpg\" class=\"attachment-medium size-medium\" alt=\"\" srcset=\"https:\/\/agora.xtec.cat\/iereccomtal\/wp-content\/uploads\/usu2139\/2025\/06\/DSC0637-300x241.jpg 300w, https:\/\/agora.xtec.cat\/iereccomtal\/wp-content\/uploads\/usu2139\/2025\/06\/DSC0637-1024x822.jpg 1024w, https:\/\/agora.xtec.cat\/iereccomtal\/wp-content\/uploads\/usu2139\/2025\/06\/DSC0637-768x616.jpg 768w, https:\/\/agora.xtec.cat\/iereccomtal\/wp-content\/uploads\/usu2139\/2025\/06\/DSC0637-1536x1233.jpg 1536w, https:\/\/agora.xtec.cat\/iereccomtal\/wp-content\/uploads\/usu2139\/2025\/06\/DSC0637-2048x1644.jpg 2048w\" sizes=\"auto, (max-width: 300px) 100vw, 300px\" \/><\/a>\n\t\t\t<\/div><\/figure><figure class='gallery-item'>\n\t\t\t<div class='gallery-icon landscape'>\n\t\t\t\t<a href='https:\/\/agora.xtec.cat\/iereccomtal\/general\/alumnes-de-1r-deso-explorant-el-mon-de-les-matematiques\/attachment\/_dsc0635\/'><img loading=\"lazy\" decoding=\"async\" width=\"300\" height=\"201\" src=\"https:\/\/agora.xtec.cat\/iereccomtal\/wp-content\/uploads\/usu2139\/2025\/06\/DSC0635-300x201.jpg\" class=\"attachment-medium size-medium\" alt=\"\" srcset=\"https:\/\/agora.xtec.cat\/iereccomtal\/wp-content\/uploads\/usu2139\/2025\/06\/DSC0635-300x201.jpg 300w, https:\/\/agora.xtec.cat\/iereccomtal\/wp-content\/uploads\/usu2139\/2025\/06\/DSC0635-1024x684.jpg 1024w, https:\/\/agora.xtec.cat\/iereccomtal\/wp-content\/uploads\/usu2139\/2025\/06\/DSC0635-768x513.jpg 768w, https:\/\/agora.xtec.cat\/iereccomtal\/wp-content\/uploads\/usu2139\/2025\/06\/DSC0635-1536x1027.jpg 1536w, https:\/\/agora.xtec.cat\/iereccomtal\/wp-content\/uploads\/usu2139\/2025\/06\/DSC0635-2048x1369.jpg 2048w\" sizes=\"auto, (max-width: 300px) 100vw, 300px\" \/><\/a>\n\t\t\t<\/div><\/figure><figure class='gallery-item'>\n\t\t\t<div class='gallery-icon landscape'>\n\t\t\t\t<a href='https:\/\/agora.xtec.cat\/iereccomtal\/general\/alumnes-de-1r-deso-explorant-el-mon-de-les-matematiques\/attachment\/_dsc0639\/'><img loading=\"lazy\" decoding=\"async\" width=\"300\" height=\"201\" src=\"https:\/\/agora.xtec.cat\/iereccomtal\/wp-content\/uploads\/usu2139\/2025\/06\/DSC0639-300x201.jpg\" class=\"attachment-medium size-medium\" alt=\"\" srcset=\"https:\/\/agora.xtec.cat\/iereccomtal\/wp-content\/uploads\/usu2139\/2025\/06\/DSC0639-300x201.jpg 300w, https:\/\/agora.xtec.cat\/iereccomtal\/wp-content\/uploads\/usu2139\/2025\/06\/DSC0639-1024x684.jpg 1024w, https:\/\/agora.xtec.cat\/iereccomtal\/wp-content\/uploads\/usu2139\/2025\/06\/DSC0639-768x513.jpg 768w, https:\/\/agora.xtec.cat\/iereccomtal\/wp-content\/uploads\/usu2139\/2025\/06\/DSC0639-1536x1027.jpg 1536w, https:\/\/agora.xtec.cat\/iereccomtal\/wp-content\/uploads\/usu2139\/2025\/06\/DSC0639-2048x1369.jpg 2048w\" sizes=\"auto, (max-width: 300px) 100vw, 300px\" \/><\/a>\n\t\t\t<\/div><\/figure><figure class='gallery-item'>\n\t\t\t<div class='gallery-icon landscape'>\n\t\t\t\t<a href='https:\/\/agora.xtec.cat\/iereccomtal\/general\/alumnes-de-1r-deso-explorant-el-mon-de-les-matematiques\/attachment\/_dsc0643\/'><img loading=\"lazy\" decoding=\"async\" width=\"300\" height=\"201\" src=\"https:\/\/agora.xtec.cat\/iereccomtal\/wp-content\/uploads\/usu2139\/2025\/06\/DSC0643-300x201.jpg\" class=\"attachment-medium size-medium\" alt=\"\" srcset=\"https:\/\/agora.xtec.cat\/iereccomtal\/wp-content\/uploads\/usu2139\/2025\/06\/DSC0643-300x201.jpg 300w, https:\/\/agora.xtec.cat\/iereccomtal\/wp-content\/uploads\/usu2139\/2025\/06\/DSC0643-1024x684.jpg 1024w, https:\/\/agora.xtec.cat\/iereccomtal\/wp-content\/uploads\/usu2139\/2025\/06\/DSC0643-768x513.jpg 768w, https:\/\/agora.xtec.cat\/iereccomtal\/wp-content\/uploads\/usu2139\/2025\/06\/DSC0643-1536x1027.jpg 1536w, https:\/\/agora.xtec.cat\/iereccomtal\/wp-content\/uploads\/usu2139\/2025\/06\/DSC0643-2048x1369.jpg 2048w\" sizes=\"auto, (max-width: 300px) 100vw, 300px\" \/><\/a>\n\t\t\t<\/div><\/figure><figure class='gallery-item'>\n\t\t\t<div class='gallery-icon landscape'>\n\t\t\t\t<a href='https:\/\/agora.xtec.cat\/iereccomtal\/general\/alumnes-de-1r-deso-explorant-el-mon-de-les-matematiques\/attachment\/_dsc0646\/'><img loading=\"lazy\" decoding=\"async\" width=\"300\" height=\"201\" src=\"https:\/\/agora.xtec.cat\/iereccomtal\/wp-content\/uploads\/usu2139\/2025\/06\/DSC0646-300x201.jpg\" class=\"attachment-medium size-medium\" alt=\"\" srcset=\"https:\/\/agora.xtec.cat\/iereccomtal\/wp-content\/uploads\/usu2139\/2025\/06\/DSC0646-300x201.jpg 300w, https:\/\/agora.xtec.cat\/iereccomtal\/wp-content\/uploads\/usu2139\/2025\/06\/DSC0646-1024x684.jpg 1024w, https:\/\/agora.xtec.cat\/iereccomtal\/wp-content\/uploads\/usu2139\/2025\/06\/DSC0646-768x513.jpg 768w, https:\/\/agora.xtec.cat\/iereccomtal\/wp-content\/uploads\/usu2139\/2025\/06\/DSC0646-1536x1027.jpg 1536w, https:\/\/agora.xtec.cat\/iereccomtal\/wp-content\/uploads\/usu2139\/2025\/06\/DSC0646-2048x1369.jpg 2048w\" sizes=\"auto, (max-width: 300px) 100vw, 300px\" \/><\/a>\n\t\t\t<\/div><\/figure><figure class='gallery-item'>\n\t\t\t<div class='gallery-icon landscape'>\n\t\t\t\t<a href='https:\/\/agora.xtec.cat\/iereccomtal\/general\/alumnes-de-1r-deso-explorant-el-mon-de-les-matematiques\/attachment\/_dsc0658\/'><img loading=\"lazy\" decoding=\"async\" width=\"300\" height=\"210\" src=\"https:\/\/agora.xtec.cat\/iereccomtal\/wp-content\/uploads\/usu2139\/2025\/06\/DSC0658-300x210.jpg\" class=\"attachment-medium size-medium\" alt=\"\" srcset=\"https:\/\/agora.xtec.cat\/iereccomtal\/wp-content\/uploads\/usu2139\/2025\/06\/DSC0658-300x210.jpg 300w, https:\/\/agora.xtec.cat\/iereccomtal\/wp-content\/uploads\/usu2139\/2025\/06\/DSC0658-1024x717.jpg 1024w, https:\/\/agora.xtec.cat\/iereccomtal\/wp-content\/uploads\/usu2139\/2025\/06\/DSC0658-768x538.jpg 768w, https:\/\/agora.xtec.cat\/iereccomtal\/wp-content\/uploads\/usu2139\/2025\/06\/DSC0658-1536x1076.jpg 1536w, https:\/\/agora.xtec.cat\/iereccomtal\/wp-content\/uploads\/usu2139\/2025\/06\/DSC0658-2048x1435.jpg 2048w\" sizes=\"auto, (max-width: 300px) 100vw, 300px\" \/><\/a>\n\t\t\t<\/div><\/figure><figure class='gallery-item'>\n\t\t\t<div class='gallery-icon landscape'>\n\t\t\t\t<a href='https:\/\/agora.xtec.cat\/iereccomtal\/general\/alumnes-de-1r-deso-explorant-el-mon-de-les-matematiques\/attachment\/_dsc0657\/'><img loading=\"lazy\" decoding=\"async\" width=\"300\" height=\"201\" src=\"https:\/\/agora.xtec.cat\/iereccomtal\/wp-content\/uploads\/usu2139\/2025\/06\/DSC0657-300x201.jpg\" class=\"attachment-medium size-medium\" alt=\"\" srcset=\"https:\/\/agora.xtec.cat\/iereccomtal\/wp-content\/uploads\/usu2139\/2025\/06\/DSC0657-300x201.jpg 300w, https:\/\/agora.xtec.cat\/iereccomtal\/wp-content\/uploads\/usu2139\/2025\/06\/DSC0657-1024x684.jpg 1024w, https:\/\/agora.xtec.cat\/iereccomtal\/wp-content\/uploads\/usu2139\/2025\/06\/DSC0657-768x513.jpg 768w, https:\/\/agora.xtec.cat\/iereccomtal\/wp-content\/uploads\/usu2139\/2025\/06\/DSC0657-1536x1027.jpg 1536w, https:\/\/agora.xtec.cat\/iereccomtal\/wp-content\/uploads\/usu2139\/2025\/06\/DSC0657-2048x1369.jpg 2048w\" sizes=\"auto, (max-width: 300px) 100vw, 300px\" \/><\/a>\n\t\t\t<\/div><\/figure><figure class='gallery-item'>\n\t\t\t<div class='gallery-icon portrait'>\n\t\t\t\t<a href='https:\/\/agora.xtec.cat\/iereccomtal\/general\/alumnes-de-1r-deso-explorant-el-mon-de-les-matematiques\/attachment\/_dsc0655\/'><img loading=\"lazy\" decoding=\"async\" width=\"201\" height=\"300\" src=\"https:\/\/agora.xtec.cat\/iereccomtal\/wp-content\/uploads\/usu2139\/2025\/06\/DSC0655-201x300.jpg\" class=\"attachment-medium size-medium\" alt=\"\" srcset=\"https:\/\/agora.xtec.cat\/iereccomtal\/wp-content\/uploads\/usu2139\/2025\/06\/DSC0655-201x300.jpg 201w, https:\/\/agora.xtec.cat\/iereccomtal\/wp-content\/uploads\/usu2139\/2025\/06\/DSC0655-684x1024.jpg 684w, https:\/\/agora.xtec.cat\/iereccomtal\/wp-content\/uploads\/usu2139\/2025\/06\/DSC0655-768x1149.jpg 768w, https:\/\/agora.xtec.cat\/iereccomtal\/wp-content\/uploads\/usu2139\/2025\/06\/DSC0655-1027x1536.jpg 1027w, https:\/\/agora.xtec.cat\/iereccomtal\/wp-content\/uploads\/usu2139\/2025\/06\/DSC0655-1369x2048.jpg 1369w, https:\/\/agora.xtec.cat\/iereccomtal\/wp-content\/uploads\/usu2139\/2025\/06\/DSC0655-scaled.jpg 1711w\" sizes=\"auto, (max-width: 201px) 100vw, 201px\" \/><\/a>\n\t\t\t<\/div><\/figure><figure class='gallery-item'>\n\t\t\t<div class='gallery-icon landscape'>\n\t\t\t\t<a href='https:\/\/agora.xtec.cat\/iereccomtal\/general\/alumnes-de-1r-deso-explorant-el-mon-de-les-matematiques\/attachment\/_dsc0654\/'><img loading=\"lazy\" decoding=\"async\" width=\"300\" height=\"201\" src=\"https:\/\/agora.xtec.cat\/iereccomtal\/wp-content\/uploads\/usu2139\/2025\/06\/DSC0654-300x201.jpg\" class=\"attachment-medium size-medium\" alt=\"\" srcset=\"https:\/\/agora.xtec.cat\/iereccomtal\/wp-content\/uploads\/usu2139\/2025\/06\/DSC0654-300x201.jpg 300w, https:\/\/agora.xtec.cat\/iereccomtal\/wp-content\/uploads\/usu2139\/2025\/06\/DSC0654-1024x684.jpg 1024w, https:\/\/agora.xtec.cat\/iereccomtal\/wp-content\/uploads\/usu2139\/2025\/06\/DSC0654-768x513.jpg 768w, https:\/\/agora.xtec.cat\/iereccomtal\/wp-content\/uploads\/usu2139\/2025\/06\/DSC0654-1536x1027.jpg 1536w, https:\/\/agora.xtec.cat\/iereccomtal\/wp-content\/uploads\/usu2139\/2025\/06\/DSC0654-2048x1369.jpg 2048w\" sizes=\"auto, (max-width: 300px) 100vw, 300px\" \/><\/a>\n\t\t\t<\/div><\/figure><figure class='gallery-item'>\n\t\t\t<div class='gallery-icon landscape'>\n\t\t\t\t<a href='https:\/\/agora.xtec.cat\/iereccomtal\/general\/alumnes-de-1r-deso-explorant-el-mon-de-les-matematiques\/attachment\/_dsc0653\/'><img loading=\"lazy\" decoding=\"async\" width=\"300\" height=\"201\" src=\"https:\/\/agora.xtec.cat\/iereccomtal\/wp-content\/uploads\/usu2139\/2025\/06\/DSC0653-300x201.jpg\" class=\"attachment-medium size-medium\" alt=\"\" srcset=\"https:\/\/agora.xtec.cat\/iereccomtal\/wp-content\/uploads\/usu2139\/2025\/06\/DSC0653-300x201.jpg 300w, https:\/\/agora.xtec.cat\/iereccomtal\/wp-content\/uploads\/usu2139\/2025\/06\/DSC0653-1024x684.jpg 1024w, https:\/\/agora.xtec.cat\/iereccomtal\/wp-content\/uploads\/usu2139\/2025\/06\/DSC0653-768x513.jpg 768w, https:\/\/agora.xtec.cat\/iereccomtal\/wp-content\/uploads\/usu2139\/2025\/06\/DSC0653-1536x1027.jpg 1536w, https:\/\/agora.xtec.cat\/iereccomtal\/wp-content\/uploads\/usu2139\/2025\/06\/DSC0653-2048x1369.jpg 2048w\" sizes=\"auto, (max-width: 300px) 100vw, 300px\" \/><\/a>\n\t\t\t<\/div><\/figure><figure class='gallery-item'>\n\t\t\t<div class='gallery-icon landscape'>\n\t\t\t\t<a href='https:\/\/agora.xtec.cat\/iereccomtal\/general\/alumnes-de-1r-deso-explorant-el-mon-de-les-matematiques\/attachment\/_dsc0648\/'><img loading=\"lazy\" decoding=\"async\" width=\"300\" height=\"201\" src=\"https:\/\/agora.xtec.cat\/iereccomtal\/wp-content\/uploads\/usu2139\/2025\/06\/DSC0648-300x201.jpg\" class=\"attachment-medium size-medium\" alt=\"\" srcset=\"https:\/\/agora.xtec.cat\/iereccomtal\/wp-content\/uploads\/usu2139\/2025\/06\/DSC0648-300x201.jpg 300w, https:\/\/agora.xtec.cat\/iereccomtal\/wp-content\/uploads\/usu2139\/2025\/06\/DSC0648-1024x684.jpg 1024w, https:\/\/agora.xtec.cat\/iereccomtal\/wp-content\/uploads\/usu2139\/2025\/06\/DSC0648-768x513.jpg 768w, https:\/\/agora.xtec.cat\/iereccomtal\/wp-content\/uploads\/usu2139\/2025\/06\/DSC0648-1536x1027.jpg 1536w, https:\/\/agora.xtec.cat\/iereccomtal\/wp-content\/uploads\/usu2139\/2025\/06\/DSC0648-2048x1369.jpg 2048w\" sizes=\"auto, (max-width: 300px) 100vw, 300px\" \/><\/a>\n\t\t\t<\/div><\/figure><figure class='gallery-item'>\n\t\t\t<div class='gallery-icon landscape'>\n\t\t\t\t<a href='https:\/\/agora.xtec.cat\/iereccomtal\/general\/alumnes-de-1r-deso-explorant-el-mon-de-les-matematiques\/attachment\/_dsc0659\/'><img loading=\"lazy\" decoding=\"async\" width=\"300\" height=\"201\" src=\"https:\/\/agora.xtec.cat\/iereccomtal\/wp-content\/uploads\/usu2139\/2025\/06\/DSC0659-300x201.jpg\" class=\"attachment-medium size-medium\" alt=\"\" srcset=\"https:\/\/agora.xtec.cat\/iereccomtal\/wp-content\/uploads\/usu2139\/2025\/06\/DSC0659-300x201.jpg 300w, https:\/\/agora.xtec.cat\/iereccomtal\/wp-content\/uploads\/usu2139\/2025\/06\/DSC0659-1024x684.jpg 1024w, https:\/\/agora.xtec.cat\/iereccomtal\/wp-content\/uploads\/usu2139\/2025\/06\/DSC0659-768x513.jpg 768w, https:\/\/agora.xtec.cat\/iereccomtal\/wp-content\/uploads\/usu2139\/2025\/06\/DSC0659-1536x1027.jpg 1536w, https:\/\/agora.xtec.cat\/iereccomtal\/wp-content\/uploads\/usu2139\/2025\/06\/DSC0659-2048x1369.jpg 2048w\" sizes=\"auto, (max-width: 300px) 100vw, 300px\" \/><\/a>\n\t\t\t<\/div><\/figure><figure class='gallery-item'>\n\t\t\t<div class='gallery-icon landscape'>\n\t\t\t\t<a href='https:\/\/agora.xtec.cat\/iereccomtal\/general\/alumnes-de-1r-deso-explorant-el-mon-de-les-matematiques\/attachment\/_dsc0660\/'><img loading=\"lazy\" decoding=\"async\" width=\"300\" height=\"201\" src=\"https:\/\/agora.xtec.cat\/iereccomtal\/wp-content\/uploads\/usu2139\/2025\/06\/DSC0660-300x201.jpg\" class=\"attachment-medium size-medium\" alt=\"\" srcset=\"https:\/\/agora.xtec.cat\/iereccomtal\/wp-content\/uploads\/usu2139\/2025\/06\/DSC0660-300x201.jpg 300w, https:\/\/agora.xtec.cat\/iereccomtal\/wp-content\/uploads\/usu2139\/2025\/06\/DSC0660-1024x684.jpg 1024w, https:\/\/agora.xtec.cat\/iereccomtal\/wp-content\/uploads\/usu2139\/2025\/06\/DSC0660-768x513.jpg 768w, https:\/\/agora.xtec.cat\/iereccomtal\/wp-content\/uploads\/usu2139\/2025\/06\/DSC0660-1536x1027.jpg 1536w, https:\/\/agora.xtec.cat\/iereccomtal\/wp-content\/uploads\/usu2139\/2025\/06\/DSC0660-2048x1369.jpg 2048w\" sizes=\"auto, (max-width: 300px) 100vw, 300px\" \/><\/a>\n\t\t\t<\/div><\/figure><figure class='gallery-item'>\n\t\t\t<div class='gallery-icon landscape'>\n\t\t\t\t<a href='https:\/\/agora.xtec.cat\/iereccomtal\/general\/alumnes-de-1r-deso-explorant-el-mon-de-les-matematiques\/attachment\/_dsc0661\/'><img loading=\"lazy\" decoding=\"async\" width=\"300\" height=\"201\" src=\"https:\/\/agora.xtec.cat\/iereccomtal\/wp-content\/uploads\/usu2139\/2025\/06\/DSC0661-300x201.jpg\" class=\"attachment-medium size-medium\" alt=\"\" srcset=\"https:\/\/agora.xtec.cat\/iereccomtal\/wp-content\/uploads\/usu2139\/2025\/06\/DSC0661-300x201.jpg 300w, https:\/\/agora.xtec.cat\/iereccomtal\/wp-content\/uploads\/usu2139\/2025\/06\/DSC0661-1024x684.jpg 1024w, https:\/\/agora.xtec.cat\/iereccomtal\/wp-content\/uploads\/usu2139\/2025\/06\/DSC0661-768x513.jpg 768w, https:\/\/agora.xtec.cat\/iereccomtal\/wp-content\/uploads\/usu2139\/2025\/06\/DSC0661-1536x1027.jpg 1536w, https:\/\/agora.xtec.cat\/iereccomtal\/wp-content\/uploads\/usu2139\/2025\/06\/DSC0661-2048x1369.jpg 2048w\" sizes=\"auto, (max-width: 300px) 100vw, 300px\" \/><\/a>\n\t\t\t<\/div><\/figure><figure class='gallery-item'>\n\t\t\t<div class='gallery-icon landscape'>\n\t\t\t\t<a href='https:\/\/agora.xtec.cat\/iereccomtal\/general\/alumnes-de-1r-deso-explorant-el-mon-de-les-matematiques\/attachment\/_dsc0679\/'><img loading=\"lazy\" decoding=\"async\" width=\"300\" height=\"201\" src=\"https:\/\/agora.xtec.cat\/iereccomtal\/wp-content\/uploads\/usu2139\/2025\/06\/DSC0679-300x201.jpg\" class=\"attachment-medium size-medium\" alt=\"\" srcset=\"https:\/\/agora.xtec.cat\/iereccomtal\/wp-content\/uploads\/usu2139\/2025\/06\/DSC0679-300x201.jpg 300w, https:\/\/agora.xtec.cat\/iereccomtal\/wp-content\/uploads\/usu2139\/2025\/06\/DSC0679-1024x684.jpg 1024w, https:\/\/agora.xtec.cat\/iereccomtal\/wp-content\/uploads\/usu2139\/2025\/06\/DSC0679-768x513.jpg 768w, https:\/\/agora.xtec.cat\/iereccomtal\/wp-content\/uploads\/usu2139\/2025\/06\/DSC0679-1536x1027.jpg 1536w, https:\/\/agora.xtec.cat\/iereccomtal\/wp-content\/uploads\/usu2139\/2025\/06\/DSC0679-2048x1369.jpg 2048w\" sizes=\"auto, (max-width: 300px) 100vw, 300px\" \/><\/a>\n\t\t\t<\/div><\/figure><figure class='gallery-item'>\n\t\t\t<div class='gallery-icon landscape'>\n\t\t\t\t<a href='https:\/\/agora.xtec.cat\/iereccomtal\/general\/alumnes-de-1r-deso-explorant-el-mon-de-les-matematiques\/attachment\/_dsc0662\/'><img loading=\"lazy\" decoding=\"async\" width=\"300\" height=\"201\" src=\"https:\/\/agora.xtec.cat\/iereccomtal\/wp-content\/uploads\/usu2139\/2025\/06\/DSC0662-300x201.jpg\" class=\"attachment-medium size-medium\" alt=\"\" srcset=\"https:\/\/agora.xtec.cat\/iereccomtal\/wp-content\/uploads\/usu2139\/2025\/06\/DSC0662-300x201.jpg 300w, https:\/\/agora.xtec.cat\/iereccomtal\/wp-content\/uploads\/usu2139\/2025\/06\/DSC0662-1024x684.jpg 1024w, https:\/\/agora.xtec.cat\/iereccomtal\/wp-content\/uploads\/usu2139\/2025\/06\/DSC0662-768x513.jpg 768w, https:\/\/agora.xtec.cat\/iereccomtal\/wp-content\/uploads\/usu2139\/2025\/06\/DSC0662-1536x1027.jpg 1536w, https:\/\/agora.xtec.cat\/iereccomtal\/wp-content\/uploads\/usu2139\/2025\/06\/DSC0662-2048x1369.jpg 2048w\" sizes=\"auto, (max-width: 300px) 100vw, 300px\" \/><\/a>\n\t\t\t<\/div><\/figure><figure class='gallery-item'>\n\t\t\t<div class='gallery-icon landscape'>\n\t\t\t\t<a href='https:\/\/agora.xtec.cat\/iereccomtal\/general\/alumnes-de-1r-deso-explorant-el-mon-de-les-matematiques\/attachment\/_dsc0663\/'><img loading=\"lazy\" decoding=\"async\" width=\"300\" height=\"201\" src=\"https:\/\/agora.xtec.cat\/iereccomtal\/wp-content\/uploads\/usu2139\/2025\/06\/DSC0663-300x201.jpg\" class=\"attachment-medium size-medium\" alt=\"\" srcset=\"https:\/\/agora.xtec.cat\/iereccomtal\/wp-content\/uploads\/usu2139\/2025\/06\/DSC0663-300x201.jpg 300w, https:\/\/agora.xtec.cat\/iereccomtal\/wp-content\/uploads\/usu2139\/2025\/06\/DSC0663-1024x684.jpg 1024w, https:\/\/agora.xtec.cat\/iereccomtal\/wp-content\/uploads\/usu2139\/2025\/06\/DSC0663-768x513.jpg 768w, https:\/\/agora.xtec.cat\/iereccomtal\/wp-content\/uploads\/usu2139\/2025\/06\/DSC0663-1536x1027.jpg 1536w, https:\/\/agora.xtec.cat\/iereccomtal\/wp-content\/uploads\/usu2139\/2025\/06\/DSC0663-2048x1369.jpg 2048w\" sizes=\"auto, (max-width: 300px) 100vw, 300px\" \/><\/a>\n\t\t\t<\/div><\/figure><figure class='gallery-item'>\n\t\t\t<div class='gallery-icon landscape'>\n\t\t\t\t<a href='https:\/\/agora.xtec.cat\/iereccomtal\/general\/alumnes-de-1r-deso-explorant-el-mon-de-les-matematiques\/attachment\/_dsc0664\/'><img loading=\"lazy\" decoding=\"async\" width=\"300\" height=\"201\" src=\"https:\/\/agora.xtec.cat\/iereccomtal\/wp-content\/uploads\/usu2139\/2025\/06\/DSC0664-300x201.jpg\" class=\"attachment-medium size-medium\" alt=\"\" srcset=\"https:\/\/agora.xtec.cat\/iereccomtal\/wp-content\/uploads\/usu2139\/2025\/06\/DSC0664-300x201.jpg 300w, https:\/\/agora.xtec.cat\/iereccomtal\/wp-content\/uploads\/usu2139\/2025\/06\/DSC0664-1024x684.jpg 1024w, https:\/\/agora.xtec.cat\/iereccomtal\/wp-content\/uploads\/usu2139\/2025\/06\/DSC0664-768x513.jpg 768w, https:\/\/agora.xtec.cat\/iereccomtal\/wp-content\/uploads\/usu2139\/2025\/06\/DSC0664-1536x1027.jpg 1536w, https:\/\/agora.xtec.cat\/iereccomtal\/wp-content\/uploads\/usu2139\/2025\/06\/DSC0664-2048x1369.jpg 2048w\" sizes=\"auto, (max-width: 300px) 100vw, 300px\" \/><\/a>\n\t\t\t<\/div><\/figure><figure class='gallery-item'>\n\t\t\t<div class='gallery-icon landscape'>\n\t\t\t\t<a href='https:\/\/agora.xtec.cat\/iereccomtal\/general\/alumnes-de-1r-deso-explorant-el-mon-de-les-matematiques\/attachment\/_dsc0677\/'><img loading=\"lazy\" decoding=\"async\" width=\"300\" height=\"219\" src=\"https:\/\/agora.xtec.cat\/iereccomtal\/wp-content\/uploads\/usu2139\/2025\/06\/DSC0677-300x219.jpg\" class=\"attachment-medium size-medium\" alt=\"\" srcset=\"https:\/\/agora.xtec.cat\/iereccomtal\/wp-content\/uploads\/usu2139\/2025\/06\/DSC0677-300x219.jpg 300w, https:\/\/agora.xtec.cat\/iereccomtal\/wp-content\/uploads\/usu2139\/2025\/06\/DSC0677-1024x749.jpg 1024w, https:\/\/agora.xtec.cat\/iereccomtal\/wp-content\/uploads\/usu2139\/2025\/06\/DSC0677-768x562.jpg 768w, https:\/\/agora.xtec.cat\/iereccomtal\/wp-content\/uploads\/usu2139\/2025\/06\/DSC0677-1536x1124.jpg 1536w, https:\/\/agora.xtec.cat\/iereccomtal\/wp-content\/uploads\/usu2139\/2025\/06\/DSC0677-2048x1498.jpg 2048w\" sizes=\"auto, (max-width: 300px) 100vw, 300px\" \/><\/a>\n\t\t\t<\/div><\/figure><figure class='gallery-item'>\n\t\t\t<div class='gallery-icon landscape'>\n\t\t\t\t<a href='https:\/\/agora.xtec.cat\/iereccomtal\/general\/alumnes-de-1r-deso-explorant-el-mon-de-les-matematiques\/attachment\/_dsc0676\/'><img loading=\"lazy\" decoding=\"async\" width=\"300\" height=\"201\" src=\"https:\/\/agora.xtec.cat\/iereccomtal\/wp-content\/uploads\/usu2139\/2025\/06\/DSC0676-300x201.jpg\" class=\"attachment-medium size-medium\" alt=\"\" srcset=\"https:\/\/agora.xtec.cat\/iereccomtal\/wp-content\/uploads\/usu2139\/2025\/06\/DSC0676-300x201.jpg 300w, https:\/\/agora.xtec.cat\/iereccomtal\/wp-content\/uploads\/usu2139\/2025\/06\/DSC0676-1024x684.jpg 1024w, https:\/\/agora.xtec.cat\/iereccomtal\/wp-content\/uploads\/usu2139\/2025\/06\/DSC0676-768x513.jpg 768w, https:\/\/agora.xtec.cat\/iereccomtal\/wp-content\/uploads\/usu2139\/2025\/06\/DSC0676-1536x1027.jpg 1536w, https:\/\/agora.xtec.cat\/iereccomtal\/wp-content\/uploads\/usu2139\/2025\/06\/DSC0676-2048x1369.jpg 2048w\" sizes=\"auto, (max-width: 300px) 100vw, 300px\" \/><\/a>\n\t\t\t<\/div><\/figure><figure class='gallery-item'>\n\t\t\t<div class='gallery-icon landscape'>\n\t\t\t\t<a href='https:\/\/agora.xtec.cat\/iereccomtal\/general\/alumnes-de-1r-deso-explorant-el-mon-de-les-matematiques\/attachment\/_dsc0669\/'><img loading=\"lazy\" decoding=\"async\" width=\"300\" height=\"189\" src=\"https:\/\/agora.xtec.cat\/iereccomtal\/wp-content\/uploads\/usu2139\/2025\/06\/DSC0669-300x189.jpg\" class=\"attachment-medium size-medium\" alt=\"\" srcset=\"https:\/\/agora.xtec.cat\/iereccomtal\/wp-content\/uploads\/usu2139\/2025\/06\/DSC0669-300x189.jpg 300w, https:\/\/agora.xtec.cat\/iereccomtal\/wp-content\/uploads\/usu2139\/2025\/06\/DSC0669-1024x644.jpg 1024w, https:\/\/agora.xtec.cat\/iereccomtal\/wp-content\/uploads\/usu2139\/2025\/06\/DSC0669-768x483.jpg 768w, https:\/\/agora.xtec.cat\/iereccomtal\/wp-content\/uploads\/usu2139\/2025\/06\/DSC0669-1536x966.jpg 1536w, https:\/\/agora.xtec.cat\/iereccomtal\/wp-content\/uploads\/usu2139\/2025\/06\/DSC0669-2048x1288.jpg 2048w\" sizes=\"auto, (max-width: 300px) 100vw, 300px\" \/><\/a>\n\t\t\t<\/div><\/figure><figure class='gallery-item'>\n\t\t\t<div class='gallery-icon landscape'>\n\t\t\t\t<a href='https:\/\/agora.xtec.cat\/iereccomtal\/general\/alumnes-de-1r-deso-explorant-el-mon-de-les-matematiques\/attachment\/_dsc0668\/'><img loading=\"lazy\" decoding=\"async\" width=\"300\" height=\"201\" src=\"https:\/\/agora.xtec.cat\/iereccomtal\/wp-content\/uploads\/usu2139\/2025\/06\/DSC0668-300x201.jpg\" class=\"attachment-medium size-medium\" alt=\"\" srcset=\"https:\/\/agora.xtec.cat\/iereccomtal\/wp-content\/uploads\/usu2139\/2025\/06\/DSC0668-300x201.jpg 300w, https:\/\/agora.xtec.cat\/iereccomtal\/wp-content\/uploads\/usu2139\/2025\/06\/DSC0668-1024x684.jpg 1024w, https:\/\/agora.xtec.cat\/iereccomtal\/wp-content\/uploads\/usu2139\/2025\/06\/DSC0668-768x513.jpg 768w, https:\/\/agora.xtec.cat\/iereccomtal\/wp-content\/uploads\/usu2139\/2025\/06\/DSC0668-1536x1027.jpg 1536w, https:\/\/agora.xtec.cat\/iereccomtal\/wp-content\/uploads\/usu2139\/2025\/06\/DSC0668-2048x1369.jpg 2048w\" sizes=\"auto, (max-width: 300px) 100vw, 300px\" \/><\/a>\n\t\t\t<\/div><\/figure><figure class='gallery-item'>\n\t\t\t<div class='gallery-icon portrait'>\n\t\t\t\t<a href='https:\/\/agora.xtec.cat\/iereccomtal\/general\/alumnes-de-1r-deso-explorant-el-mon-de-les-matematiques\/attachment\/_dsc0665\/'><img loading=\"lazy\" decoding=\"async\" width=\"201\" height=\"300\" src=\"https:\/\/agora.xtec.cat\/iereccomtal\/wp-content\/uploads\/usu2139\/2025\/06\/DSC0665-201x300.jpg\" class=\"attachment-medium size-medium\" alt=\"\" srcset=\"https:\/\/agora.xtec.cat\/iereccomtal\/wp-content\/uploads\/usu2139\/2025\/06\/DSC0665-201x300.jpg 201w, https:\/\/agora.xtec.cat\/iereccomtal\/wp-content\/uploads\/usu2139\/2025\/06\/DSC0665-684x1024.jpg 684w, https:\/\/agora.xtec.cat\/iereccomtal\/wp-content\/uploads\/usu2139\/2025\/06\/DSC0665-768x1149.jpg 768w, https:\/\/agora.xtec.cat\/iereccomtal\/wp-content\/uploads\/usu2139\/2025\/06\/DSC0665-1027x1536.jpg 1027w, https:\/\/agora.xtec.cat\/iereccomtal\/wp-content\/uploads\/usu2139\/2025\/06\/DSC0665-1369x2048.jpg 1369w, https:\/\/agora.xtec.cat\/iereccomtal\/wp-content\/uploads\/usu2139\/2025\/06\/DSC0665-scaled.jpg 1711w\" sizes=\"auto, (max-width: 201px) 100vw, 201px\" \/><\/a>\n\t\t\t<\/div><\/figure><figure class='gallery-item'>\n\t\t\t<div class='gallery-icon landscape'>\n\t\t\t\t<a href='https:\/\/agora.xtec.cat\/iereccomtal\/general\/alumnes-de-1r-deso-explorant-el-mon-de-les-matematiques\/attachment\/_dsc0680\/'><img loading=\"lazy\" decoding=\"async\" width=\"300\" height=\"201\" src=\"https:\/\/agora.xtec.cat\/iereccomtal\/wp-content\/uploads\/usu2139\/2025\/06\/DSC0680-300x201.jpg\" class=\"attachment-medium size-medium\" alt=\"\" srcset=\"https:\/\/agora.xtec.cat\/iereccomtal\/wp-content\/uploads\/usu2139\/2025\/06\/DSC0680-300x201.jpg 300w, https:\/\/agora.xtec.cat\/iereccomtal\/wp-content\/uploads\/usu2139\/2025\/06\/DSC0680-1024x684.jpg 1024w, https:\/\/agora.xtec.cat\/iereccomtal\/wp-content\/uploads\/usu2139\/2025\/06\/DSC0680-768x513.jpg 768w, https:\/\/agora.xtec.cat\/iereccomtal\/wp-content\/uploads\/usu2139\/2025\/06\/DSC0680-1536x1027.jpg 1536w, https:\/\/agora.xtec.cat\/iereccomtal\/wp-content\/uploads\/usu2139\/2025\/06\/DSC0680-2048x1369.jpg 2048w\" sizes=\"auto, (max-width: 300px) 100vw, 300px\" \/><\/a>\n\t\t\t<\/div><\/figure><figure class='gallery-item'>\n\t\t\t<div class='gallery-icon landscape'>\n\t\t\t\t<a href='https:\/\/agora.xtec.cat\/iereccomtal\/general\/alumnes-de-1r-deso-explorant-el-mon-de-les-matematiques\/attachment\/_dsc0681\/'><img loading=\"lazy\" decoding=\"async\" width=\"300\" height=\"201\" src=\"https:\/\/agora.xtec.cat\/iereccomtal\/wp-content\/uploads\/usu2139\/2025\/06\/DSC0681-300x201.jpg\" class=\"attachment-medium size-medium\" alt=\"\" srcset=\"https:\/\/agora.xtec.cat\/iereccomtal\/wp-content\/uploads\/usu2139\/2025\/06\/DSC0681-300x201.jpg 300w, https:\/\/agora.xtec.cat\/iereccomtal\/wp-content\/uploads\/usu2139\/2025\/06\/DSC0681-1024x684.jpg 1024w, https:\/\/agora.xtec.cat\/iereccomtal\/wp-content\/uploads\/usu2139\/2025\/06\/DSC0681-768x513.jpg 768w, https:\/\/agora.xtec.cat\/iereccomtal\/wp-content\/uploads\/usu2139\/2025\/06\/DSC0681-1536x1027.jpg 1536w, https:\/\/agora.xtec.cat\/iereccomtal\/wp-content\/uploads\/usu2139\/2025\/06\/DSC0681-2048x1369.jpg 2048w\" sizes=\"auto, (max-width: 300px) 100vw, 300px\" \/><\/a>\n\t\t\t<\/div><\/figure><figure class='gallery-item'>\n\t\t\t<div class='gallery-icon landscape'>\n\t\t\t\t<a href='https:\/\/agora.xtec.cat\/iereccomtal\/general\/alumnes-de-1r-deso-explorant-el-mon-de-les-matematiques\/attachment\/_dsc0691\/'><img loading=\"lazy\" decoding=\"async\" width=\"300\" height=\"201\" src=\"https:\/\/agora.xtec.cat\/iereccomtal\/wp-content\/uploads\/usu2139\/2025\/06\/DSC0691-300x201.jpg\" class=\"attachment-medium size-medium\" alt=\"\" srcset=\"https:\/\/agora.xtec.cat\/iereccomtal\/wp-content\/uploads\/usu2139\/2025\/06\/DSC0691-300x201.jpg 300w, https:\/\/agora.xtec.cat\/iereccomtal\/wp-content\/uploads\/usu2139\/2025\/06\/DSC0691-1024x684.jpg 1024w, https:\/\/agora.xtec.cat\/iereccomtal\/wp-content\/uploads\/usu2139\/2025\/06\/DSC0691-768x513.jpg 768w, https:\/\/agora.xtec.cat\/iereccomtal\/wp-content\/uploads\/usu2139\/2025\/06\/DSC0691-1536x1027.jpg 1536w, https:\/\/agora.xtec.cat\/iereccomtal\/wp-content\/uploads\/usu2139\/2025\/06\/DSC0691-2048x1369.jpg 2048w\" sizes=\"auto, (max-width: 300px) 100vw, 300px\" \/><\/a>\n\t\t\t<\/div><\/figure><figure class='gallery-item'>\n\t\t\t<div class='gallery-icon landscape'>\n\t\t\t\t<a href='https:\/\/agora.xtec.cat\/iereccomtal\/general\/alumnes-de-1r-deso-explorant-el-mon-de-les-matematiques\/attachment\/_dsc0696\/'><img loading=\"lazy\" decoding=\"async\" width=\"300\" height=\"201\" src=\"https:\/\/agora.xtec.cat\/iereccomtal\/wp-content\/uploads\/usu2139\/2025\/06\/DSC0696-300x201.jpg\" class=\"attachment-medium size-medium\" alt=\"\" srcset=\"https:\/\/agora.xtec.cat\/iereccomtal\/wp-content\/uploads\/usu2139\/2025\/06\/DSC0696-300x201.jpg 300w, https:\/\/agora.xtec.cat\/iereccomtal\/wp-content\/uploads\/usu2139\/2025\/06\/DSC0696-1024x684.jpg 1024w, https:\/\/agora.xtec.cat\/iereccomtal\/wp-content\/uploads\/usu2139\/2025\/06\/DSC0696-768x513.jpg 768w, https:\/\/agora.xtec.cat\/iereccomtal\/wp-content\/uploads\/usu2139\/2025\/06\/DSC0696-1536x1027.jpg 1536w, https:\/\/agora.xtec.cat\/iereccomtal\/wp-content\/uploads\/usu2139\/2025\/06\/DSC0696-2048x1369.jpg 2048w\" sizes=\"auto, (max-width: 300px) 100vw, 300px\" \/><\/a>\n\t\t\t<\/div><\/figure><figure class='gallery-item'>\n\t\t\t<div class='gallery-icon landscape'>\n\t\t\t\t<a href='https:\/\/agora.xtec.cat\/iereccomtal\/general\/alumnes-de-1r-deso-explorant-el-mon-de-les-matematiques\/attachment\/_dsc0698\/'><img loading=\"lazy\" decoding=\"async\" width=\"300\" height=\"258\" src=\"https:\/\/agora.xtec.cat\/iereccomtal\/wp-content\/uploads\/usu2139\/2025\/06\/DSC0698-300x258.jpg\" class=\"attachment-medium size-medium\" alt=\"\" srcset=\"https:\/\/agora.xtec.cat\/iereccomtal\/wp-content\/uploads\/usu2139\/2025\/06\/DSC0698-300x258.jpg 300w, https:\/\/agora.xtec.cat\/iereccomtal\/wp-content\/uploads\/usu2139\/2025\/06\/DSC0698-1024x882.jpg 1024w, https:\/\/agora.xtec.cat\/iereccomtal\/wp-content\/uploads\/usu2139\/2025\/06\/DSC0698-768x661.jpg 768w, https:\/\/agora.xtec.cat\/iereccomtal\/wp-content\/uploads\/usu2139\/2025\/06\/DSC0698-1536x1323.jpg 1536w, https:\/\/agora.xtec.cat\/iereccomtal\/wp-content\/uploads\/usu2139\/2025\/06\/DSC0698-2048x1764.jpg 2048w\" sizes=\"auto, (max-width: 300px) 100vw, 300px\" \/><\/a>\n\t\t\t<\/div><\/figure><figure class='gallery-item'>\n\t\t\t<div class='gallery-icon portrait'>\n\t\t\t\t<a href='https:\/\/agora.xtec.cat\/iereccomtal\/general\/alumnes-de-1r-deso-explorant-el-mon-de-les-matematiques\/attachment\/_dsc0704\/'><img loading=\"lazy\" decoding=\"async\" width=\"201\" height=\"300\" src=\"https:\/\/agora.xtec.cat\/iereccomtal\/wp-content\/uploads\/usu2139\/2025\/06\/DSC0704-201x300.jpg\" class=\"attachment-medium size-medium\" alt=\"\" srcset=\"https:\/\/agora.xtec.cat\/iereccomtal\/wp-content\/uploads\/usu2139\/2025\/06\/DSC0704-201x300.jpg 201w, https:\/\/agora.xtec.cat\/iereccomtal\/wp-content\/uploads\/usu2139\/2025\/06\/DSC0704-684x1024.jpg 684w, https:\/\/agora.xtec.cat\/iereccomtal\/wp-content\/uploads\/usu2139\/2025\/06\/DSC0704-768x1149.jpg 768w, https:\/\/agora.xtec.cat\/iereccomtal\/wp-content\/uploads\/usu2139\/2025\/06\/DSC0704-1027x1536.jpg 1027w, https:\/\/agora.xtec.cat\/iereccomtal\/wp-content\/uploads\/usu2139\/2025\/06\/DSC0704-1369x2048.jpg 1369w, https:\/\/agora.xtec.cat\/iereccomtal\/wp-content\/uploads\/usu2139\/2025\/06\/DSC0704-scaled.jpg 1711w\" sizes=\"auto, (max-width: 201px) 100vw, 201px\" \/><\/a>\n\t\t\t<\/div><\/figure><figure class='gallery-item'>\n\t\t\t<div class='gallery-icon landscape'>\n\t\t\t\t<a href='https:\/\/agora.xtec.cat\/iereccomtal\/general\/alumnes-de-1r-deso-explorant-el-mon-de-les-matematiques\/attachment\/_dsc0717\/'><img loading=\"lazy\" decoding=\"async\" width=\"300\" height=\"201\" src=\"https:\/\/agora.xtec.cat\/iereccomtal\/wp-content\/uploads\/usu2139\/2025\/06\/DSC0717-300x201.jpg\" class=\"attachment-medium size-medium\" alt=\"\" srcset=\"https:\/\/agora.xtec.cat\/iereccomtal\/wp-content\/uploads\/usu2139\/2025\/06\/DSC0717-300x201.jpg 300w, https:\/\/agora.xtec.cat\/iereccomtal\/wp-content\/uploads\/usu2139\/2025\/06\/DSC0717-1024x684.jpg 1024w, https:\/\/agora.xtec.cat\/iereccomtal\/wp-content\/uploads\/usu2139\/2025\/06\/DSC0717-768x513.jpg 768w, https:\/\/agora.xtec.cat\/iereccomtal\/wp-content\/uploads\/usu2139\/2025\/06\/DSC0717-1536x1027.jpg 1536w, https:\/\/agora.xtec.cat\/iereccomtal\/wp-content\/uploads\/usu2139\/2025\/06\/DSC0717-2048x1369.jpg 2048w\" sizes=\"auto, (max-width: 300px) 100vw, 300px\" \/><\/a>\n\t\t\t<\/div><\/figure><figure class='gallery-item'>\n\t\t\t<div class='gallery-icon landscape'>\n\t\t\t\t<a href='https:\/\/agora.xtec.cat\/iereccomtal\/general\/alumnes-de-1r-deso-explorant-el-mon-de-les-matematiques\/attachment\/_dsc0714\/'><img loading=\"lazy\" decoding=\"async\" width=\"300\" height=\"201\" src=\"https:\/\/agora.xtec.cat\/iereccomtal\/wp-content\/uploads\/usu2139\/2025\/06\/DSC0714-300x201.jpg\" class=\"attachment-medium size-medium\" alt=\"\" srcset=\"https:\/\/agora.xtec.cat\/iereccomtal\/wp-content\/uploads\/usu2139\/2025\/06\/DSC0714-300x201.jpg 300w, https:\/\/agora.xtec.cat\/iereccomtal\/wp-content\/uploads\/usu2139\/2025\/06\/DSC0714-1024x684.jpg 1024w, https:\/\/agora.xtec.cat\/iereccomtal\/wp-content\/uploads\/usu2139\/2025\/06\/DSC0714-768x513.jpg 768w, https:\/\/agora.xtec.cat\/iereccomtal\/wp-content\/uploads\/usu2139\/2025\/06\/DSC0714-1536x1027.jpg 1536w, https:\/\/agora.xtec.cat\/iereccomtal\/wp-content\/uploads\/usu2139\/2025\/06\/DSC0714-2048x1369.jpg 2048w\" sizes=\"auto, (max-width: 300px) 100vw, 300px\" \/><\/a>\n\t\t\t<\/div><\/figure><figure class='gallery-item'>\n\t\t\t<div class='gallery-icon landscape'>\n\t\t\t\t<a href='https:\/\/agora.xtec.cat\/iereccomtal\/general\/alumnes-de-1r-deso-explorant-el-mon-de-les-matematiques\/attachment\/_dsc0711\/'><img loading=\"lazy\" decoding=\"async\" width=\"300\" height=\"201\" src=\"https:\/\/agora.xtec.cat\/iereccomtal\/wp-content\/uploads\/usu2139\/2025\/06\/DSC0711-300x201.jpg\" class=\"attachment-medium size-medium\" alt=\"Dues alumnes gaudeixen del museu de les matem\u00e0tiques\" srcset=\"https:\/\/agora.xtec.cat\/iereccomtal\/wp-content\/uploads\/usu2139\/2025\/06\/DSC0711-300x201.jpg 300w, https:\/\/agora.xtec.cat\/iereccomtal\/wp-content\/uploads\/usu2139\/2025\/06\/DSC0711-1024x685.jpg 1024w, https:\/\/agora.xtec.cat\/iereccomtal\/wp-content\/uploads\/usu2139\/2025\/06\/DSC0711-768x514.jpg 768w, https:\/\/agora.xtec.cat\/iereccomtal\/wp-content\/uploads\/usu2139\/2025\/06\/DSC0711-1536x1027.jpg 1536w, https:\/\/agora.xtec.cat\/iereccomtal\/wp-content\/uploads\/usu2139\/2025\/06\/DSC0711-2048x1369.jpg 2048w\" sizes=\"auto, (max-width: 300px) 100vw, 300px\" \/><\/a>\n\t\t\t<\/div><\/figure><figure class='gallery-item'>\n\t\t\t<div class='gallery-icon landscape'>\n\t\t\t\t<a href='https:\/\/agora.xtec.cat\/iereccomtal\/general\/alumnes-de-1r-deso-explorant-el-mon-de-les-matematiques\/attachment\/_dsc0710\/'><img loading=\"lazy\" decoding=\"async\" width=\"300\" height=\"201\" src=\"https:\/\/agora.xtec.cat\/iereccomtal\/wp-content\/uploads\/usu2139\/2025\/06\/DSC0710-300x201.jpg\" class=\"attachment-medium size-medium\" alt=\"\" srcset=\"https:\/\/agora.xtec.cat\/iereccomtal\/wp-content\/uploads\/usu2139\/2025\/06\/DSC0710-300x201.jpg 300w, https:\/\/agora.xtec.cat\/iereccomtal\/wp-content\/uploads\/usu2139\/2025\/06\/DSC0710-1024x684.jpg 1024w, https:\/\/agora.xtec.cat\/iereccomtal\/wp-content\/uploads\/usu2139\/2025\/06\/DSC0710-768x513.jpg 768w, https:\/\/agora.xtec.cat\/iereccomtal\/wp-content\/uploads\/usu2139\/2025\/06\/DSC0710-1536x1027.jpg 1536w, https:\/\/agora.xtec.cat\/iereccomtal\/wp-content\/uploads\/usu2139\/2025\/06\/DSC0710-2048x1369.jpg 2048w\" sizes=\"auto, (max-width: 300px) 100vw, 300px\" \/><\/a>\n\t\t\t<\/div><\/figure><figure class='gallery-item'>\n\t\t\t<div class='gallery-icon landscape'>\n\t\t\t\t<a href='https:\/\/agora.xtec.cat\/iereccomtal\/general\/alumnes-de-1r-deso-explorant-el-mon-de-les-matematiques\/attachment\/_dsc0707\/'><img loading=\"lazy\" decoding=\"async\" width=\"300\" height=\"201\" src=\"https:\/\/agora.xtec.cat\/iereccomtal\/wp-content\/uploads\/usu2139\/2025\/06\/DSC0707-300x201.jpg\" class=\"attachment-medium size-medium\" alt=\"\" srcset=\"https:\/\/agora.xtec.cat\/iereccomtal\/wp-content\/uploads\/usu2139\/2025\/06\/DSC0707-300x201.jpg 300w, https:\/\/agora.xtec.cat\/iereccomtal\/wp-content\/uploads\/usu2139\/2025\/06\/DSC0707-1024x684.jpg 1024w, https:\/\/agora.xtec.cat\/iereccomtal\/wp-content\/uploads\/usu2139\/2025\/06\/DSC0707-768x513.jpg 768w, https:\/\/agora.xtec.cat\/iereccomtal\/wp-content\/uploads\/usu2139\/2025\/06\/DSC0707-1536x1027.jpg 1536w, https:\/\/agora.xtec.cat\/iereccomtal\/wp-content\/uploads\/usu2139\/2025\/06\/DSC0707-2048x1369.jpg 2048w\" sizes=\"auto, (max-width: 300px) 100vw, 300px\" \/><\/a>\n\t\t\t<\/div><\/figure><figure class='gallery-item'>\n\t\t\t<div class='gallery-icon landscape'>\n\t\t\t\t<a href='https:\/\/agora.xtec.cat\/iereccomtal\/general\/alumnes-de-1r-deso-explorant-el-mon-de-les-matematiques\/attachment\/_dsc0706\/'><img loading=\"lazy\" decoding=\"async\" width=\"300\" height=\"201\" src=\"https:\/\/agora.xtec.cat\/iereccomtal\/wp-content\/uploads\/usu2139\/2025\/06\/DSC0706-300x201.jpg\" class=\"attachment-medium size-medium\" alt=\"\" srcset=\"https:\/\/agora.xtec.cat\/iereccomtal\/wp-content\/uploads\/usu2139\/2025\/06\/DSC0706-300x201.jpg 300w, https:\/\/agora.xtec.cat\/iereccomtal\/wp-content\/uploads\/usu2139\/2025\/06\/DSC0706-1024x684.jpg 1024w, https:\/\/agora.xtec.cat\/iereccomtal\/wp-content\/uploads\/usu2139\/2025\/06\/DSC0706-768x513.jpg 768w, https:\/\/agora.xtec.cat\/iereccomtal\/wp-content\/uploads\/usu2139\/2025\/06\/DSC0706-1536x1027.jpg 1536w, https:\/\/agora.xtec.cat\/iereccomtal\/wp-content\/uploads\/usu2139\/2025\/06\/DSC0706-2048x1369.jpg 2048w\" sizes=\"auto, (max-width: 300px) 100vw, 300px\" \/><\/a>\n\t\t\t<\/div><\/figure><figure class='gallery-item'>\n\t\t\t<div class='gallery-icon landscape'>\n\t\t\t\t<a href='https:\/\/agora.xtec.cat\/iereccomtal\/general\/alumnes-de-1r-deso-explorant-el-mon-de-les-matematiques\/attachment\/_dsc0719\/'><img loading=\"lazy\" decoding=\"async\" width=\"300\" height=\"201\" src=\"https:\/\/agora.xtec.cat\/iereccomtal\/wp-content\/uploads\/usu2139\/2025\/06\/DSC0719-300x201.jpg\" class=\"attachment-medium size-medium\" alt=\"\" srcset=\"https:\/\/agora.xtec.cat\/iereccomtal\/wp-content\/uploads\/usu2139\/2025\/06\/DSC0719-300x201.jpg 300w, https:\/\/agora.xtec.cat\/iereccomtal\/wp-content\/uploads\/usu2139\/2025\/06\/DSC0719-1024x684.jpg 1024w, https:\/\/agora.xtec.cat\/iereccomtal\/wp-content\/uploads\/usu2139\/2025\/06\/DSC0719-768x513.jpg 768w, https:\/\/agora.xtec.cat\/iereccomtal\/wp-content\/uploads\/usu2139\/2025\/06\/DSC0719-1536x1027.jpg 1536w, https:\/\/agora.xtec.cat\/iereccomtal\/wp-content\/uploads\/usu2139\/2025\/06\/DSC0719-2048x1369.jpg 2048w\" sizes=\"auto, (max-width: 300px) 100vw, 300px\" \/><\/a>\n\t\t\t<\/div><\/figure><figure class='gallery-item'>\n\t\t\t<div class='gallery-icon landscape'>\n\t\t\t\t<a href='https:\/\/agora.xtec.cat\/iereccomtal\/general\/alumnes-de-1r-deso-explorant-el-mon-de-les-matematiques\/attachment\/_dsc0720\/'><img loading=\"lazy\" decoding=\"async\" width=\"300\" height=\"201\" src=\"https:\/\/agora.xtec.cat\/iereccomtal\/wp-content\/uploads\/usu2139\/2025\/06\/DSC0720-300x201.jpg\" class=\"attachment-medium size-medium\" alt=\"\" srcset=\"https:\/\/agora.xtec.cat\/iereccomtal\/wp-content\/uploads\/usu2139\/2025\/06\/DSC0720-300x201.jpg 300w, https:\/\/agora.xtec.cat\/iereccomtal\/wp-content\/uploads\/usu2139\/2025\/06\/DSC0720-1024x684.jpg 1024w, https:\/\/agora.xtec.cat\/iereccomtal\/wp-content\/uploads\/usu2139\/2025\/06\/DSC0720-768x513.jpg 768w, https:\/\/agora.xtec.cat\/iereccomtal\/wp-content\/uploads\/usu2139\/2025\/06\/DSC0720-1536x1027.jpg 1536w, https:\/\/agora.xtec.cat\/iereccomtal\/wp-content\/uploads\/usu2139\/2025\/06\/DSC0720-2048x1369.jpg 2048w\" sizes=\"auto, (max-width: 300px) 100vw, 300px\" \/><\/a>\n\t\t\t<\/div><\/figure><figure class='gallery-item'>\n\t\t\t<div class='gallery-icon landscape'>\n\t\t\t\t<a href='https:\/\/agora.xtec.cat\/iereccomtal\/general\/alumnes-de-1r-deso-explorant-el-mon-de-les-matematiques\/attachment\/_dsc0725\/'><img loading=\"lazy\" decoding=\"async\" width=\"300\" height=\"201\" src=\"https:\/\/agora.xtec.cat\/iereccomtal\/wp-content\/uploads\/usu2139\/2025\/06\/DSC0725-300x201.jpg\" class=\"attachment-medium size-medium\" alt=\"\" srcset=\"https:\/\/agora.xtec.cat\/iereccomtal\/wp-content\/uploads\/usu2139\/2025\/06\/DSC0725-300x201.jpg 300w, https:\/\/agora.xtec.cat\/iereccomtal\/wp-content\/uploads\/usu2139\/2025\/06\/DSC0725-1024x684.jpg 1024w, https:\/\/agora.xtec.cat\/iereccomtal\/wp-content\/uploads\/usu2139\/2025\/06\/DSC0725-768x513.jpg 768w, https:\/\/agora.xtec.cat\/iereccomtal\/wp-content\/uploads\/usu2139\/2025\/06\/DSC0725-1536x1027.jpg 1536w, https:\/\/agora.xtec.cat\/iereccomtal\/wp-content\/uploads\/usu2139\/2025\/06\/DSC0725-2048x1369.jpg 2048w\" sizes=\"auto, (max-width: 300px) 100vw, 300px\" \/><\/a>\n\t\t\t<\/div><\/figure><figure class='gallery-item'>\n\t\t\t<div class='gallery-icon landscape'>\n\t\t\t\t<a href='https:\/\/agora.xtec.cat\/iereccomtal\/general\/alumnes-de-1r-deso-explorant-el-mon-de-les-matematiques\/attachment\/_dsc0729\/'><img loading=\"lazy\" decoding=\"async\" width=\"300\" height=\"201\" src=\"https:\/\/agora.xtec.cat\/iereccomtal\/wp-content\/uploads\/usu2139\/2025\/06\/DSC0729-300x201.jpg\" class=\"attachment-medium size-medium\" alt=\"\" srcset=\"https:\/\/agora.xtec.cat\/iereccomtal\/wp-content\/uploads\/usu2139\/2025\/06\/DSC0729-300x201.jpg 300w, https:\/\/agora.xtec.cat\/iereccomtal\/wp-content\/uploads\/usu2139\/2025\/06\/DSC0729-1024x684.jpg 1024w, https:\/\/agora.xtec.cat\/iereccomtal\/wp-content\/uploads\/usu2139\/2025\/06\/DSC0729-768x513.jpg 768w, https:\/\/agora.xtec.cat\/iereccomtal\/wp-content\/uploads\/usu2139\/2025\/06\/DSC0729-1536x1027.jpg 1536w, https:\/\/agora.xtec.cat\/iereccomtal\/wp-content\/uploads\/usu2139\/2025\/06\/DSC0729-2048x1369.jpg 2048w\" sizes=\"auto, (max-width: 300px) 100vw, 300px\" \/><\/a>\n\t\t\t<\/div><\/figure><figure class='gallery-item'>\n\t\t\t<div class='gallery-icon landscape'>\n\t\t\t\t<a href='https:\/\/agora.xtec.cat\/iereccomtal\/general\/alumnes-de-1r-deso-explorant-el-mon-de-les-matematiques\/attachment\/_dsc0731\/'><img loading=\"lazy\" decoding=\"async\" width=\"300\" height=\"201\" src=\"https:\/\/agora.xtec.cat\/iereccomtal\/wp-content\/uploads\/usu2139\/2025\/06\/DSC0731-300x201.jpg\" class=\"attachment-medium size-medium\" alt=\"\" srcset=\"https:\/\/agora.xtec.cat\/iereccomtal\/wp-content\/uploads\/usu2139\/2025\/06\/DSC0731-300x201.jpg 300w, https:\/\/agora.xtec.cat\/iereccomtal\/wp-content\/uploads\/usu2139\/2025\/06\/DSC0731-1024x684.jpg 1024w, https:\/\/agora.xtec.cat\/iereccomtal\/wp-content\/uploads\/usu2139\/2025\/06\/DSC0731-768x513.jpg 768w, https:\/\/agora.xtec.cat\/iereccomtal\/wp-content\/uploads\/usu2139\/2025\/06\/DSC0731-1536x1027.jpg 1536w, https:\/\/agora.xtec.cat\/iereccomtal\/wp-content\/uploads\/usu2139\/2025\/06\/DSC0731-2048x1369.jpg 2048w\" sizes=\"auto, (max-width: 300px) 100vw, 300px\" \/><\/a>\n\t\t\t<\/div><\/figure><figure class='gallery-item'>\n\t\t\t<div class='gallery-icon landscape'>\n\t\t\t\t<a href='https:\/\/agora.xtec.cat\/iereccomtal\/general\/alumnes-de-1r-deso-explorant-el-mon-de-les-matematiques\/attachment\/_dsc0743\/'><img loading=\"lazy\" decoding=\"async\" width=\"300\" height=\"201\" src=\"https:\/\/agora.xtec.cat\/iereccomtal\/wp-content\/uploads\/usu2139\/2025\/06\/DSC0743-300x201.jpg\" class=\"attachment-medium size-medium\" alt=\"\" srcset=\"https:\/\/agora.xtec.cat\/iereccomtal\/wp-content\/uploads\/usu2139\/2025\/06\/DSC0743-300x201.jpg 300w, https:\/\/agora.xtec.cat\/iereccomtal\/wp-content\/uploads\/usu2139\/2025\/06\/DSC0743-1024x684.jpg 1024w, https:\/\/agora.xtec.cat\/iereccomtal\/wp-content\/uploads\/usu2139\/2025\/06\/DSC0743-768x513.jpg 768w, https:\/\/agora.xtec.cat\/iereccomtal\/wp-content\/uploads\/usu2139\/2025\/06\/DSC0743-1536x1027.jpg 1536w, https:\/\/agora.xtec.cat\/iereccomtal\/wp-content\/uploads\/usu2139\/2025\/06\/DSC0743-2048x1369.jpg 2048w\" sizes=\"auto, (max-width: 300px) 100vw, 300px\" \/><\/a>\n\t\t\t<\/div><\/figure><figure class='gallery-item'>\n\t\t\t<div class='gallery-icon landscape'>\n\t\t\t\t<a href='https:\/\/agora.xtec.cat\/iereccomtal\/general\/alumnes-de-1r-deso-explorant-el-mon-de-les-matematiques\/attachment\/_dsc0755\/'><img loading=\"lazy\" decoding=\"async\" width=\"300\" height=\"201\" src=\"https:\/\/agora.xtec.cat\/iereccomtal\/wp-content\/uploads\/usu2139\/2025\/06\/DSC0755-300x201.jpg\" class=\"attachment-medium size-medium\" alt=\"\" srcset=\"https:\/\/agora.xtec.cat\/iereccomtal\/wp-content\/uploads\/usu2139\/2025\/06\/DSC0755-300x201.jpg 300w, https:\/\/agora.xtec.cat\/iereccomtal\/wp-content\/uploads\/usu2139\/2025\/06\/DSC0755-1024x684.jpg 1024w, https:\/\/agora.xtec.cat\/iereccomtal\/wp-content\/uploads\/usu2139\/2025\/06\/DSC0755-768x513.jpg 768w, https:\/\/agora.xtec.cat\/iereccomtal\/wp-content\/uploads\/usu2139\/2025\/06\/DSC0755-1536x1027.jpg 1536w, https:\/\/agora.xtec.cat\/iereccomtal\/wp-content\/uploads\/usu2139\/2025\/06\/DSC0755-2048x1369.jpg 2048w\" sizes=\"auto, (max-width: 300px) 100vw, 300px\" \/><\/a>\n\t\t\t<\/div><\/figure><figure class='gallery-item'>\n\t\t\t<div class='gallery-icon landscape'>\n\t\t\t\t<a href='https:\/\/agora.xtec.cat\/iereccomtal\/general\/alumnes-de-1r-deso-explorant-el-mon-de-les-matematiques\/attachment\/_dsc0753\/'><img loading=\"lazy\" decoding=\"async\" width=\"300\" height=\"201\" src=\"https:\/\/agora.xtec.cat\/iereccomtal\/wp-content\/uploads\/usu2139\/2025\/06\/DSC0753-300x201.jpg\" class=\"attachment-medium size-medium\" alt=\"\" srcset=\"https:\/\/agora.xtec.cat\/iereccomtal\/wp-content\/uploads\/usu2139\/2025\/06\/DSC0753-300x201.jpg 300w, https:\/\/agora.xtec.cat\/iereccomtal\/wp-content\/uploads\/usu2139\/2025\/06\/DSC0753-1024x684.jpg 1024w, https:\/\/agora.xtec.cat\/iereccomtal\/wp-content\/uploads\/usu2139\/2025\/06\/DSC0753-768x513.jpg 768w, https:\/\/agora.xtec.cat\/iereccomtal\/wp-content\/uploads\/usu2139\/2025\/06\/DSC0753-1536x1027.jpg 1536w, https:\/\/agora.xtec.cat\/iereccomtal\/wp-content\/uploads\/usu2139\/2025\/06\/DSC0753-2048x1369.jpg 2048w\" sizes=\"auto, (max-width: 300px) 100vw, 300px\" \/><\/a>\n\t\t\t<\/div><\/figure><figure class='gallery-item'>\n\t\t\t<div class='gallery-icon landscape'>\n\t\t\t\t<a href='https:\/\/agora.xtec.cat\/iereccomtal\/general\/alumnes-de-1r-deso-explorant-el-mon-de-les-matematiques\/attachment\/_dsc0752\/'><img loading=\"lazy\" decoding=\"async\" width=\"300\" height=\"201\" src=\"https:\/\/agora.xtec.cat\/iereccomtal\/wp-content\/uploads\/usu2139\/2025\/06\/DSC0752-300x201.jpg\" class=\"attachment-medium size-medium\" alt=\"\" srcset=\"https:\/\/agora.xtec.cat\/iereccomtal\/wp-content\/uploads\/usu2139\/2025\/06\/DSC0752-300x201.jpg 300w, https:\/\/agora.xtec.cat\/iereccomtal\/wp-content\/uploads\/usu2139\/2025\/06\/DSC0752-1024x684.jpg 1024w, https:\/\/agora.xtec.cat\/iereccomtal\/wp-content\/uploads\/usu2139\/2025\/06\/DSC0752-768x513.jpg 768w, https:\/\/agora.xtec.cat\/iereccomtal\/wp-content\/uploads\/usu2139\/2025\/06\/DSC0752-1536x1027.jpg 1536w, https:\/\/agora.xtec.cat\/iereccomtal\/wp-content\/uploads\/usu2139\/2025\/06\/DSC0752-2048x1369.jpg 2048w\" sizes=\"auto, (max-width: 300px) 100vw, 300px\" \/><\/a>\n\t\t\t<\/div><\/figure><figure class='gallery-item'>\n\t\t\t<div class='gallery-icon landscape'>\n\t\t\t\t<a href='https:\/\/agora.xtec.cat\/iereccomtal\/general\/alumnes-de-1r-deso-explorant-el-mon-de-les-matematiques\/attachment\/_dsc0750\/'><img loading=\"lazy\" decoding=\"async\" width=\"300\" height=\"201\" src=\"https:\/\/agora.xtec.cat\/iereccomtal\/wp-content\/uploads\/usu2139\/2025\/06\/DSC0750-300x201.jpg\" class=\"attachment-medium size-medium\" alt=\"\" srcset=\"https:\/\/agora.xtec.cat\/iereccomtal\/wp-content\/uploads\/usu2139\/2025\/06\/DSC0750-300x201.jpg 300w, https:\/\/agora.xtec.cat\/iereccomtal\/wp-content\/uploads\/usu2139\/2025\/06\/DSC0750-1024x684.jpg 1024w, https:\/\/agora.xtec.cat\/iereccomtal\/wp-content\/uploads\/usu2139\/2025\/06\/DSC0750-768x513.jpg 768w, https:\/\/agora.xtec.cat\/iereccomtal\/wp-content\/uploads\/usu2139\/2025\/06\/DSC0750-1536x1027.jpg 1536w, https:\/\/agora.xtec.cat\/iereccomtal\/wp-content\/uploads\/usu2139\/2025\/06\/DSC0750-2048x1369.jpg 2048w\" sizes=\"auto, (max-width: 300px) 100vw, 300px\" \/><\/a>\n\t\t\t<\/div><\/figure><figure class='gallery-item'>\n\t\t\t<div class='gallery-icon landscape'>\n\t\t\t\t<a href='https:\/\/agora.xtec.cat\/iereccomtal\/general\/alumnes-de-1r-deso-explorant-el-mon-de-les-matematiques\/attachment\/_dsc0747\/'><img loading=\"lazy\" decoding=\"async\" width=\"300\" height=\"201\" src=\"https:\/\/agora.xtec.cat\/iereccomtal\/wp-content\/uploads\/usu2139\/2025\/06\/DSC0747-300x201.jpg\" class=\"attachment-medium size-medium\" alt=\"\" srcset=\"https:\/\/agora.xtec.cat\/iereccomtal\/wp-content\/uploads\/usu2139\/2025\/06\/DSC0747-300x201.jpg 300w, https:\/\/agora.xtec.cat\/iereccomtal\/wp-content\/uploads\/usu2139\/2025\/06\/DSC0747-1024x684.jpg 1024w, https:\/\/agora.xtec.cat\/iereccomtal\/wp-content\/uploads\/usu2139\/2025\/06\/DSC0747-768x513.jpg 768w, https:\/\/agora.xtec.cat\/iereccomtal\/wp-content\/uploads\/usu2139\/2025\/06\/DSC0747-1536x1027.jpg 1536w, https:\/\/agora.xtec.cat\/iereccomtal\/wp-content\/uploads\/usu2139\/2025\/06\/DSC0747-2048x1369.jpg 2048w\" sizes=\"auto, (max-width: 300px) 100vw, 300px\" \/><\/a>\n\t\t\t<\/div><\/figure><figure class='gallery-item'>\n\t\t\t<div class='gallery-icon landscape'>\n\t\t\t\t<a href='https:\/\/agora.xtec.cat\/iereccomtal\/general\/alumnes-de-1r-deso-explorant-el-mon-de-les-matematiques\/attachment\/_dsc0744\/'><img loading=\"lazy\" decoding=\"async\" width=\"300\" height=\"201\" src=\"https:\/\/agora.xtec.cat\/iereccomtal\/wp-content\/uploads\/usu2139\/2025\/06\/DSC0744-300x201.jpg\" class=\"attachment-medium size-medium\" alt=\"\" srcset=\"https:\/\/agora.xtec.cat\/iereccomtal\/wp-content\/uploads\/usu2139\/2025\/06\/DSC0744-300x201.jpg 300w, https:\/\/agora.xtec.cat\/iereccomtal\/wp-content\/uploads\/usu2139\/2025\/06\/DSC0744-1024x684.jpg 1024w, https:\/\/agora.xtec.cat\/iereccomtal\/wp-content\/uploads\/usu2139\/2025\/06\/DSC0744-768x513.jpg 768w, https:\/\/agora.xtec.cat\/iereccomtal\/wp-content\/uploads\/usu2139\/2025\/06\/DSC0744-1536x1027.jpg 1536w, https:\/\/agora.xtec.cat\/iereccomtal\/wp-content\/uploads\/usu2139\/2025\/06\/DSC0744-2048x1369.jpg 2048w\" sizes=\"auto, (max-width: 300px) 100vw, 300px\" \/><\/a>\n\t\t\t<\/div><\/figure><figure class='gallery-item'>\n\t\t\t<div class='gallery-icon portrait'>\n\t\t\t\t<a href='https:\/\/agora.xtec.cat\/iereccomtal\/general\/alumnes-de-1r-deso-explorant-el-mon-de-les-matematiques\/attachment\/_dsc0758\/'><img loading=\"lazy\" decoding=\"async\" width=\"201\" height=\"300\" src=\"https:\/\/agora.xtec.cat\/iereccomtal\/wp-content\/uploads\/usu2139\/2025\/06\/DSC0758-201x300.jpg\" class=\"attachment-medium size-medium\" alt=\"\" srcset=\"https:\/\/agora.xtec.cat\/iereccomtal\/wp-content\/uploads\/usu2139\/2025\/06\/DSC0758-201x300.jpg 201w, https:\/\/agora.xtec.cat\/iereccomtal\/wp-content\/uploads\/usu2139\/2025\/06\/DSC0758-684x1024.jpg 684w, https:\/\/agora.xtec.cat\/iereccomtal\/wp-content\/uploads\/usu2139\/2025\/06\/DSC0758-768x1149.jpg 768w, https:\/\/agora.xtec.cat\/iereccomtal\/wp-content\/uploads\/usu2139\/2025\/06\/DSC0758-1027x1536.jpg 1027w, https:\/\/agora.xtec.cat\/iereccomtal\/wp-content\/uploads\/usu2139\/2025\/06\/DSC0758-1369x2048.jpg 1369w, https:\/\/agora.xtec.cat\/iereccomtal\/wp-content\/uploads\/usu2139\/2025\/06\/DSC0758-scaled.jpg 1711w\" sizes=\"auto, (max-width: 201px) 100vw, 201px\" \/><\/a>\n\t\t\t<\/div><\/figure><figure class='gallery-item'>\n\t\t\t<div class='gallery-icon landscape'>\n\t\t\t\t<a href='https:\/\/agora.xtec.cat\/iereccomtal\/general\/alumnes-de-1r-deso-explorant-el-mon-de-les-matematiques\/attachment\/_dsc0761\/'><img loading=\"lazy\" decoding=\"async\" width=\"300\" height=\"201\" src=\"https:\/\/agora.xtec.cat\/iereccomtal\/wp-content\/uploads\/usu2139\/2025\/06\/DSC0761-300x201.jpg\" class=\"attachment-medium size-medium\" alt=\"\" srcset=\"https:\/\/agora.xtec.cat\/iereccomtal\/wp-content\/uploads\/usu2139\/2025\/06\/DSC0761-300x201.jpg 300w, https:\/\/agora.xtec.cat\/iereccomtal\/wp-content\/uploads\/usu2139\/2025\/06\/DSC0761-1024x684.jpg 1024w, https:\/\/agora.xtec.cat\/iereccomtal\/wp-content\/uploads\/usu2139\/2025\/06\/DSC0761-768x513.jpg 768w, https:\/\/agora.xtec.cat\/iereccomtal\/wp-content\/uploads\/usu2139\/2025\/06\/DSC0761-1536x1027.jpg 1536w, https:\/\/agora.xtec.cat\/iereccomtal\/wp-content\/uploads\/usu2139\/2025\/06\/DSC0761-2048x1369.jpg 2048w\" sizes=\"auto, (max-width: 300px) 100vw, 300px\" \/><\/a>\n\t\t\t<\/div><\/figure><figure class='gallery-item'>\n\t\t\t<div class='gallery-icon landscape'>\n\t\t\t\t<a href='https:\/\/agora.xtec.cat\/iereccomtal\/general\/alumnes-de-1r-deso-explorant-el-mon-de-les-matematiques\/attachment\/_dsc0764\/'><img loading=\"lazy\" decoding=\"async\" width=\"300\" height=\"201\" src=\"https:\/\/agora.xtec.cat\/iereccomtal\/wp-content\/uploads\/usu2139\/2025\/06\/DSC0764-300x201.jpg\" class=\"attachment-medium size-medium\" alt=\"\" srcset=\"https:\/\/agora.xtec.cat\/iereccomtal\/wp-content\/uploads\/usu2139\/2025\/06\/DSC0764-300x201.jpg 300w, https:\/\/agora.xtec.cat\/iereccomtal\/wp-content\/uploads\/usu2139\/2025\/06\/DSC0764-1024x684.jpg 1024w, https:\/\/agora.xtec.cat\/iereccomtal\/wp-content\/uploads\/usu2139\/2025\/06\/DSC0764-768x513.jpg 768w, https:\/\/agora.xtec.cat\/iereccomtal\/wp-content\/uploads\/usu2139\/2025\/06\/DSC0764-1536x1027.jpg 1536w, https:\/\/agora.xtec.cat\/iereccomtal\/wp-content\/uploads\/usu2139\/2025\/06\/DSC0764-2048x1369.jpg 2048w\" sizes=\"auto, (max-width: 300px) 100vw, 300px\" \/><\/a>\n\t\t\t<\/div><\/figure><figure class='gallery-item'>\n\t\t\t<div class='gallery-icon landscape'>\n\t\t\t\t<a href='https:\/\/agora.xtec.cat\/iereccomtal\/general\/alumnes-de-1r-deso-explorant-el-mon-de-les-matematiques\/attachment\/_dsc0773\/'><img loading=\"lazy\" decoding=\"async\" width=\"300\" height=\"201\" src=\"https:\/\/agora.xtec.cat\/iereccomtal\/wp-content\/uploads\/usu2139\/2025\/06\/DSC0773-300x201.jpg\" class=\"attachment-medium size-medium\" alt=\"\" srcset=\"https:\/\/agora.xtec.cat\/iereccomtal\/wp-content\/uploads\/usu2139\/2025\/06\/DSC0773-300x201.jpg 300w, https:\/\/agora.xtec.cat\/iereccomtal\/wp-content\/uploads\/usu2139\/2025\/06\/DSC0773-1024x684.jpg 1024w, https:\/\/agora.xtec.cat\/iereccomtal\/wp-content\/uploads\/usu2139\/2025\/06\/DSC0773-768x513.jpg 768w, https:\/\/agora.xtec.cat\/iereccomtal\/wp-content\/uploads\/usu2139\/2025\/06\/DSC0773-1536x1027.jpg 1536w, https:\/\/agora.xtec.cat\/iereccomtal\/wp-content\/uploads\/usu2139\/2025\/06\/DSC0773-2048x1369.jpg 2048w\" sizes=\"auto, (max-width: 300px) 100vw, 300px\" \/><\/a>\n\t\t\t<\/div><\/figure><figure class='gallery-item'>\n\t\t\t<div class='gallery-icon landscape'>\n\t\t\t\t<a href='https:\/\/agora.xtec.cat\/iereccomtal\/general\/alumnes-de-1r-deso-explorant-el-mon-de-les-matematiques\/attachment\/_dsc0775\/'><img loading=\"lazy\" decoding=\"async\" width=\"300\" height=\"201\" src=\"https:\/\/agora.xtec.cat\/iereccomtal\/wp-content\/uploads\/usu2139\/2025\/06\/DSC0775-300x201.jpg\" class=\"attachment-medium size-medium\" alt=\"\" srcset=\"https:\/\/agora.xtec.cat\/iereccomtal\/wp-content\/uploads\/usu2139\/2025\/06\/DSC0775-300x201.jpg 300w, https:\/\/agora.xtec.cat\/iereccomtal\/wp-content\/uploads\/usu2139\/2025\/06\/DSC0775-1024x684.jpg 1024w, https:\/\/agora.xtec.cat\/iereccomtal\/wp-content\/uploads\/usu2139\/2025\/06\/DSC0775-768x513.jpg 768w, https:\/\/agora.xtec.cat\/iereccomtal\/wp-content\/uploads\/usu2139\/2025\/06\/DSC0775-1536x1027.jpg 1536w, https:\/\/agora.xtec.cat\/iereccomtal\/wp-content\/uploads\/usu2139\/2025\/06\/DSC0775-2048x1369.jpg 2048w\" sizes=\"auto, (max-width: 300px) 100vw, 300px\" \/><\/a>\n\t\t\t<\/div><\/figure><figure class='gallery-item'>\n\t\t\t<div class='gallery-icon landscape'>\n\t\t\t\t<a href='https:\/\/agora.xtec.cat\/iereccomtal\/general\/alumnes-de-1r-deso-explorant-el-mon-de-les-matematiques\/attachment\/_dsc0778\/'><img loading=\"lazy\" decoding=\"async\" width=\"300\" height=\"200\" src=\"https:\/\/agora.xtec.cat\/iereccomtal\/wp-content\/uploads\/usu2139\/2025\/06\/DSC0778-300x200.jpg\" class=\"attachment-medium size-medium\" alt=\"\" srcset=\"https:\/\/agora.xtec.cat\/iereccomtal\/wp-content\/uploads\/usu2139\/2025\/06\/DSC0778-300x200.jpg 300w, https:\/\/agora.xtec.cat\/iereccomtal\/wp-content\/uploads\/usu2139\/2025\/06\/DSC0778-1024x684.jpg 1024w, https:\/\/agora.xtec.cat\/iereccomtal\/wp-content\/uploads\/usu2139\/2025\/06\/DSC0778-768x513.jpg 768w, https:\/\/agora.xtec.cat\/iereccomtal\/wp-content\/uploads\/usu2139\/2025\/06\/DSC0778-1536x1026.jpg 1536w, https:\/\/agora.xtec.cat\/iereccomtal\/wp-content\/uploads\/usu2139\/2025\/06\/DSC0778-2048x1369.jpg 2048w\" sizes=\"auto, (max-width: 300px) 100vw, 300px\" \/><\/a>\n\t\t\t<\/div><\/figure>\n\t\t<\/div>\n\n","protected":false},"excerpt":{"rendered":"<p>&#8220;Prohibit no tocar&#8221;. L&#8217;alumnat de primer de l&#8217;ESO ha descobert que el Museu de Matem\u00e0tiques de Catalunya t\u00e9 aquest esl\u00f2gan. I ho va gaudir.<\/p>\n","protected":false},"author":68,"featured_media":11160,"comment_status":"open","ping_status":"open","sticky":false,"template":"","format":"standard","meta":{"_bbp_topic_count":0,"_bbp_reply_count":0,"_bbp_total_topic_count":0,"_bbp_total_reply_count":0,"_bbp_voice_count":0,"_bbp_anonymous_reply_count":0,"_bbp_topic_count_hidden":0,"_bbp_reply_count_hidden":0,"_bbp_forum_subforum_count":0,"site-sidebar-layout":"default","site-content-layout":"","ast-site-content-layout":"","site-content-style":"default","site-sidebar-style":"default","ast-global-header-display":"","ast-banner-title-visibility":"","ast-main-header-display":"","ast-hfb-above-header-display":"","ast-hfb-below-header-display":"","ast-hfb-mobile-header-display":"","site-post-title":"","ast-breadcrumbs-content":"","ast-featured-img":"","footer-sml-layout":"","theme-transparent-header-meta":"","adv-header-id-meta":"","stick-header-meta":"","header-above-stick-meta":"","header-main-stick-meta":"","header-below-stick-meta":"","astra-migrate-meta-layouts":"default","ast-page-background-enabled":"default","ast-page-background-meta":{"desktop":{"background-color":"var(--ast-global-color-4)","background-image":"","background-repeat":"repeat","background-position":"center center","background-size":"auto","background-attachment":"scroll","background-type":"","background-media":"","overlay-type":"","overlay-color":"","overlay-opacity":"","overlay-gradient":""},"tablet":{"background-color":"","background-image":"","background-repeat":"repeat","background-position":"center center","background-size":"auto","background-attachment":"scroll","background-type":"","background-media":"","overlay-type":"","overlay-color":"","overlay-opacity":"","overlay-gradient":""},"mobile":{"background-color":"","background-image":"","background-repeat":"repeat","background-position":"center center","background-size":"auto","background-attachment":"scroll","background-type":"","background-media":"","overlay-type":"","overlay-color":"","overlay-opacity":"","overlay-gradient":""}},"ast-content-background-meta":{"desktop":{"background-color":"var(--ast-global-color-5)","background-image":"","background-repeat":"repeat","background-position":"center center","background-size":"auto","background-attachment":"scroll","background-type":"","background-media":"","overlay-type":"","overlay-color":"","overlay-opacity":"","overlay-gradient":""},"tablet":{"background-color":"var(--ast-global-color-5)","background-image":"","background-repeat":"repeat","background-position":"center center","background-size":"auto","background-attachment":"scroll","background-type":"","background-media":"","overlay-type":"","overlay-color":"","overlay-opacity":"","overlay-gradient":""},"mobile":{"background-color":"var(--ast-global-color-5)","background-image":"","background-repeat":"repeat","background-position":"center center","background-size":"auto","background-attachment":"scroll","background-type":"","background-media":"","overlay-type":"","overlay-color":"","overlay-opacity":"","overlay-gradient":""}},"footnotes":""},"categories":[4,1,29],"tags":[479,417,500,140,243,499,185],"class_list":["post-11126","post","type-post","status-publish","format-standard","has-post-thumbnail","hentry","category-eso-1","category-general","category-portada","tag-museu","tag-1r-eso","tag-exploracio","tag-jocs-matematics","tag-matematiques","tag-mmaca","tag-sortida"],"post_mailing_queue_ids":[],"_links":{"self":[{"href":"https:\/\/agora.xtec.cat\/iereccomtal\/wp-json\/wp\/v2\/posts\/11126","targetHints":{"allow":["GET"]}}],"collection":[{"href":"https:\/\/agora.xtec.cat\/iereccomtal\/wp-json\/wp\/v2\/posts"}],"about":[{"href":"https:\/\/agora.xtec.cat\/iereccomtal\/wp-json\/wp\/v2\/types\/post"}],"author":[{"embeddable":true,"href":"https:\/\/agora.xtec.cat\/iereccomtal\/wp-json\/wp\/v2\/users\/68"}],"replies":[{"embeddable":true,"href":"https:\/\/agora.xtec.cat\/iereccomtal\/wp-json\/wp\/v2\/comments?post=11126"}],"version-history":[{"count":3,"href":"https:\/\/agora.xtec.cat\/iereccomtal\/wp-json\/wp\/v2\/posts\/11126\/revisions"}],"predecessor-version":[{"id":11182,"href":"https:\/\/agora.xtec.cat\/iereccomtal\/wp-json\/wp\/v2\/posts\/11126\/revisions\/11182"}],"wp:featuredmedia":[{"embeddable":true,"href":"https:\/\/agora.xtec.cat\/iereccomtal\/wp-json\/wp\/v2\/media\/11160"}],"wp:attachment":[{"href":"https:\/\/agora.xtec.cat\/iereccomtal\/wp-json\/wp\/v2\/media?parent=11126"}],"wp:term":[{"taxonomy":"category","embeddable":true,"href":"https:\/\/agora.xtec.cat\/iereccomtal\/wp-json\/wp\/v2\/categories?post=11126"},{"taxonomy":"post_tag","embeddable":true,"href":"https:\/\/agora.xtec.cat\/iereccomtal\/wp-json\/wp\/v2\/tags?post=11126"}],"curies":[{"name":"wp","href":"https:\/\/api.w.org\/{rel}","templated":true}]}}