{"id":18990,"date":"2021-01-28T21:22:38","date_gmt":"2021-01-28T20:22:38","guid":{"rendered":"https:\/\/agora.xtec.cat\/ieportalbatea\/?p=18990"},"modified":"2021-01-28T21:31:36","modified_gmt":"2021-01-28T20:31:36","slug":"dia-internacional-en-memoria-de-les-victimes-de-lholocaust-2","status":"publish","type":"post","link":"https:\/\/agora.xtec.cat\/ieportalbatea\/general\/dia-internacional-en-memoria-de-les-victimes-de-lholocaust-2\/","title":{"rendered":"DIA INTERNACIONAL EN MEM\u00d2RIA DE LES V\u00cdCTIMES DE L&#8217;HOLOCAUST"},"content":{"rendered":"<div style=\"text-align: left\">\n<p align=\"justify\"><span style=\"font-family: Arial, sans-serif\">El 27 de gener s&#8217;ha commemorat el <\/span><strong><span style=\"font-family: Arial, sans-serif\">dia internacional en mem\u00f2ria de les v\u00edctimes de l&#8217;Holocaust.<\/span><\/strong><span style=\"font-family: Arial, sans-serif\"> Enguany, l&#8217;alumnat de 4t d&#8217;ESO ha volgut contribuir-hi amb la creaci\u00f3 d&#8217;un curtmetratge de la vida de Neus Catal\u00e0: <\/span><strong><span style=\"font-family: Arial, sans-serif\">Neus Catal\u00e0, una dona contra Hitler<\/span><\/strong><\/p>\n<p align=\"justify\"><span style=\"font-family: Arial, sans-serif\">El lema &#8220;<\/span><strong><span style=\"font-family: Arial, sans-serif\">Sigues llum enmig de la desmem\u00f2ria&#8221;<\/span><\/strong><span style=\"font-family: Arial, sans-serif\"> ens recorda que cal estar atents per evitar que fets semblants tornin a succeir.<\/span><\/p>\n<\/div>\n<div style=\"text-align: left\"><\/div>\n<div>\n<div class=\"ast-oembed-container \" style=\"height: 100%;\"><iframe loading=\"lazy\" title=\"NEUS CATAL\u00c0, UNA DONA CONTRA CONTRA HITLER\" width=\"500\" height=\"281\" src=\"https:\/\/www.youtube.com\/embed\/wrFE4PzMY_0?feature=oembed\" frameborder=\"0\" allow=\"accelerometer; autoplay; clipboard-write; encrypted-media; gyroscope; picture-in-picture; web-share\" referrerpolicy=\"strict-origin-when-cross-origin\" allowfullscreen><\/iframe><\/div>\n<\/div>\n","protected":false},"excerpt":{"rendered":"<p>El 27 de gener s&#8217;ha commemorat el dia internacional en mem\u00f2ria de les v\u00edctimes de l&#8217;Holocaust. Enguany, l&#8217;alumnat de 4t d&#8217;ESO ha volgut contribuir-hi amb la creaci\u00f3 d&#8217;un curtmetratge de la vida de Neus Catal\u00e0: Neus Catal\u00e0, una dona contra Hitler El lema &#8220;Sigues llum enmig de la desmem\u00f2ria&#8221; ens recorda que cal estar atents [&hellip;]<\/p>\n","protected":false},"author":1,"featured_media":0,"comment_status":"open","ping_status":"closed","sticky":false,"template":"","format":"standard","meta":{"_bbp_topic_count":0,"_bbp_reply_count":0,"_bbp_total_topic_count":0,"_bbp_total_reply_count":0,"_bbp_voice_count":0,"_bbp_anonymous_reply_count":0,"_bbp_topic_count_hidden":0,"_bbp_reply_count_hidden":0,"_bbp_forum_subforum_count":0,"site-sidebar-layout":"default","site-content-layout":"","ast-site-content-layout":"","site-content-style":"default","site-sidebar-style":"default","ast-global-header-display":"","ast-banner-title-visibility":"","ast-main-header-display":"","ast-hfb-above-header-display":"","ast-hfb-below-header-display":"","ast-hfb-mobile-header-display":"","site-post-title":"","ast-breadcrumbs-content":"","ast-featured-img":"","footer-sml-layout":"","theme-transparent-header-meta":"","adv-header-id-meta":"","stick-header-meta":"","header-above-stick-meta":"","header-main-stick-meta":"","header-below-stick-meta":"","astra-migrate-meta-layouts":"default","ast-page-background-enabled":"default","ast-page-background-meta":{"desktop":{"background-color":"var(--ast-global-color-4)","background-image":"","background-repeat":"repeat","background-position":"center center","background-size":"auto","background-attachment":"scroll","background-type":"","background-media":"","overlay-type":"","overlay-color":"","overlay-opacity":"","overlay-gradient":""},"tablet":{"background-color":"","background-image":"","background-repeat":"repeat","background-position":"center center","background-size":"auto","background-attachment":"scroll","background-type":"","background-media":"","overlay-type":"","overlay-color":"","overlay-opacity":"","overlay-gradient":""},"mobile":{"background-color":"","background-image":"","background-repeat":"repeat","background-position":"center center","background-size":"auto","background-attachment":"scroll","background-type":"","background-media":"","overlay-type":"","overlay-color":"","overlay-opacity":"","overlay-gradient":""}},"ast-content-background-meta":{"desktop":{"background-color":"var(--ast-global-color-5)","background-image":"","background-repeat":"repeat","background-position":"center center","background-size":"auto","background-attachment":"scroll","background-type":"","background-media":"","overlay-type":"","overlay-color":"","overlay-opacity":"","overlay-gradient":""},"tablet":{"background-color":"var(--ast-global-color-5)","background-image":"","background-repeat":"repeat","background-position":"center center","background-size":"auto","background-attachment":"scroll","background-type":"","background-media":"","overlay-type":"","overlay-color":"","overlay-opacity":"","overlay-gradient":""},"mobile":{"background-color":"var(--ast-global-color-5)","background-image":"","background-repeat":"repeat","background-position":"center center","background-size":"auto","background-attachment":"scroll","background-type":"","background-media":"","overlay-type":"","overlay-color":"","overlay-opacity":"","overlay-gradient":""}},"footnotes":""},"categories":[35,1,4],"tags":[26,290,30,42,33,291],"class_list":["post-18990","post","type-post","status-publish","format-standard","hentry","category-joves","category-general","category-inici","tag-batea","tag-dia-internacional-de-les-victimes-de-lholocaust","tag-educacio","tag-eso","tag-institut-escola","tag-socials"],"post_mailing_queue_ids":[],"_links":{"self":[{"href":"https:\/\/agora.xtec.cat\/ieportalbatea\/wp-json\/wp\/v2\/posts\/18990","targetHints":{"allow":["GET"]}}],"collection":[{"href":"https:\/\/agora.xtec.cat\/ieportalbatea\/wp-json\/wp\/v2\/posts"}],"about":[{"href":"https:\/\/agora.xtec.cat\/ieportalbatea\/wp-json\/wp\/v2\/types\/post"}],"author":[{"embeddable":true,"href":"https:\/\/agora.xtec.cat\/ieportalbatea\/wp-json\/wp\/v2\/users\/1"}],"replies":[{"embeddable":true,"href":"https:\/\/agora.xtec.cat\/ieportalbatea\/wp-json\/wp\/v2\/comments?post=18990"}],"version-history":[{"count":3,"href":"https:\/\/agora.xtec.cat\/ieportalbatea\/wp-json\/wp\/v2\/posts\/18990\/revisions"}],"predecessor-version":[{"id":18993,"href":"https:\/\/agora.xtec.cat\/ieportalbatea\/wp-json\/wp\/v2\/posts\/18990\/revisions\/18993"}],"wp:attachment":[{"href":"https:\/\/agora.xtec.cat\/ieportalbatea\/wp-json\/wp\/v2\/media?parent=18990"}],"wp:term":[{"taxonomy":"category","embeddable":true,"href":"https:\/\/agora.xtec.cat\/ieportalbatea\/wp-json\/wp\/v2\/categories?post=18990"},{"taxonomy":"post_tag","embeddable":true,"href":"https:\/\/agora.xtec.cat\/ieportalbatea\/wp-json\/wp\/v2\/tags?post=18990"}],"curies":[{"name":"wp","href":"https:\/\/api.w.org\/{rel}","templated":true}]}}