{"id":18380,"date":"2020-05-03T09:41:41","date_gmt":"2020-05-03T07:41:41","guid":{"rendered":"https:\/\/agora.xtec.cat\/ieportalbatea\/?p=18380"},"modified":"2020-05-04T14:18:19","modified_gmt":"2020-05-04T12:18:19","slug":"taller-demano-la-paraula-des-de-casa","status":"publish","type":"post","link":"https:\/\/agora.xtec.cat\/ieportalbatea\/general\/taller-demano-la-paraula-des-de-casa\/","title":{"rendered":"TALLER &#8220;DEMANO LA PARAULA&#8221; DES DE CASA"},"content":{"rendered":"<p>L\u2019alumnat de 1r d\u2019ESO continua participant en el taller d\u2019oralitat <strong>\u201cDemano la paraula\u201d.<\/strong> Despr\u00e9s d\u2019aprendre diverses t\u00e8cniques de comunicaci\u00f3 verbal i no verbal, el producte final ha consistit en la gravaci\u00f3 d\u2019un v\u00eddeo en el qual parlen d\u2019un <strong>tema de la seva elecci\u00f3.<\/strong><\/p>\n<p>Aquesta \u00e9s una bona oportunitat per sentir la seva veu, les seves opinions i els temes que m\u00e9s els interessen. Una activitat per desenvolupar les seves <strong>capacitats orat\u00f2ries,<\/strong> el\u00a0 seu <strong>esperit cr\u00edtic<\/strong> i la seva<strong> capacitat de persuasi\u00f3.<\/strong> Endavant!<\/p>\n<p>Vegeu que b\u00e9 que ho fan:<\/p>\n<div class=\"ast-oembed-container \" style=\"height: 100%;\"><iframe loading=\"lazy\" title=\"Taller d&#039;oralitat_Anna D\u00edaz\" width=\"500\" height=\"281\" src=\"https:\/\/www.youtube.com\/embed\/3kv2bQY7mIU?feature=oembed\" frameborder=\"0\" allow=\"accelerometer; autoplay; clipboard-write; encrypted-media; gyroscope; picture-in-picture; web-share\" referrerpolicy=\"strict-origin-when-cross-origin\" allowfullscreen><\/iframe><\/div>\n<div class=\"ast-oembed-container \" style=\"height: 100%;\"><iframe loading=\"lazy\" title=\"Taller d&#039;oralitat_Arnau Gin\u00e9\" width=\"500\" height=\"281\" src=\"https:\/\/www.youtube.com\/embed\/vpi17U2NA50?feature=oembed\" frameborder=\"0\" allow=\"accelerometer; autoplay; clipboard-write; encrypted-media; gyroscope; picture-in-picture; web-share\" referrerpolicy=\"strict-origin-when-cross-origin\" allowfullscreen><\/iframe><\/div>\n<div class=\"ast-oembed-container \" style=\"height: 100%;\"><iframe loading=\"lazy\" title=\"Taller d&#039;oralitat_Carles Rams\" width=\"500\" height=\"281\" src=\"https:\/\/www.youtube.com\/embed\/fEXNfY8PI7Y?feature=oembed\" frameborder=\"0\" allow=\"accelerometer; autoplay; clipboard-write; encrypted-media; gyroscope; picture-in-picture; web-share\" referrerpolicy=\"strict-origin-when-cross-origin\" allowfullscreen><\/iframe><\/div>\n","protected":false},"excerpt":{"rendered":"<p>L\u2019alumnat de 1r d\u2019ESO continua participant en el taller d\u2019oralitat \u201cDemano la paraula\u201d. Despr\u00e9s d\u2019aprendre diverses t\u00e8cniques de comunicaci\u00f3 verbal i no verbal, el producte final ha consistit en la gravaci\u00f3 d\u2019un v\u00eddeo en el qual parlen d\u2019un tema de la seva elecci\u00f3. Aquesta \u00e9s una bona oportunitat per sentir la seva veu, les seves [&hellip;]<\/p>\n","protected":false},"author":3,"featured_media":0,"comment_status":"open","ping_status":"closed","sticky":false,"template":"","format":"standard","meta":{"_bbp_topic_count":0,"_bbp_reply_count":0,"_bbp_total_topic_count":0,"_bbp_total_reply_count":0,"_bbp_voice_count":0,"_bbp_anonymous_reply_count":0,"_bbp_topic_count_hidden":0,"_bbp_reply_count_hidden":0,"_bbp_forum_subforum_count":0,"site-sidebar-layout":"default","site-content-layout":"","ast-site-content-layout":"","site-content-style":"default","site-sidebar-style":"default","ast-global-header-display":"","ast-banner-title-visibility":"","ast-main-header-display":"","ast-hfb-above-header-display":"","ast-hfb-below-header-display":"","ast-hfb-mobile-header-display":"","site-post-title":"","ast-breadcrumbs-content":"","ast-featured-img":"","footer-sml-layout":"","theme-transparent-header-meta":"","adv-header-id-meta":"","stick-header-meta":"","header-above-stick-meta":"","header-main-stick-meta":"","header-below-stick-meta":"","astra-migrate-meta-layouts":"default","ast-page-background-enabled":"default","ast-page-background-meta":{"desktop":{"background-color":"var(--ast-global-color-4)","background-image":"","background-repeat":"repeat","background-position":"center center","background-size":"auto","background-attachment":"scroll","background-type":"","background-media":"","overlay-type":"","overlay-color":"","overlay-opacity":"","overlay-gradient":""},"tablet":{"background-color":"","background-image":"","background-repeat":"repeat","background-position":"center center","background-size":"auto","background-attachment":"scroll","background-type":"","background-media":"","overlay-type":"","overlay-color":"","overlay-opacity":"","overlay-gradient":""},"mobile":{"background-color":"","background-image":"","background-repeat":"repeat","background-position":"center center","background-size":"auto","background-attachment":"scroll","background-type":"","background-media":"","overlay-type":"","overlay-color":"","overlay-opacity":"","overlay-gradient":""}},"ast-content-background-meta":{"desktop":{"background-color":"var(--ast-global-color-5)","background-image":"","background-repeat":"repeat","background-position":"center center","background-size":"auto","background-attachment":"scroll","background-type":"","background-media":"","overlay-type":"","overlay-color":"","overlay-opacity":"","overlay-gradient":""},"tablet":{"background-color":"var(--ast-global-color-5)","background-image":"","background-repeat":"repeat","background-position":"center center","background-size":"auto","background-attachment":"scroll","background-type":"","background-media":"","overlay-type":"","overlay-color":"","overlay-opacity":"","overlay-gradient":""},"mobile":{"background-color":"var(--ast-global-color-5)","background-image":"","background-repeat":"repeat","background-position":"center center","background-size":"auto","background-attachment":"scroll","background-type":"","background-media":"","overlay-type":"","overlay-color":"","overlay-opacity":"","overlay-gradient":""}},"footnotes":""},"categories":[186,187,188,189,35,1,4],"tags":[30,143,42,33,262],"class_list":["post-18380","post","type-post","status-publish","format-standard","hentry","category-1r-deso","category-2n-deso","category-3r-deso","category-4t-deso","category-joves","category-general","category-inici","tag-educacio","tag-escola-nova-21","tag-eso","tag-institut-escola","tag-tallers-secundaria"],"post_mailing_queue_ids":[],"_links":{"self":[{"href":"https:\/\/agora.xtec.cat\/ieportalbatea\/wp-json\/wp\/v2\/posts\/18380","targetHints":{"allow":["GET"]}}],"collection":[{"href":"https:\/\/agora.xtec.cat\/ieportalbatea\/wp-json\/wp\/v2\/posts"}],"about":[{"href":"https:\/\/agora.xtec.cat\/ieportalbatea\/wp-json\/wp\/v2\/types\/post"}],"author":[{"embeddable":true,"href":"https:\/\/agora.xtec.cat\/ieportalbatea\/wp-json\/wp\/v2\/users\/3"}],"replies":[{"embeddable":true,"href":"https:\/\/agora.xtec.cat\/ieportalbatea\/wp-json\/wp\/v2\/comments?post=18380"}],"version-history":[{"count":2,"href":"https:\/\/agora.xtec.cat\/ieportalbatea\/wp-json\/wp\/v2\/posts\/18380\/revisions"}],"predecessor-version":[{"id":18383,"href":"https:\/\/agora.xtec.cat\/ieportalbatea\/wp-json\/wp\/v2\/posts\/18380\/revisions\/18383"}],"wp:attachment":[{"href":"https:\/\/agora.xtec.cat\/ieportalbatea\/wp-json\/wp\/v2\/media?parent=18380"}],"wp:term":[{"taxonomy":"category","embeddable":true,"href":"https:\/\/agora.xtec.cat\/ieportalbatea\/wp-json\/wp\/v2\/categories?post=18380"},{"taxonomy":"post_tag","embeddable":true,"href":"https:\/\/agora.xtec.cat\/ieportalbatea\/wp-json\/wp\/v2\/tags?post=18380"}],"curies":[{"name":"wp","href":"https:\/\/api.w.org\/{rel}","templated":true}]}}