{"id":943,"date":"2014-12-23T09:14:40","date_gmt":"2014-12-23T08:14:40","guid":{"rendered":"https:\/\/agora.xtec.cat\/iepompeufabra\/?p=943"},"modified":"2019-11-27T09:15:51","modified_gmt":"2019-11-27T08:15:51","slug":"malala-yousafzai-premi-nobel-de-la-pau-2014","status":"publish","type":"post","link":"https:\/\/agora.xtec.cat\/iepompeufabra\/portada\/malala-yousafzai-premi-nobel-de-la-pau-2014\/","title":{"rendered":"Malala Yousafzai, premi Nobel de la Pau 2014"},"content":{"rendered":"<p>L&#8217;octubre del 2012, Malala va ser tirotejada quan sortia de l&#8217;escola.<\/p>\n<p>Ara \u00e9s premi Nobel de la Pau i el s\u00edmbol de la lluita per l&#8217;educaci\u00f3 de les noies.<\/p>\n<p>A l&#8217;escola hem parlat del tema i tots coincidim que el dret a l&#8217;educaci\u00f3 hauria d&#8217;estar garantit a nenes i nens de tot el m\u00f3n.<\/p>\n<p><img loading=\"lazy\" decoding=\"async\" src=\"https:\/\/agora.xtec.cat\/ceipvilomara\/moodle\/pluginfile.php\/6122\/mod_label\/intro\/malala%20biblioteca.jpg\" alt=\"malala biblioteca\" width=\"308\" height=\"231\" \/>\u00a0<img loading=\"lazy\" decoding=\"async\" src=\"https:\/\/agora.xtec.cat\/ceipvilomara\/moodle\/pluginfile.php\/6122\/mod_label\/intro\/malala%20vest%C3%ADbul.jpg\" alt=\"malala vest\u00edbul\" width=\"230\" height=\"307\" \/>\u00a0<img loading=\"lazy\" decoding=\"async\" src=\"https:\/\/agora.xtec.cat\/ceipvilomara\/moodle\/pluginfile.php\/6122\/mod_label\/intro\/malala%20vest%C3%ADbul%20detall.jpg\" alt=\"malala vest\u00edbul detall\" width=\"315\" height=\"237\" \/>\u00a0<img loading=\"lazy\" decoding=\"async\" src=\"https:\/\/agora.xtec.cat\/ceipvilomara\/moodle\/pluginfile.php\/6122\/mod_label\/intro\/malala%20mural%20vest%C3%ADbul.jpg\" alt=\"malala vest\u00edbul mural\" width=\"316\" height=\"237\" \/><\/p>\n<p><img loading=\"lazy\" decoding=\"async\" src=\"https:\/\/agora.xtec.cat\/ceipvilomara\/moodle\/pluginfile.php\/6122\/mod_label\/intro\/malala%20vidres1.jpg\" alt=\"malala vidres2\" width=\"211\" height=\"219\" \/><img loading=\"lazy\" decoding=\"async\" src=\"https:\/\/agora.xtec.cat\/ceipvilomara\/moodle\/pluginfile.php\/6122\/mod_label\/intro\/malala%20vdres2.jpg\" alt=\"malala vidres2\" width=\"291\" height=\"219\" \/>\u00a0<img loading=\"lazy\" decoding=\"async\" src=\"https:\/\/agora.xtec.cat\/ceipvilomara\/moodle\/pluginfile.php\/6122\/mod_label\/intro\/malala%20CI.jpg\" alt=\"malala CI\" width=\"295\" height=\"221\" \/>\u00a0<img loading=\"lazy\" decoding=\"async\" src=\"https:\/\/agora.xtec.cat\/ceipvilomara\/moodle\/pluginfile.php\/6122\/mod_label\/intro\/malala%20CS.jpg\" alt=\"malala CS\" width=\"297\" height=\"224\" \/><\/p>\n","protected":false},"excerpt":{"rendered":"<p>L&#8217;octubre del 2012, Malala va ser tirotejada quan sortia de l&#8217;escola.<br \/>\nAra \u00e9s premi Nobel de la Pau i el s\u00edmbol de la lluita per l&#8217;educaci\u00f3 de les noies.<br \/>\nA l&#8217;escola hem parlat del tema i tots coincidim que el dret a l&#8217;educaci\u00f3 hauria d&#8217;estar garantit a&hellip;  <a href=\"https:\/\/agora.xtec.cat\/iepompeufabra\/portada\/malala-yousafzai-premi-nobel-de-la-pau-2014\/\" title=\"Read Malala Yousafzai, premi Nobel de la Pau 2014\">Llegeix m\u00e9s\u00bb<\/a><\/p>\n","protected":false},"author":3,"featured_media":0,"comment_status":"open","ping_status":"closed","sticky":false,"template":"","format":"standard","meta":{"_bbp_topic_count":0,"_bbp_reply_count":0,"_bbp_total_topic_count":0,"_bbp_total_reply_count":0,"_bbp_voice_count":0,"_bbp_anonymous_reply_count":0,"_bbp_topic_count_hidden":0,"_bbp_reply_count_hidden":0,"_bbp_forum_subforum_count":0,"footnotes":""},"categories":[4],"tags":[68],"class_list":["post-943","post","type-post","status-publish","format-standard","hentry","category-portada","tag-68"],"post_mailing_queue_ids":[],"_links":{"self":[{"href":"https:\/\/agora.xtec.cat\/iepompeufabra\/wp-json\/wp\/v2\/posts\/943","targetHints":{"allow":["GET"]}}],"collection":[{"href":"https:\/\/agora.xtec.cat\/iepompeufabra\/wp-json\/wp\/v2\/posts"}],"about":[{"href":"https:\/\/agora.xtec.cat\/iepompeufabra\/wp-json\/wp\/v2\/types\/post"}],"author":[{"embeddable":true,"href":"https:\/\/agora.xtec.cat\/iepompeufabra\/wp-json\/wp\/v2\/users\/3"}],"replies":[{"embeddable":true,"href":"https:\/\/agora.xtec.cat\/iepompeufabra\/wp-json\/wp\/v2\/comments?post=943"}],"version-history":[{"count":1,"href":"https:\/\/agora.xtec.cat\/iepompeufabra\/wp-json\/wp\/v2\/posts\/943\/revisions"}],"predecessor-version":[{"id":944,"href":"https:\/\/agora.xtec.cat\/iepompeufabra\/wp-json\/wp\/v2\/posts\/943\/revisions\/944"}],"wp:attachment":[{"href":"https:\/\/agora.xtec.cat\/iepompeufabra\/wp-json\/wp\/v2\/media?parent=943"}],"wp:term":[{"taxonomy":"category","embeddable":true,"href":"https:\/\/agora.xtec.cat\/iepompeufabra\/wp-json\/wp\/v2\/categories?post=943"},{"taxonomy":"post_tag","embeddable":true,"href":"https:\/\/agora.xtec.cat\/iepompeufabra\/wp-json\/wp\/v2\/tags?post=943"}],"curies":[{"name":"wp","href":"https:\/\/api.w.org\/{rel}","templated":true}]}}