{"id":793,"date":"2018-10-09T15:44:57","date_gmt":"2018-10-09T13:44:57","guid":{"rendered":"https:\/\/agora.xtec.cat\/iepompeufabra\/?p=793"},"modified":"2020-02-19T16:43:09","modified_gmt":"2020-02-19T15:43:09","slug":"un-menjador-mes-semblant-a-casa","status":"publish","type":"post","link":"https:\/\/agora.xtec.cat\/iepompeufabra\/portada\/un-menjador-mes-semblant-a-casa\/","title":{"rendered":"UN MENJADOR M\u00c9S SEMBLANT A CASA"},"content":{"rendered":"<p><span class=\"\">9 d&#8217;octubre de 2018<\/span><b><\/b><\/p>\n<p><b><span class=\"\"><img loading=\"lazy\" decoding=\"async\" class=\"img-responsive atto_image_button_text-bottom\" src=\"https:\/\/agora.xtec.cat\/ceipvilomara\/moodle\/pluginfile.php\/16861\/mod_label\/intro\/plats.jpg\" alt=\"dents\" width=\"250\" height=\"333\" \/><img loading=\"lazy\" decoding=\"async\" class=\"img-responsive atto_image_button_text-bottom\" src=\"https:\/\/agora.xtec.cat\/ceipvilomara\/moodle\/pluginfile.php\/16861\/mod_label\/intro\/dents.jpg\" alt=\"dents\" width=\"250\" height=\"333\" \/><br \/>\n<\/span><\/b><\/p>\n<p><span class=\"\">No \u00e9s com a casa, per\u00f2 volem que s&#8217;hi assembli el m\u00e0xim. Per aix\u00f2 agra\u00efm a la nova empresa de menjador que hagi retirat les safates i els nostres alumnes mengin amb plats.<br \/>\n<\/span><\/p>\n<p><span class=\"\">Tamb\u00e9 hem iniciat l&#8217;h\u00e0bit de rentar-se les dents despr\u00e9s dels \u00e0pats. De moment ho fan els nens i nenes de Cicle Inicial. Poc a poc s&#8217;anir\u00e0 ampliant a tot l&#8217;alumnat que es queda regularment al menjador.<\/span><\/p>\n","protected":false},"excerpt":{"rendered":"<p>9 d&#8217;octubre de 2018<\/p>\n<p>No \u00e9s com a casa, per\u00f2 volem que s&#8217;hi assembli el m\u00e0xim. Per aix\u00f2 agra\u00efm a la nova empresa de menjador que hagi retirat les safates i els nostres alumnes mengin amb plats.<\/p>\n<p>Tamb\u00e9 hem iniciat l&#8217;h\u00e0bit de rentar-se les dents despr\u00e9s dels&hellip;  <a href=\"https:\/\/agora.xtec.cat\/iepompeufabra\/portada\/un-menjador-mes-semblant-a-casa\/\" title=\"Read UN MENJADOR M\u00c9S SEMBLANT A CASA\">Llegeix m\u00e9s\u00bb<\/a><\/p>\n","protected":false},"author":1,"featured_media":0,"comment_status":"open","ping_status":"closed","sticky":false,"template":"","format":"standard","meta":{"_bbp_topic_count":0,"_bbp_reply_count":0,"_bbp_total_topic_count":0,"_bbp_total_reply_count":0,"_bbp_voice_count":0,"_bbp_anonymous_reply_count":0,"_bbp_topic_count_hidden":0,"_bbp_reply_count_hidden":0,"_bbp_forum_subforum_count":0,"footnotes":""},"categories":[4],"tags":[72,102],"class_list":["post-793","post","type-post","status-publish","format-standard","hentry","category-portada","tag-72","tag-habits-saludables"],"post_mailing_queue_ids":[],"_links":{"self":[{"href":"https:\/\/agora.xtec.cat\/iepompeufabra\/wp-json\/wp\/v2\/posts\/793","targetHints":{"allow":["GET"]}}],"collection":[{"href":"https:\/\/agora.xtec.cat\/iepompeufabra\/wp-json\/wp\/v2\/posts"}],"about":[{"href":"https:\/\/agora.xtec.cat\/iepompeufabra\/wp-json\/wp\/v2\/types\/post"}],"author":[{"embeddable":true,"href":"https:\/\/agora.xtec.cat\/iepompeufabra\/wp-json\/wp\/v2\/users\/1"}],"replies":[{"embeddable":true,"href":"https:\/\/agora.xtec.cat\/iepompeufabra\/wp-json\/wp\/v2\/comments?post=793"}],"version-history":[{"count":1,"href":"https:\/\/agora.xtec.cat\/iepompeufabra\/wp-json\/wp\/v2\/posts\/793\/revisions"}],"predecessor-version":[{"id":799,"href":"https:\/\/agora.xtec.cat\/iepompeufabra\/wp-json\/wp\/v2\/posts\/793\/revisions\/799"}],"wp:attachment":[{"href":"https:\/\/agora.xtec.cat\/iepompeufabra\/wp-json\/wp\/v2\/media?parent=793"}],"wp:term":[{"taxonomy":"category","embeddable":true,"href":"https:\/\/agora.xtec.cat\/iepompeufabra\/wp-json\/wp\/v2\/categories?post=793"},{"taxonomy":"post_tag","embeddable":true,"href":"https:\/\/agora.xtec.cat\/iepompeufabra\/wp-json\/wp\/v2\/tags?post=793"}],"curies":[{"name":"wp","href":"https:\/\/api.w.org\/{rel}","templated":true}]}}