{"id":9426,"date":"2018-11-24T18:38:47","date_gmt":"2018-11-24T17:38:47","guid":{"rendered":"https:\/\/agora.xtec.cat\/iemossenjoanbatlle\/\/?p=9426"},"modified":"2018-11-24T18:38:47","modified_gmt":"2018-11-24T17:38:47","slug":"decoracio-passadis-de-lescola-primer-trimestre-2018-19","status":"publish","type":"post","link":"https:\/\/agora.xtec.cat\/iemossenjoanbatlle\/general\/decoracio-passadis-de-lescola-primer-trimestre-2018-19\/","title":{"rendered":"Decoraci\u00f3 passad\u00eds de l&#8217;escola primer trimestre 2018-19"},"content":{"rendered":"<p>Aqu\u00ed teniu fotos de les manualitats de les fam\u00edlies per decorar els passadissos de l&#8217;escola. S\u00f3n personatges espectaculars. Els votres fills\/es s\u00f3n uns artistes. Felicitats! L&#8217;escola est\u00e0 plena d&#8217;hero\u00efs! Cliqueu a l&#8217;enlla\u00e7 per veure totes les fotos.<\/p>\n<p><img loading=\"lazy\" decoding=\"async\" src=\"https:\/\/agora.xtec.cat\/iemossenjoanbatlle\/\/wp-content\/uploads\/usu1208\/2018\/11\/20181123_1202331784554884.jpg\" class=\"alignnone wp-image-9424 size-full\" width=\"3000\" height=\"2250\" srcset=\"https:\/\/agora.xtec.cat\/iemossenjoanbatlle\/wp-content\/uploads\/usu1208\/2018\/11\/20181123_1202331784554884.jpg 3000w, https:\/\/agora.xtec.cat\/iemossenjoanbatlle\/wp-content\/uploads\/usu1208\/2018\/11\/20181123_1202331784554884-300x225.jpg 300w, https:\/\/agora.xtec.cat\/iemossenjoanbatlle\/wp-content\/uploads\/usu1208\/2018\/11\/20181123_1202331784554884-768x576.jpg 768w, https:\/\/agora.xtec.cat\/iemossenjoanbatlle\/wp-content\/uploads\/usu1208\/2018\/11\/20181123_1202331784554884-1024x768.jpg 1024w, https:\/\/agora.xtec.cat\/iemossenjoanbatlle\/wp-content\/uploads\/usu1208\/2018\/11\/20181123_1202331784554884-200x150.jpg 200w\" sizes=\"auto, (max-width: 3000px) 100vw, 3000px\" \/><\/p>\n<p><a href=\"https:\/\/photos.app.goo.gl\/WnPn18rthJD9sbfK8\">https:\/\/photos.app.goo.gl\/WnPn18rthJD9sbfK8<\/a><\/p>\n","protected":false},"excerpt":{"rendered":"<p>Aqu\u00ed teniu fotos de les manualitats de les fam\u00edlies per decorar els passadissos de l&#8217;escola. S\u00f3n personatges espectaculars. Els votres fills\/es s\u00f3n uns artistes. Felicitats! L&#8217;escola est\u00e0 plena d&#8217;hero\u00efs! Cliqueu a l&#8217;enlla\u00e7 per veure totes les fotos.<\/p>\n<p><a href=\"https:\/\/photos.app.goo.gl\/WnPn18rthJD9sbfK8\">https:\/\/photos.app.goo.gl\/WnPn18rthJD9sbfK8<\/a><\/p>\n","protected":false},"author":1,"featured_media":9425,"comment_status":"open","ping_status":"closed","sticky":false,"template":"","format":"standard","meta":{"_bbp_topic_count":0,"_bbp_reply_count":0,"_bbp_total_topic_count":0,"_bbp_total_reply_count":0,"_bbp_voice_count":0,"_bbp_anonymous_reply_count":0,"_bbp_topic_count_hidden":0,"_bbp_reply_count_hidden":0,"_bbp_forum_subforum_count":0,"footnotes":""},"categories":[7,1,4],"tags":[],"class_list":["post-9426","post","type-post","status-publish","format-standard","has-post-thumbnail","hentry","category-afa","category-general","category-portada"],"post_mailing_queue_ids":[],"_links":{"self":[{"href":"https:\/\/agora.xtec.cat\/iemossenjoanbatlle\/wp-json\/wp\/v2\/posts\/9426","targetHints":{"allow":["GET"]}}],"collection":[{"href":"https:\/\/agora.xtec.cat\/iemossenjoanbatlle\/wp-json\/wp\/v2\/posts"}],"about":[{"href":"https:\/\/agora.xtec.cat\/iemossenjoanbatlle\/wp-json\/wp\/v2\/types\/post"}],"author":[{"embeddable":true,"href":"https:\/\/agora.xtec.cat\/iemossenjoanbatlle\/wp-json\/wp\/v2\/users\/1"}],"replies":[{"embeddable":true,"href":"https:\/\/agora.xtec.cat\/iemossenjoanbatlle\/wp-json\/wp\/v2\/comments?post=9426"}],"version-history":[{"count":1,"href":"https:\/\/agora.xtec.cat\/iemossenjoanbatlle\/wp-json\/wp\/v2\/posts\/9426\/revisions"}],"predecessor-version":[{"id":9427,"href":"https:\/\/agora.xtec.cat\/iemossenjoanbatlle\/wp-json\/wp\/v2\/posts\/9426\/revisions\/9427"}],"wp:featuredmedia":[{"embeddable":true,"href":"https:\/\/agora.xtec.cat\/iemossenjoanbatlle\/wp-json\/wp\/v2\/media\/9425"}],"wp:attachment":[{"href":"https:\/\/agora.xtec.cat\/iemossenjoanbatlle\/wp-json\/wp\/v2\/media?parent=9426"}],"wp:term":[{"taxonomy":"category","embeddable":true,"href":"https:\/\/agora.xtec.cat\/iemossenjoanbatlle\/wp-json\/wp\/v2\/categories?post=9426"},{"taxonomy":"post_tag","embeddable":true,"href":"https:\/\/agora.xtec.cat\/iemossenjoanbatlle\/wp-json\/wp\/v2\/tags?post=9426"}],"curies":[{"name":"wp","href":"https:\/\/api.w.org\/{rel}","templated":true}]}}