{"id":9325,"date":"2018-11-19T14:14:13","date_gmt":"2018-11-19T13:14:13","guid":{"rendered":"http:\/\/agora.xtec.cat\/iemossenjoanbatlle\/\/?p=9325"},"modified":"2018-11-19T14:14:13","modified_gmt":"2018-11-19T13:14:13","slug":"1r-setmana-de-la-ciencia-barregem-colors","status":"publish","type":"post","link":"https:\/\/agora.xtec.cat\/iemossenjoanbatlle\/general\/1r-setmana-de-la-ciencia-barregem-colors\/","title":{"rendered":"1r: SETMANA DE LA CI\u00c8NCIA: BARREGEM COLORS"},"content":{"rendered":"<p>En motiu de la Setmana de la Ci\u00e8ncia, els alumnes de 1r, vam treballar la ci\u00e8ncia dels colors. Emprant el m\u00e8tode cient\u00edfic, vam barrejar els colors primaris per obtenir-ne de secundaris: vam descriure l&#8217;activitat, vam formular hip\u00f2tesis, vam barrejar els colors i vam comparar els resultats obtinguts amb les hip\u00f2tesis pr\u00e8vies.<\/p>\n<p>Aqu\u00ed us deixem una mostra de l&#8217;activitat.<\/p>\n<p>Cliqueu l&#8217;enlla\u00e7 per veure les fotografies:<\/p>\n<p><a href=\"https:\/\/photos.app.goo.gl\/J7qTLNdW9n2pU8x39\">https:\/\/photos.app.goo.gl\/J7qTLNdW9n2pU8x39<\/a><\/p>\n","protected":false},"excerpt":{"rendered":"<p>En motiu de la Setmana de la Ci\u00e8ncia, els alumnes de 1r, vam treballar la ci\u00e8ncia dels colors. Emprant el m\u00e8tode cient\u00edfic, vam barrejar els colors primaris per obtenir-ne de secundaris: vam descriure l&#8217;activitat, vam formular hip\u00f2tesis, vam barrejar els colors i vam comparar els&hellip;  <a href=\"https:\/\/agora.xtec.cat\/iemossenjoanbatlle\/general\/1r-setmana-de-la-ciencia-barregem-colors\/\" title=\"Read 1r: SETMANA DE LA CI\u00c8NCIA: BARREGEM COLORS\">Llegeix m\u00e9s\u00bb<\/a><\/p>\n","protected":false},"author":5,"featured_media":9326,"comment_status":"open","ping_status":"closed","sticky":false,"template":"","format":"standard","meta":{"_bbp_topic_count":0,"_bbp_reply_count":0,"_bbp_total_topic_count":0,"_bbp_total_reply_count":0,"_bbp_voice_count":0,"_bbp_anonymous_reply_count":0,"_bbp_topic_count_hidden":0,"_bbp_reply_count_hidden":0,"_bbp_forum_subforum_count":0,"footnotes":""},"categories":[10,1,4,5],"tags":[],"class_list":["post-9325","post","type-post","status-publish","format-standard","has-post-thumbnail","hentry","category-1r","category-general","category-portada","category-primaria"],"post_mailing_queue_ids":[],"_links":{"self":[{"href":"https:\/\/agora.xtec.cat\/iemossenjoanbatlle\/wp-json\/wp\/v2\/posts\/9325","targetHints":{"allow":["GET"]}}],"collection":[{"href":"https:\/\/agora.xtec.cat\/iemossenjoanbatlle\/wp-json\/wp\/v2\/posts"}],"about":[{"href":"https:\/\/agora.xtec.cat\/iemossenjoanbatlle\/wp-json\/wp\/v2\/types\/post"}],"author":[{"embeddable":true,"href":"https:\/\/agora.xtec.cat\/iemossenjoanbatlle\/wp-json\/wp\/v2\/users\/5"}],"replies":[{"embeddable":true,"href":"https:\/\/agora.xtec.cat\/iemossenjoanbatlle\/wp-json\/wp\/v2\/comments?post=9325"}],"version-history":[{"count":1,"href":"https:\/\/agora.xtec.cat\/iemossenjoanbatlle\/wp-json\/wp\/v2\/posts\/9325\/revisions"}],"predecessor-version":[{"id":9327,"href":"https:\/\/agora.xtec.cat\/iemossenjoanbatlle\/wp-json\/wp\/v2\/posts\/9325\/revisions\/9327"}],"wp:featuredmedia":[{"embeddable":true,"href":"https:\/\/agora.xtec.cat\/iemossenjoanbatlle\/wp-json\/wp\/v2\/media\/9326"}],"wp:attachment":[{"href":"https:\/\/agora.xtec.cat\/iemossenjoanbatlle\/wp-json\/wp\/v2\/media?parent=9325"}],"wp:term":[{"taxonomy":"category","embeddable":true,"href":"https:\/\/agora.xtec.cat\/iemossenjoanbatlle\/wp-json\/wp\/v2\/categories?post=9325"},{"taxonomy":"post_tag","embeddable":true,"href":"https:\/\/agora.xtec.cat\/iemossenjoanbatlle\/wp-json\/wp\/v2\/tags?post=9325"}],"curies":[{"name":"wp","href":"https:\/\/api.w.org\/{rel}","templated":true}]}}