{"id":9269,"date":"2018-11-09T22:27:46","date_gmt":"2018-11-09T21:27:46","guid":{"rendered":"http:\/\/agora.xtec.cat\/iemossenjoanbatlle\/\/?p=9269"},"modified":"2018-11-09T22:27:46","modified_gmt":"2018-11-09T21:27:46","slug":"hora-del-conte-siei-el-dia-que-les-ceres-de-colors-van-dir-prou","status":"publish","type":"post","link":"https:\/\/agora.xtec.cat\/iemossenjoanbatlle\/general\/hora-del-conte-siei-el-dia-que-les-ceres-de-colors-van-dir-prou\/","title":{"rendered":"HORA DEL CONTE SIEI: &#8220;El dia que les ceres de colors van dir prou&#8221;."},"content":{"rendered":"<p>Hem explicat un conte molt interessant i divertit sobre unes ceres de colors que es queixen al seu propietari. Algunes perqu\u00e8 les fa servir massa, altres perqu\u00e8 no surten mai de la capsa o les utilitza per pintar coses poc importants.<\/p>\n<p>Despr\u00e9s hem fet un dibuix compartit entre tots. El que hem comen\u00e7at no tenia res a veure amb el producte final per\u00f2 hem fet servir totes les ceres de colors!!! \ud83d\ude09<\/p>\n<p><a href=\"https:\/\/photos.app.goo.gl\/DoD3X3tmaU8aGbwcA\">(Cliqueu aqu\u00ed per veure les fotos).<\/a><\/p>\n<p>&nbsp;<\/p>\n<p>&nbsp;<\/p>\n","protected":false},"excerpt":{"rendered":"<p>Hem explicat un conte molt interessant i divertit sobre unes ceres de colors que es queixen al seu propietari. Algunes perqu\u00e8 les fa servir massa, altres perqu\u00e8 no surten mai de la capsa o les utilitza per pintar coses poc importants.<br \/>\nDespr\u00e9s hem fet un dibuix&hellip;  <a href=\"https:\/\/agora.xtec.cat\/iemossenjoanbatlle\/general\/hora-del-conte-siei-el-dia-que-les-ceres-de-colors-van-dir-prou\/\" title=\"Read HORA DEL CONTE SIEI: &#8220;El dia que les ceres de colors van dir prou&#8221;.\">Llegeix m\u00e9s\u00bb<\/a><\/p>\n","protected":false},"author":17,"featured_media":9270,"comment_status":"open","ping_status":"closed","sticky":false,"template":"","format":"standard","meta":{"footnotes":""},"categories":[1,4,26],"tags":[],"class_list":["post-9269","post","type-post","status-publish","format-standard","has-post-thumbnail","hentry","category-general","category-portada","category-siei"],"post_mailing_queue_ids":[],"_links":{"self":[{"href":"https:\/\/agora.xtec.cat\/iemossenjoanbatlle\/wp-json\/wp\/v2\/posts\/9269","targetHints":{"allow":["GET"]}}],"collection":[{"href":"https:\/\/agora.xtec.cat\/iemossenjoanbatlle\/wp-json\/wp\/v2\/posts"}],"about":[{"href":"https:\/\/agora.xtec.cat\/iemossenjoanbatlle\/wp-json\/wp\/v2\/types\/post"}],"author":[{"embeddable":true,"href":"https:\/\/agora.xtec.cat\/iemossenjoanbatlle\/wp-json\/wp\/v2\/users\/17"}],"replies":[{"embeddable":true,"href":"https:\/\/agora.xtec.cat\/iemossenjoanbatlle\/wp-json\/wp\/v2\/comments?post=9269"}],"version-history":[{"count":1,"href":"https:\/\/agora.xtec.cat\/iemossenjoanbatlle\/wp-json\/wp\/v2\/posts\/9269\/revisions"}],"predecessor-version":[{"id":9271,"href":"https:\/\/agora.xtec.cat\/iemossenjoanbatlle\/wp-json\/wp\/v2\/posts\/9269\/revisions\/9271"}],"wp:featuredmedia":[{"embeddable":true,"href":"https:\/\/agora.xtec.cat\/iemossenjoanbatlle\/wp-json\/wp\/v2\/media\/9270"}],"wp:attachment":[{"href":"https:\/\/agora.xtec.cat\/iemossenjoanbatlle\/wp-json\/wp\/v2\/media?parent=9269"}],"wp:term":[{"taxonomy":"category","embeddable":true,"href":"https:\/\/agora.xtec.cat\/iemossenjoanbatlle\/wp-json\/wp\/v2\/categories?post=9269"},{"taxonomy":"post_tag","embeddable":true,"href":"https:\/\/agora.xtec.cat\/iemossenjoanbatlle\/wp-json\/wp\/v2\/tags?post=9269"}],"curies":[{"name":"wp","href":"https:\/\/api.w.org\/{rel}","templated":true}]}}