{"id":9115,"date":"2018-10-27T13:33:50","date_gmt":"2018-10-27T11:33:50","guid":{"rendered":"http:\/\/agora.xtec.cat\/iemossenjoanbatlle\/\/?p=9115"},"modified":"2018-10-27T13:33:50","modified_gmt":"2018-10-27T11:33:50","slug":"hora-del-conte-siei-les-enrabiades-den-marcel","status":"publish","type":"post","link":"https:\/\/agora.xtec.cat\/iemossenjoanbatlle\/general\/hora-del-conte-siei-les-enrabiades-den-marcel\/","title":{"rendered":"HORA DEL CONTE SIEI: &#8220;Les enrabiades d&#8217;en Marcel&#8221;."},"content":{"rendered":"<p>Aquesta setmana hem tractat l&#8217;emoci\u00f3 de la r\u00e0bia i el que passa quan no la controlem.<\/p>\n<p>Hem posat a la classe el term\u00f2metre de les rabietes per prendre consci\u00e8ncia del nostre estat emocional.<\/p>\n<p>Tamb\u00e9 hem constru\u00eft m\u00e0scares dels personatges del conte i hem fet un pot de la calma com a demanda d&#8217;alguns alumnes.<\/p>\n<p><a href=\"https:\/\/photos.app.goo.gl\/H1FqhXtmTKCxtdmt9\">(Podeu veure les fotos clicant aqu\u00ed)<\/a><\/p>\n","protected":false},"excerpt":{"rendered":"<p>Aquesta setmana hem tractat l&#8217;emoci\u00f3 de la r\u00e0bia i el que passa quan no la controlem.<br \/>\nHem posat a la classe el term\u00f2metre de les rabietes per prendre consci\u00e8ncia del nostre estat emocional.<br \/>\nTamb\u00e9 hem constru\u00eft m\u00e0scares dels personatges del conte i hem fet un pot de&hellip;  <a href=\"https:\/\/agora.xtec.cat\/iemossenjoanbatlle\/general\/hora-del-conte-siei-les-enrabiades-den-marcel\/\" title=\"Read HORA DEL CONTE SIEI: &#8220;Les enrabiades d&#8217;en Marcel&#8221;.\">Llegeix m\u00e9s\u00bb<\/a><\/p>\n","protected":false},"author":17,"featured_media":9116,"comment_status":"open","ping_status":"closed","sticky":false,"template":"","format":"standard","meta":{"_bbp_topic_count":0,"_bbp_reply_count":0,"_bbp_total_topic_count":0,"_bbp_total_reply_count":0,"_bbp_voice_count":0,"_bbp_anonymous_reply_count":0,"_bbp_topic_count_hidden":0,"_bbp_reply_count_hidden":0,"_bbp_forum_subforum_count":0,"footnotes":""},"categories":[1,4,26],"tags":[],"class_list":["post-9115","post","type-post","status-publish","format-standard","has-post-thumbnail","hentry","category-general","category-portada","category-siei"],"post_mailing_queue_ids":[],"_links":{"self":[{"href":"https:\/\/agora.xtec.cat\/iemossenjoanbatlle\/wp-json\/wp\/v2\/posts\/9115","targetHints":{"allow":["GET"]}}],"collection":[{"href":"https:\/\/agora.xtec.cat\/iemossenjoanbatlle\/wp-json\/wp\/v2\/posts"}],"about":[{"href":"https:\/\/agora.xtec.cat\/iemossenjoanbatlle\/wp-json\/wp\/v2\/types\/post"}],"author":[{"embeddable":true,"href":"https:\/\/agora.xtec.cat\/iemossenjoanbatlle\/wp-json\/wp\/v2\/users\/17"}],"replies":[{"embeddable":true,"href":"https:\/\/agora.xtec.cat\/iemossenjoanbatlle\/wp-json\/wp\/v2\/comments?post=9115"}],"version-history":[{"count":1,"href":"https:\/\/agora.xtec.cat\/iemossenjoanbatlle\/wp-json\/wp\/v2\/posts\/9115\/revisions"}],"predecessor-version":[{"id":9117,"href":"https:\/\/agora.xtec.cat\/iemossenjoanbatlle\/wp-json\/wp\/v2\/posts\/9115\/revisions\/9117"}],"wp:featuredmedia":[{"embeddable":true,"href":"https:\/\/agora.xtec.cat\/iemossenjoanbatlle\/wp-json\/wp\/v2\/media\/9116"}],"wp:attachment":[{"href":"https:\/\/agora.xtec.cat\/iemossenjoanbatlle\/wp-json\/wp\/v2\/media?parent=9115"}],"wp:term":[{"taxonomy":"category","embeddable":true,"href":"https:\/\/agora.xtec.cat\/iemossenjoanbatlle\/wp-json\/wp\/v2\/categories?post=9115"},{"taxonomy":"post_tag","embeddable":true,"href":"https:\/\/agora.xtec.cat\/iemossenjoanbatlle\/wp-json\/wp\/v2\/tags?post=9115"}],"curies":[{"name":"wp","href":"https:\/\/api.w.org\/{rel}","templated":true}]}}