{"id":8916,"date":"2018-10-02T15:41:46","date_gmt":"2018-10-02T13:41:46","guid":{"rendered":"http:\/\/agora.xtec.cat\/iemossenjoanbatlle\/\/?p=8916"},"modified":"2018-10-02T17:56:37","modified_gmt":"2018-10-02T15:56:37","slug":"reunions-amb-les-families","status":"publish","type":"post","link":"https:\/\/agora.xtec.cat\/iemossenjoanbatlle\/general\/reunions-amb-les-families\/","title":{"rendered":"Reunions amb les fam\u00edlies"},"content":{"rendered":"<p>Fa uns dies vam realitzar les reunions d\u00b4inici de curs amb les fam\u00edlies.<\/p>\n<p>Primer de tot us volem donar les gr\u00e0cies per la vostra participaci\u00f3 en les reunions. Estem molt contents per la vostra implicaci\u00f3 i esperem que els canvis en la din\u00e0miques de les reunions hagin estat positius tamb\u00e9 per vosaltres.<\/p>\n<p>Aqu\u00ed us deixem algunes imatges. Cliqueu a la foto per veure&#8217;n m\u00e9s.<\/p>\n<p><a href=\"https:\/\/photos.app.goo.gl\/YBnsdBF7es4bwMuV8\"><img loading=\"lazy\" decoding=\"async\" class=\"aligncenter wp-image-8918\" src=\"http:\/\/agora.xtec.cat\/iemossenjoanbatlle\/\/wp-content\/uploads\/usu1208\/2018\/10\/IMG_20180920_191054-1024x768.jpg\" alt=\"\" width=\"497\" height=\"373\" srcset=\"https:\/\/agora.xtec.cat\/iemossenjoanbatlle\/wp-content\/uploads\/usu1208\/2018\/10\/IMG_20180920_191054-1024x768.jpg 1024w, https:\/\/agora.xtec.cat\/iemossenjoanbatlle\/wp-content\/uploads\/usu1208\/2018\/10\/IMG_20180920_191054-300x225.jpg 300w, https:\/\/agora.xtec.cat\/iemossenjoanbatlle\/wp-content\/uploads\/usu1208\/2018\/10\/IMG_20180920_191054-768x576.jpg 768w, https:\/\/agora.xtec.cat\/iemossenjoanbatlle\/wp-content\/uploads\/usu1208\/2018\/10\/IMG_20180920_191054-200x150.jpg 200w\" sizes=\"auto, (max-width: 497px) 100vw, 497px\" \/><\/a><\/p>\n<p>Recordeu que vareu escriure en un paper de color que \u00e9s el m\u00e9s important per vosaltres?<\/p>\n<p>Doncs aqu\u00ed teniu el que penseu les fam\u00edlies de l\u00b4escola:<\/p>\n<p><img loading=\"lazy\" decoding=\"async\" class=\"aligncenter size-full wp-image-8917\" src=\"http:\/\/agora.xtec.cat\/iemossenjoanbatlle\/\/wp-content\/uploads\/usu1208\/2018\/10\/retorn-fam\u00edlies.png\" alt=\"\" width=\"816\" height=\"421\" srcset=\"https:\/\/agora.xtec.cat\/iemossenjoanbatlle\/wp-content\/uploads\/usu1208\/2018\/10\/retorn-fam\u00edlies.png 816w, https:\/\/agora.xtec.cat\/iemossenjoanbatlle\/wp-content\/uploads\/usu1208\/2018\/10\/retorn-fam\u00edlies-300x155.png 300w, https:\/\/agora.xtec.cat\/iemossenjoanbatlle\/wp-content\/uploads\/usu1208\/2018\/10\/retorn-fam\u00edlies-768x396.png 768w\" sizes=\"auto, (max-width: 816px) 100vw, 816px\" \/><\/p>\n<p>A m\u00e9s a m\u00e9s tamb\u00e9 van sortir altres aspectes molt interessants proposats per vosaltres:<\/p>\n<p>Ser feli\u00e7, escoltar, aprendre, ajudar, respectar els seus ritmes, escoltar les seves necessitats, ser aut\u00f2nom, tot \u00e9s important, cooperaci\u00f3, treballar en equip, aprendre sent feli\u00e7os, jugar, const\u00e0ncia, participaci\u00f3 fills, mestres i fam\u00edlies, sentir-se a gust, ser cr\u00edtics, que siguin ells mateixos fent totes aquestes coses, valorar els seus esfor\u00e7os, solidaritat, amor, senzillesa, superar-se, confian\u00e7a, tenir valors, con\u00e8ixer-se a un mateix, desenvolupar inquietuds, valorar-se, ser bona persona, aprenentatge continu.<\/p>\n<p>Gr\u00e0cies de nou per les vostres aportacions! Ho tindrem en compte. Ens encanta que participeu!<\/p>\n","protected":false},"excerpt":{"rendered":"<p>Fa uns dies vam realitzar les reunions d\u00b4inici de curs amb les fam\u00edlies.<br \/>\nPrimer de tot us volem donar les gr\u00e0cies per la vostra participaci\u00f3 en les reunions. Estem molt contents per la vostra implicaci\u00f3 i esperem que els canvis en la din\u00e0miques de les reunions&hellip;  <a href=\"https:\/\/agora.xtec.cat\/iemossenjoanbatlle\/general\/reunions-amb-les-families\/\" title=\"Read Reunions amb les fam\u00edlies\">Llegeix m\u00e9s\u00bb<\/a><\/p>\n","protected":false},"author":1,"featured_media":0,"comment_status":"open","ping_status":"closed","sticky":false,"template":"","format":"standard","meta":{"_bbp_topic_count":0,"_bbp_reply_count":0,"_bbp_total_topic_count":0,"_bbp_total_reply_count":0,"_bbp_voice_count":0,"_bbp_anonymous_reply_count":0,"_bbp_topic_count_hidden":0,"_bbp_reply_count_hidden":0,"_bbp_forum_subforum_count":0,"footnotes":""},"categories":[7,1,2,4,5],"tags":[],"class_list":["post-8916","post","type-post","status-publish","format-standard","hentry","category-afa","category-general","category-infantil","category-portada","category-primaria"],"post_mailing_queue_ids":[],"_links":{"self":[{"href":"https:\/\/agora.xtec.cat\/iemossenjoanbatlle\/wp-json\/wp\/v2\/posts\/8916","targetHints":{"allow":["GET"]}}],"collection":[{"href":"https:\/\/agora.xtec.cat\/iemossenjoanbatlle\/wp-json\/wp\/v2\/posts"}],"about":[{"href":"https:\/\/agora.xtec.cat\/iemossenjoanbatlle\/wp-json\/wp\/v2\/types\/post"}],"author":[{"embeddable":true,"href":"https:\/\/agora.xtec.cat\/iemossenjoanbatlle\/wp-json\/wp\/v2\/users\/1"}],"replies":[{"embeddable":true,"href":"https:\/\/agora.xtec.cat\/iemossenjoanbatlle\/wp-json\/wp\/v2\/comments?post=8916"}],"version-history":[{"count":1,"href":"https:\/\/agora.xtec.cat\/iemossenjoanbatlle\/wp-json\/wp\/v2\/posts\/8916\/revisions"}],"predecessor-version":[{"id":8919,"href":"https:\/\/agora.xtec.cat\/iemossenjoanbatlle\/wp-json\/wp\/v2\/posts\/8916\/revisions\/8919"}],"wp:attachment":[{"href":"https:\/\/agora.xtec.cat\/iemossenjoanbatlle\/wp-json\/wp\/v2\/media?parent=8916"}],"wp:term":[{"taxonomy":"category","embeddable":true,"href":"https:\/\/agora.xtec.cat\/iemossenjoanbatlle\/wp-json\/wp\/v2\/categories?post=8916"},{"taxonomy":"post_tag","embeddable":true,"href":"https:\/\/agora.xtec.cat\/iemossenjoanbatlle\/wp-json\/wp\/v2\/tags?post=8916"}],"curies":[{"name":"wp","href":"https:\/\/api.w.org\/{rel}","templated":true}]}}