{"id":7698,"date":"2018-02-20T22:07:46","date_gmt":"2018-02-20T21:07:46","guid":{"rendered":"http:\/\/agora.xtec.cat\/iemossenjoanbatlle\/\/?p=7698"},"modified":"2018-02-20T22:07:46","modified_gmt":"2018-02-20T21:07:46","slug":"hora-del-conte-siei-la-gran-cursa-de-lelmer","status":"publish","type":"post","link":"https:\/\/agora.xtec.cat\/iemossenjoanbatlle\/general\/hora-del-conte-siei-la-gran-cursa-de-lelmer\/","title":{"rendered":"HORA DEL CONTE SIEI: &#8220;La gran cursa de l&#8217;Elmer&#8221;."},"content":{"rendered":"<p>A l&#8217;hora del conte hem parlat de la import\u00e0ncia de &#8220;participar&#8221; m\u00e9s que de &#8220;guanyar&#8221;. Ho hem fet a partir de la hist\u00f2ria de La gran cursa de l&#8217;Elmer.<\/p>\n<p>Hem pintat un elefant i hem explicat oralment el seu paper dins la cursa (el que ha fet trampes, el que ha caigut, el que ha ajudat, el que ha guanyat, &#8230;).<\/p>\n<p>Finalment hem preparat medalles pels nostres companys pel proper dia de piscina. Estarem atents per valorar: el m\u00e9s r\u00e0pid, el que m\u00e9s s&#8217;esfor\u00e7a, etc. Ja tenim ganes de repartir-les! ???<\/p>\n<p><img loading=\"lazy\" decoding=\"async\" class=\"alignnone size-full wp-image-7699\" src=\"http:\/\/agora.xtec.cat\/iemossenjoanbatlle\/\/wp-content\/uploads\/usu1208\/2018\/02\/PhotoGrid_1519156693988.jpg\" alt=\"\" width=\"720\" height=\"720\" srcset=\"https:\/\/agora.xtec.cat\/iemossenjoanbatlle\/wp-content\/uploads\/usu1208\/2018\/02\/PhotoGrid_1519156693988.jpg 720w, https:\/\/agora.xtec.cat\/iemossenjoanbatlle\/wp-content\/uploads\/usu1208\/2018\/02\/PhotoGrid_1519156693988-150x150.jpg 150w, https:\/\/agora.xtec.cat\/iemossenjoanbatlle\/wp-content\/uploads\/usu1208\/2018\/02\/PhotoGrid_1519156693988-300x300.jpg 300w\" sizes=\"auto, (max-width: 720px) 100vw, 720px\" \/><\/p>\n","protected":false},"excerpt":{"rendered":"<p>A l&#8217;hora del conte hem parlat de la import\u00e0ncia de &#8220;participar&#8221; m\u00e9s que de &#8220;guanyar&#8221;. Ho hem fet a partir de la hist\u00f2ria de La gran cursa de l&#8217;Elmer.<br \/>\nHem pintat un elefant i hem explicat oralment el seu paper dins la cursa (el que ha&hellip;  <a href=\"https:\/\/agora.xtec.cat\/iemossenjoanbatlle\/general\/hora-del-conte-siei-la-gran-cursa-de-lelmer\/\" title=\"Read HORA DEL CONTE SIEI: &#8220;La gran cursa de l&#8217;Elmer&#8221;.\">Llegeix m\u00e9s\u00bb<\/a><\/p>\n","protected":false},"author":17,"featured_media":7699,"comment_status":"open","ping_status":"closed","sticky":false,"template":"","format":"standard","meta":{"_bbp_topic_count":0,"_bbp_reply_count":0,"_bbp_total_topic_count":0,"_bbp_total_reply_count":0,"_bbp_voice_count":0,"_bbp_anonymous_reply_count":0,"_bbp_topic_count_hidden":0,"_bbp_reply_count_hidden":0,"_bbp_forum_subforum_count":0,"footnotes":""},"categories":[1,4,26],"tags":[],"class_list":["post-7698","post","type-post","status-publish","format-standard","has-post-thumbnail","hentry","category-general","category-portada","category-siei"],"post_mailing_queue_ids":[],"_links":{"self":[{"href":"https:\/\/agora.xtec.cat\/iemossenjoanbatlle\/wp-json\/wp\/v2\/posts\/7698","targetHints":{"allow":["GET"]}}],"collection":[{"href":"https:\/\/agora.xtec.cat\/iemossenjoanbatlle\/wp-json\/wp\/v2\/posts"}],"about":[{"href":"https:\/\/agora.xtec.cat\/iemossenjoanbatlle\/wp-json\/wp\/v2\/types\/post"}],"author":[{"embeddable":true,"href":"https:\/\/agora.xtec.cat\/iemossenjoanbatlle\/wp-json\/wp\/v2\/users\/17"}],"replies":[{"embeddable":true,"href":"https:\/\/agora.xtec.cat\/iemossenjoanbatlle\/wp-json\/wp\/v2\/comments?post=7698"}],"version-history":[{"count":1,"href":"https:\/\/agora.xtec.cat\/iemossenjoanbatlle\/wp-json\/wp\/v2\/posts\/7698\/revisions"}],"predecessor-version":[{"id":7700,"href":"https:\/\/agora.xtec.cat\/iemossenjoanbatlle\/wp-json\/wp\/v2\/posts\/7698\/revisions\/7700"}],"wp:featuredmedia":[{"embeddable":true,"href":"https:\/\/agora.xtec.cat\/iemossenjoanbatlle\/wp-json\/wp\/v2\/media\/7699"}],"wp:attachment":[{"href":"https:\/\/agora.xtec.cat\/iemossenjoanbatlle\/wp-json\/wp\/v2\/media?parent=7698"}],"wp:term":[{"taxonomy":"category","embeddable":true,"href":"https:\/\/agora.xtec.cat\/iemossenjoanbatlle\/wp-json\/wp\/v2\/categories?post=7698"},{"taxonomy":"post_tag","embeddable":true,"href":"https:\/\/agora.xtec.cat\/iemossenjoanbatlle\/wp-json\/wp\/v2\/tags?post=7698"}],"curies":[{"name":"wp","href":"https:\/\/api.w.org\/{rel}","templated":true}]}}