{"id":7449,"date":"2018-01-29T09:40:07","date_gmt":"2018-01-29T08:40:07","guid":{"rendered":"http:\/\/agora.xtec.cat\/iemossenjoanbatlle\/\/?p=7449"},"modified":"2018-01-29T09:40:07","modified_gmt":"2018-01-29T08:40:07","slug":"videos-finalistes-per-la-coreografia-de-la-rua-de-carnaval-de-lescola","status":"publish","type":"post","link":"https:\/\/agora.xtec.cat\/iemossenjoanbatlle\/general\/videos-finalistes-per-la-coreografia-de-la-rua-de-carnaval-de-lescola\/","title":{"rendered":"V\u00eddeos  finalistes per la coreografia de la rua de carnaval de l&#8217;escola"},"content":{"rendered":"<p>Aqu\u00ed teniu els v\u00eddeos tutorial per la rua de carnaval.<\/p>\n<p>Els alumnes de 6\u00e8 han triat can\u00e7\u00f3, s&#8217;han inventat la coreografia i han fet el muntatge de v\u00eddeo. Moltes felicitats al finalistes i tamb\u00e9 tots aquells alumnes que han fet el v\u00eddeo amb molt d&#8217;esfor\u00e7 i moltes ganes. Com a mestre d&#8217;educaci\u00f3 f\u00edsica estic molt content de vosaltres. En especial al alumne Volodymyr K. per fer l&#8217;esfor\u00e7 ell sol de fer aquesta activitat.<\/p>\n<p>&nbsp;<br \/>\n<iframe loading=\"lazy\" width=\"560\" height=\"315\" src=\"https:\/\/www.youtube.com\/embed\/OPkukseKGTM\" frameborder=\"0\" allow=\"autoplay; encrypted-media\" allowfullscreen><\/iframe><br \/>\n<iframe loading=\"lazy\" width=\"560\" height=\"315\" src=\"https:\/\/www.youtube.com\/embed\/ADCxCFmdhqo\" frameborder=\"0\" allow=\"autoplay; encrypted-media\" allowfullscreen><\/iframe><br \/>\n<iframe loading=\"lazy\" width=\"560\" height=\"315\" src=\"https:\/\/www.youtube.com\/embed\/mz9V3DFfmUk\" frameborder=\"0\" allow=\"autoplay; encrypted-media\" allowfullscreen><\/iframe><br \/>\n<iframe loading=\"lazy\" width=\"560\" height=\"315\" src=\"https:\/\/www.youtube.com\/embed\/5_pP-vr_65w\" frameborder=\"0\" allow=\"autoplay; encrypted-media\" allowfullscreen><\/iframe><br \/>\n<iframe loading=\"lazy\" width=\"560\" height=\"315\" src=\"https:\/\/www.youtube.com\/embed\/ylHxMGm4jTs\" frameborder=\"0\" allow=\"autoplay; encrypted-media\" allowfullscreen><\/iframe><\/p>\n","protected":false},"excerpt":{"rendered":"<p>Aqu\u00ed teniu els v\u00eddeos tutorial per la rua de carnaval.<br \/>\nEls alumnes de 6\u00e8 han triat can\u00e7\u00f3, s&#8217;han inventat la coreografia i han fet el muntatge de v\u00eddeo. Moltes felicitats al finalistes i tamb\u00e9 tots aquells alumnes que han fet el v\u00eddeo amb molt d&#8217;esfor\u00e7 i&hellip;  <a href=\"https:\/\/agora.xtec.cat\/iemossenjoanbatlle\/general\/videos-finalistes-per-la-coreografia-de-la-rua-de-carnaval-de-lescola\/\" title=\"Read V\u00eddeos  finalistes per la coreografia de la rua de carnaval de l&#8217;escola\">Llegeix m\u00e9s\u00bb<\/a><\/p>\n","protected":false},"author":1,"featured_media":7450,"comment_status":"open","ping_status":"closed","sticky":false,"template":"","format":"standard","meta":{"footnotes":""},"categories":[15,1,2,4,5],"tags":[],"class_list":["post-7449","post","type-post","status-publish","format-standard","has-post-thumbnail","hentry","category-6e","category-general","category-infantil","category-portada","category-primaria"],"post_mailing_queue_ids":[],"_links":{"self":[{"href":"https:\/\/agora.xtec.cat\/iemossenjoanbatlle\/wp-json\/wp\/v2\/posts\/7449","targetHints":{"allow":["GET"]}}],"collection":[{"href":"https:\/\/agora.xtec.cat\/iemossenjoanbatlle\/wp-json\/wp\/v2\/posts"}],"about":[{"href":"https:\/\/agora.xtec.cat\/iemossenjoanbatlle\/wp-json\/wp\/v2\/types\/post"}],"author":[{"embeddable":true,"href":"https:\/\/agora.xtec.cat\/iemossenjoanbatlle\/wp-json\/wp\/v2\/users\/1"}],"replies":[{"embeddable":true,"href":"https:\/\/agora.xtec.cat\/iemossenjoanbatlle\/wp-json\/wp\/v2\/comments?post=7449"}],"version-history":[{"count":1,"href":"https:\/\/agora.xtec.cat\/iemossenjoanbatlle\/wp-json\/wp\/v2\/posts\/7449\/revisions"}],"predecessor-version":[{"id":7451,"href":"https:\/\/agora.xtec.cat\/iemossenjoanbatlle\/wp-json\/wp\/v2\/posts\/7449\/revisions\/7451"}],"wp:featuredmedia":[{"embeddable":true,"href":"https:\/\/agora.xtec.cat\/iemossenjoanbatlle\/wp-json\/wp\/v2\/media\/7450"}],"wp:attachment":[{"href":"https:\/\/agora.xtec.cat\/iemossenjoanbatlle\/wp-json\/wp\/v2\/media?parent=7449"}],"wp:term":[{"taxonomy":"category","embeddable":true,"href":"https:\/\/agora.xtec.cat\/iemossenjoanbatlle\/wp-json\/wp\/v2\/categories?post=7449"},{"taxonomy":"post_tag","embeddable":true,"href":"https:\/\/agora.xtec.cat\/iemossenjoanbatlle\/wp-json\/wp\/v2\/tags?post=7449"}],"curies":[{"name":"wp","href":"https:\/\/api.w.org\/{rel}","templated":true}]}}