{"id":20199,"date":"2026-03-12T13:05:14","date_gmt":"2026-03-12T12:05:14","guid":{"rendered":"https:\/\/agora.xtec.cat\/iemossenjoanbatlle\/?p=20199"},"modified":"2026-04-15T10:48:11","modified_gmt":"2026-04-15T08:48:11","slug":"una-exursio-molt-antiga","status":"publish","type":"post","link":"https:\/\/agora.xtec.cat\/iemossenjoanbatlle\/general\/una-exursio-molt-antiga\/","title":{"rendered":"Una excursi\u00f3 molt antiga!"},"content":{"rendered":"<p>&nbsp;<\/p>\n<p style=\"text-align: center;\"><span style=\"font-weight: 400;\">Hola!<\/span><\/p>\n<p style=\"text-align: center;\"><span style=\"font-weight: 400;\">El passat 26 febrer, els alumnes 1r d\u2019ESO vam fer una sortida a les ru\u00efnes romanes de Blanes o Blandae com es deia a l&#8217;\u00e8poca romana.\u00a0<\/span><\/p>\n<p style=\"text-align: center;\"><span style=\"font-weight: 400;\">Vam aprendre moltes coses noves!! Des de com constru\u00efen les seves llars i fins als utensilis del seu dia a dia. Va ser una experi\u00e8ncia molt xula i interessant. A m\u00e9s, i de tornada,\u00a0 vam anar al museu de la romanitzaci\u00f3 de Blanes!!! Us recomanem molt aquesta visita per aquest espais culturals del nostre municipi.\u00a0<\/span><\/p>\n<p style=\"text-align: center;\">\n","protected":false},"excerpt":{"rendered":"<p>&nbsp;<br \/>\nHola!<br \/>\nEl passat 26 febrer, els alumnes 1r d\u2019ESO vam fer una sortida a les ru\u00efnes romanes de Blanes o Blandae com es deia a l&#8217;\u00e8poca romana.\u00a0<br \/>\nVam aprendre moltes coses noves!! Des de com constru\u00efen les seves llars i fins als utensilis del seu dia a&hellip;  <a href=\"https:\/\/agora.xtec.cat\/iemossenjoanbatlle\/general\/una-exursio-molt-antiga\/\" title=\"Read Una excursi\u00f3 molt antiga!\">Llegeix m\u00e9s\u00bb<\/a><\/p>\n","protected":false},"author":45,"featured_media":0,"comment_status":"open","ping_status":"open","sticky":false,"template":"","format":"standard","meta":{"_bbp_topic_count":0,"_bbp_reply_count":0,"_bbp_total_topic_count":0,"_bbp_total_reply_count":0,"_bbp_voice_count":0,"_bbp_anonymous_reply_count":0,"_bbp_topic_count_hidden":0,"_bbp_reply_count_hidden":0,"_bbp_forum_subforum_count":0,"footnotes":""},"categories":[105,1,4],"tags":[],"class_list":["post-20199","post","type-post","status-publish","format-standard","hentry","category-1r-eso","category-general","category-portada"],"post_mailing_queue_ids":[],"_links":{"self":[{"href":"https:\/\/agora.xtec.cat\/iemossenjoanbatlle\/wp-json\/wp\/v2\/posts\/20199","targetHints":{"allow":["GET"]}}],"collection":[{"href":"https:\/\/agora.xtec.cat\/iemossenjoanbatlle\/wp-json\/wp\/v2\/posts"}],"about":[{"href":"https:\/\/agora.xtec.cat\/iemossenjoanbatlle\/wp-json\/wp\/v2\/types\/post"}],"author":[{"embeddable":true,"href":"https:\/\/agora.xtec.cat\/iemossenjoanbatlle\/wp-json\/wp\/v2\/users\/45"}],"replies":[{"embeddable":true,"href":"https:\/\/agora.xtec.cat\/iemossenjoanbatlle\/wp-json\/wp\/v2\/comments?post=20199"}],"version-history":[{"count":3,"href":"https:\/\/agora.xtec.cat\/iemossenjoanbatlle\/wp-json\/wp\/v2\/posts\/20199\/revisions"}],"predecessor-version":[{"id":20235,"href":"https:\/\/agora.xtec.cat\/iemossenjoanbatlle\/wp-json\/wp\/v2\/posts\/20199\/revisions\/20235"}],"wp:attachment":[{"href":"https:\/\/agora.xtec.cat\/iemossenjoanbatlle\/wp-json\/wp\/v2\/media?parent=20199"}],"wp:term":[{"taxonomy":"category","embeddable":true,"href":"https:\/\/agora.xtec.cat\/iemossenjoanbatlle\/wp-json\/wp\/v2\/categories?post=20199"},{"taxonomy":"post_tag","embeddable":true,"href":"https:\/\/agora.xtec.cat\/iemossenjoanbatlle\/wp-json\/wp\/v2\/tags?post=20199"}],"curies":[{"name":"wp","href":"https:\/\/api.w.org\/{rel}","templated":true}]}}