{"id":18555,"date":"2022-03-25T15:37:30","date_gmt":"2022-03-25T14:37:30","guid":{"rendered":"https:\/\/agora.xtec.cat\/iemossenjoanbatlle\/\/?p=18555"},"modified":"2022-03-26T08:58:57","modified_gmt":"2022-03-26T07:58:57","slug":"hora-del-conte-al-siei-2n-trimestre","status":"publish","type":"post","link":"https:\/\/agora.xtec.cat\/iemossenjoanbatlle\/general\/hora-del-conte-al-siei-2n-trimestre\/","title":{"rendered":"HORA DEL CONTE AL SIEI (2N TRIMESTRE)"},"content":{"rendered":"<p>Hola fam\u00edlies!<\/p>\n<p>Al llarg del trimestre hem explicat diferents contes que ens han servit per treballar les emocions o alguns valors importants per nostra vida (estimar, amistat, compartir, &#8230;).<\/p>\n<p>Us deixem el llistat de contes:<\/p>\n<ul>\n<li>&#8220;Un cor molt gran&#8221; a on hem dibuixat a qui portem al nostre cor.<\/li>\n<li>&#8220;Por un pu\u00f1ado de botones&#8221;, un conte sobre les diferents fam\u00edlies que existeixen. Mireu quins dibuixos amb botons hem fet!<\/li>\n<li>&#8220;Tot el que s\u00e9 quan m&#8217;enfado&#8221;. Per treballar la gesti\u00f3 de la r\u00e0bia hem manipulat fang per desfogar-nos i hem creat la figura de la calma posteriorment.<\/li>\n<li>&#8220;S\u00f3c un artista&#8221;. L&#8217;hem relacionat amb els oficis i la forma que t\u00e9 cadasc\u00fa de veure les coses. Hem fet un mural vertical que ens ha quedat preci\u00f3s.\u00a0 \ud83d\ude09<\/li>\n<li>&#8220;Vivan las u\u00f1as de colores&#8221;. Per reflexionar sobre la igualtat de g\u00e8nere i respectar all\u00f2 que fan els dem\u00e9s. La mare d&#8217;en Luca ens l&#8217;ha vingut a explicar i ens hem pintat les ungles els uns als altres, ens ha encantat!<\/li>\n<\/ul>\n<p><a href=\"https:\/\/photos.app.goo.gl\/C5AFxTVc2QhqBefK6\">Cliqueu aqu\u00ed per veure les imatges.\u00a0<\/a><\/p>\n","protected":false},"excerpt":{"rendered":"<p>Hola fam\u00edlies!<br \/>\nAl llarg del trimestre hem explicat diferents contes que ens han servit per treballar les emocions o alguns valors importants per nostra vida (estimar, amistat, compartir, &#8230;).<br \/>\nUs deixem el llistat de contes:<\/p>\n<ul>\n<li>&#8220;Un cor molt gran&#8221; a on hem dibuixat a qui portem al nostre&hellip;  <a href=\"https:\/\/agora.xtec.cat\/iemossenjoanbatlle\/general\/hora-del-conte-al-siei-2n-trimestre\/\" title=\"Read HORA DEL CONTE AL SIEI (2N TRIMESTRE)\">Llegeix m\u00e9s\u00bb<\/a><br \/>\n","protected":false},"author":17,"featured_media":18556,"comment_status":"open","ping_status":"closed","sticky":false,"template":"","format":"standard","meta":{"_bbp_topic_count":0,"_bbp_reply_count":0,"_bbp_total_topic_count":0,"_bbp_total_reply_count":0,"_bbp_voice_count":0,"_bbp_anonymous_reply_count":0,"_bbp_topic_count_hidden":0,"_bbp_reply_count_hidden":0,"_bbp_forum_subforum_count":0,"footnotes":""},"categories":[1,4,26],"tags":[],"class_list":["post-18555","post","type-post","status-publish","format-standard","has-post-thumbnail","hentry","category-general","category-portada","category-siei"],"post_mailing_queue_ids":[],"_links":{"self":[{"href":"https:\/\/agora.xtec.cat\/iemossenjoanbatlle\/wp-json\/wp\/v2\/posts\/18555","targetHints":{"allow":["GET"]}}],"collection":[{"href":"https:\/\/agora.xtec.cat\/iemossenjoanbatlle\/wp-json\/wp\/v2\/posts"}],"about":[{"href":"https:\/\/agora.xtec.cat\/iemossenjoanbatlle\/wp-json\/wp\/v2\/types\/post"}],"author":[{"embeddable":true,"href":"https:\/\/agora.xtec.cat\/iemossenjoanbatlle\/wp-json\/wp\/v2\/users\/17"}],"replies":[{"embeddable":true,"href":"https:\/\/agora.xtec.cat\/iemossenjoanbatlle\/wp-json\/wp\/v2\/comments?post=18555"}],"version-history":[{"count":2,"href":"https:\/\/agora.xtec.cat\/iemossenjoanbatlle\/wp-json\/wp\/v2\/posts\/18555\/revisions"}],"predecessor-version":[{"id":18558,"href":"https:\/\/agora.xtec.cat\/iemossenjoanbatlle\/wp-json\/wp\/v2\/posts\/18555\/revisions\/18558"}],"wp:featuredmedia":[{"embeddable":true,"href":"https:\/\/agora.xtec.cat\/iemossenjoanbatlle\/wp-json\/wp\/v2\/media\/18556"}],"wp:attachment":[{"href":"https:\/\/agora.xtec.cat\/iemossenjoanbatlle\/wp-json\/wp\/v2\/media?parent=18555"}],"wp:term":[{"taxonomy":"category","embeddable":true,"href":"https:\/\/agora.xtec.cat\/iemossenjoanbatlle\/wp-json\/wp\/v2\/categories?post=18555"},{"taxonomy":"post_tag","embeddable":true,"href":"https:\/\/agora.xtec.cat\/iemossenjoanbatlle\/wp-json\/wp\/v2\/tags?post=18555"}],"curies":[{"name":"wp","href":"https:\/\/api.w.org\/{rel}","templated":true}]}}