{"id":17766,"date":"2021-11-09T13:36:33","date_gmt":"2021-11-09T12:36:33","guid":{"rendered":"https:\/\/agora.xtec.cat\/iemossenjoanbatlle\/\/?p=17766"},"modified":"2021-11-09T13:36:33","modified_gmt":"2021-11-09T12:36:33","slug":"4t-b-exposicions-orals-dels-llocs-emblematics-de-blanes","status":"publish","type":"post","link":"https:\/\/agora.xtec.cat\/iemossenjoanbatlle\/general\/4t-b-exposicions-orals-dels-llocs-emblematics-de-blanes\/","title":{"rendered":"4t B: Exposicions orals dels llocs emblem\u00e0tics de Blanes"},"content":{"rendered":"<p>Hola fam\u00edlies!<\/p>\n<p>Com ja sabeu els alumnes de 4t estem realitzant el projecte &#8220;Qu\u00e8 podem fer en un dia a Blanes?&#8221;. Fa unes setmanes van comen\u00e7ar a investigar sobre els llocs m\u00e9s emblem\u00e0tics del nostre poble i amb tota la informaci\u00f3 recollida han creat una presentaci\u00f3 de diapositives. Cada grup s&#8217;ha fet expert d&#8217;un dels llocs i ha explicat tot el que ha apr\u00e8s als companys a trav\u00e9s d&#8217;una exposici\u00f3 oral.<\/p>\n<p>A continuaci\u00f3 us compartim els v\u00eddeos de les exposicions perqu\u00e8 veieu com ho han fet. Nom\u00e9s cal que cliqueu sobre els enlla\u00e7os.<\/p>\n<p><strong>Felicitats per la feina feta, tant per la presentaci\u00f3 digital com per l&#8217;exposici\u00f3 oral!!!<\/strong><\/p>\n<p>Cristina<\/p>\n<p><a href=\"https:\/\/youtu.be\/IA157XV3_rc\">Esgl\u00e9sia de Santa Maria<\/a><\/p>\n<p><a href=\"https:\/\/youtu.be\/4vztcoCs6Gg\">Sa Palomera<\/a><\/p>\n<p><a href=\"https:\/\/youtu.be\/HnDAScsMzKQ\">Jard\u00ed Bot\u00e0nic Marimurtra<\/a><\/p>\n<p><a href=\"https:\/\/youtu.be\/cOYBybAEi3g\">L&#8217;ajuntament<\/a><\/p>\n<p><a href=\"https:\/\/youtu.be\/-5vURfUbPu4\">El port<\/a><\/p>\n<p><a href=\"https:\/\/youtu.be\/_XrJE0-bgTI\">El Castell de Sant Joan<\/a><\/p>\n<p>&nbsp;<\/p>\n","protected":false},"excerpt":{"rendered":"<p>Hola fam\u00edlies!<br \/>\nCom ja sabeu els alumnes de 4t estem realitzant el projecte &#8220;Qu\u00e8 podem fer en un dia a Blanes?&#8221;. Fa unes setmanes van comen\u00e7ar a investigar sobre els llocs m\u00e9s emblem\u00e0tics del nostre poble i amb tota la informaci\u00f3 recollida han creat una presentaci\u00f3&hellip;  <a href=\"https:\/\/agora.xtec.cat\/iemossenjoanbatlle\/general\/4t-b-exposicions-orals-dels-llocs-emblematics-de-blanes\/\" title=\"Read 4t B: Exposicions orals dels llocs emblem\u00e0tics de Blanes\">Llegeix m\u00e9s\u00bb<\/a><\/p>\n","protected":false},"author":12,"featured_media":17767,"comment_status":"open","ping_status":"closed","sticky":false,"template":"","format":"standard","meta":{"footnotes":""},"categories":[13,71,1,4,5],"tags":[],"class_list":["post-17766","post","type-post","status-publish","format-standard","has-post-thumbnail","hentry","category-4t","category-educacio-primaria","category-general","category-portada","category-primaria"],"post_mailing_queue_ids":[],"_links":{"self":[{"href":"https:\/\/agora.xtec.cat\/iemossenjoanbatlle\/wp-json\/wp\/v2\/posts\/17766","targetHints":{"allow":["GET"]}}],"collection":[{"href":"https:\/\/agora.xtec.cat\/iemossenjoanbatlle\/wp-json\/wp\/v2\/posts"}],"about":[{"href":"https:\/\/agora.xtec.cat\/iemossenjoanbatlle\/wp-json\/wp\/v2\/types\/post"}],"author":[{"embeddable":true,"href":"https:\/\/agora.xtec.cat\/iemossenjoanbatlle\/wp-json\/wp\/v2\/users\/12"}],"replies":[{"embeddable":true,"href":"https:\/\/agora.xtec.cat\/iemossenjoanbatlle\/wp-json\/wp\/v2\/comments?post=17766"}],"version-history":[{"count":1,"href":"https:\/\/agora.xtec.cat\/iemossenjoanbatlle\/wp-json\/wp\/v2\/posts\/17766\/revisions"}],"predecessor-version":[{"id":17768,"href":"https:\/\/agora.xtec.cat\/iemossenjoanbatlle\/wp-json\/wp\/v2\/posts\/17766\/revisions\/17768"}],"wp:featuredmedia":[{"embeddable":true,"href":"https:\/\/agora.xtec.cat\/iemossenjoanbatlle\/wp-json\/wp\/v2\/media\/17767"}],"wp:attachment":[{"href":"https:\/\/agora.xtec.cat\/iemossenjoanbatlle\/wp-json\/wp\/v2\/media?parent=17766"}],"wp:term":[{"taxonomy":"category","embeddable":true,"href":"https:\/\/agora.xtec.cat\/iemossenjoanbatlle\/wp-json\/wp\/v2\/categories?post=17766"},{"taxonomy":"post_tag","embeddable":true,"href":"https:\/\/agora.xtec.cat\/iemossenjoanbatlle\/wp-json\/wp\/v2\/tags?post=17766"}],"curies":[{"name":"wp","href":"https:\/\/api.w.org\/{rel}","templated":true}]}}