{"id":16445,"date":"2021-03-23T23:18:57","date_gmt":"2021-03-23T22:18:57","guid":{"rendered":"http:\/\/agora.xtec.cat\/iemossenjoanbatlle\/\/?p=16445"},"modified":"2021-03-23T23:26:26","modified_gmt":"2021-03-23T22:26:26","slug":"4t-unitat-didactica-datletisme-amb-langel-mullera","status":"publish","type":"post","link":"https:\/\/agora.xtec.cat\/iemossenjoanbatlle\/portada\/4t-unitat-didactica-datletisme-amb-langel-mullera\/","title":{"rendered":"4t: Unitat did\u00e0ctica d&#8217;Atletisme amb l&#8217;\u00c0ngel Mullera"},"content":{"rendered":"<p><span class=\"css-901oao css-16my406 r-poiln3 r-bcqeeo r-qvutc0\">Aquest dilluns els alumnes de 4t de l&#8217;escola han iniciat a educaci\u00f3 f\u00edsica una unitat did\u00e0ctica d&#8217;atletisme amb la presencia de l&#8217;\u00c0ngel Mullera un atleta professional. Ell ha estat el que ha dirigit la sessi\u00f3 dels tres grups bombolla de 4t, hem fet un tastet de velocitat, tanques, disc i salts. Gr\u00e0cies \u00c0ngel i al\u00a0 <\/span><span class=\"r-18u37iz\"><a class=\"css-4rbku5 css-18t94o4 css-901oao css-16my406 r-1n1174f r-1loqt21 r-poiln3 r-bcqeeo r-qvutc0\" dir=\"ltr\" role=\"link\" href=\"https:\/\/twitter.com\/hashtag\/PCEE?src=hashtag_click\" data-focusable=\"true\">#PCEE<\/a><\/span><\/p>\n<p>Cliqueu a la foto per veure m\u00e9s imatges.<\/p>\n<p><a href=\"https:\/\/photos.app.goo.gl\/4AFT4PYXU6wbZbQ46\" target=\"_blank\" rel=\"noopener noreferrer\"><img loading=\"lazy\" decoding=\"async\" class=\"aligncenter size-large wp-image-16446\" src=\"https:\/\/agora.xtec.cat\/iemossenjoanbatlle\/\/wp-content\/uploads\/usu1208\/2021\/03\/IMG-20210322-WA0019-1024x577.jpg\" alt=\"\" width=\"1024\" height=\"577\" srcset=\"https:\/\/agora.xtec.cat\/iemossenjoanbatlle\/wp-content\/uploads\/usu1208\/2021\/03\/IMG-20210322-WA0019-1024x577.jpg 1024w, https:\/\/agora.xtec.cat\/iemossenjoanbatlle\/wp-content\/uploads\/usu1208\/2021\/03\/IMG-20210322-WA0019-300x169.jpg 300w, https:\/\/agora.xtec.cat\/iemossenjoanbatlle\/wp-content\/uploads\/usu1208\/2021\/03\/IMG-20210322-WA0019-768x432.jpg 768w, https:\/\/agora.xtec.cat\/iemossenjoanbatlle\/wp-content\/uploads\/usu1208\/2021\/03\/IMG-20210322-WA0019.jpg 2048w\" sizes=\"auto, (max-width: 1024px) 100vw, 1024px\" \/><\/a><\/p>\n","protected":false},"excerpt":{"rendered":"<p>Aquest dilluns els alumnes de 4t de l&#8217;escola han iniciat a educaci\u00f3 f\u00edsica una unitat did\u00e0ctica d&#8217;atletisme amb la presencia de l&#8217;\u00c0ngel Mullera un atleta professional. Ell ha estat el que ha dirigit la sessi\u00f3 dels tres grups bombolla de 4t, hem fet un tastet&hellip;  <a href=\"https:\/\/agora.xtec.cat\/iemossenjoanbatlle\/portada\/4t-unitat-didactica-datletisme-amb-langel-mullera\/\" title=\"Read 4t: Unitat did\u00e0ctica d&#8217;Atletisme amb l&#8217;\u00c0ngel Mullera\">Llegeix m\u00e9s\u00bb<\/a><\/p>\n","protected":false},"author":1,"featured_media":0,"comment_status":"open","ping_status":"closed","sticky":false,"template":"","format":"standard","meta":{"footnotes":""},"categories":[13,24,4],"tags":[],"class_list":["post-16445","post","type-post","status-publish","format-standard","hentry","category-4t","category-educacio-fisica","category-portada"],"post_mailing_queue_ids":[],"_links":{"self":[{"href":"https:\/\/agora.xtec.cat\/iemossenjoanbatlle\/wp-json\/wp\/v2\/posts\/16445","targetHints":{"allow":["GET"]}}],"collection":[{"href":"https:\/\/agora.xtec.cat\/iemossenjoanbatlle\/wp-json\/wp\/v2\/posts"}],"about":[{"href":"https:\/\/agora.xtec.cat\/iemossenjoanbatlle\/wp-json\/wp\/v2\/types\/post"}],"author":[{"embeddable":true,"href":"https:\/\/agora.xtec.cat\/iemossenjoanbatlle\/wp-json\/wp\/v2\/users\/1"}],"replies":[{"embeddable":true,"href":"https:\/\/agora.xtec.cat\/iemossenjoanbatlle\/wp-json\/wp\/v2\/comments?post=16445"}],"version-history":[{"count":3,"href":"https:\/\/agora.xtec.cat\/iemossenjoanbatlle\/wp-json\/wp\/v2\/posts\/16445\/revisions"}],"predecessor-version":[{"id":16449,"href":"https:\/\/agora.xtec.cat\/iemossenjoanbatlle\/wp-json\/wp\/v2\/posts\/16445\/revisions\/16449"}],"wp:attachment":[{"href":"https:\/\/agora.xtec.cat\/iemossenjoanbatlle\/wp-json\/wp\/v2\/media?parent=16445"}],"wp:term":[{"taxonomy":"category","embeddable":true,"href":"https:\/\/agora.xtec.cat\/iemossenjoanbatlle\/wp-json\/wp\/v2\/categories?post=16445"},{"taxonomy":"post_tag","embeddable":true,"href":"https:\/\/agora.xtec.cat\/iemossenjoanbatlle\/wp-json\/wp\/v2\/tags?post=16445"}],"curies":[{"name":"wp","href":"https:\/\/api.w.org\/{rel}","templated":true}]}}