{"id":15966,"date":"2020-11-16T21:37:03","date_gmt":"2020-11-16T20:37:03","guid":{"rendered":"http:\/\/agora.xtec.cat\/iemossenjoanbatlle\/\/?p=15966"},"modified":"2020-11-16T22:14:17","modified_gmt":"2020-11-16T21:14:17","slug":"educacio-fisica-5e-sessio-7-som-molt-habils","status":"publish","type":"post","link":"https:\/\/agora.xtec.cat\/iemossenjoanbatlle\/general\/educacio-fisica-5e-sessio-7-som-molt-habils\/","title":{"rendered":"Educaci\u00f3 f\u00edsica 5\u00e8 Sessi\u00f3 7 \u201d Som molt h\u00e0bils\u201d"},"content":{"rendered":"<p>Bon dia noies i nois,<\/p>\n<p>Avui aquesta tarda seguirem la mateixa din\u00e0mica que la \u00faltima sessi\u00f3 d\u2019educaci\u00f3 f\u00edsica.<\/p>\n<p>Primer, mirarem un v\u00eddeo d\u2019<strong>escalfament<\/strong> a sobre de la nostra m\u00e0rfega al gimn\u00e0s (amb separaci\u00f3 de 2 metres). Despr\u00e9s, una activitat al pati que la dividirem en <strong>petits\u00a0grups<\/strong>\u00a0diferents que aniran rodant, \u00e9s a dir, que al final de la tarda tots haurem passat per tots els\u00a0<strong>3 materials de joc<\/strong>. I al final tornarem al nostre lloc del gimn\u00e0s per fer l\u2019activitat de\u00a0<strong>relaxaci\u00f3<\/strong>\u00a0i\u00a0<strong>desinfecci\u00f3<\/strong>\u00a0del material.<\/p>\n<p>Tots els v\u00eddeos duren m\u00e9s temps. Nom\u00e9s feu el temps marcat a la sessi\u00f3. Recordeu sempre amb\u00a0<strong>mascareta<\/strong>\u00a0i si us costa respirar nom\u00e9s cal marxar del grup i us traieu uns segons la mascareta per respirar.<\/p>\n<p>I contesteu al classroom la pregunta final (\u00c9S OBLIGATORI) que hi ha a la part de la sessi\u00f3 de relaxaci\u00f3. Teniu fins el divendres 20\/11\/2020 per fer-ho.<\/p>\n<p>V\u00eddeo Escalfament:<\/p>\n<p>&nbsp;<\/p>\n<p><iframe loading=\"lazy\" title=\"AMBAUKA - El Drac Q\u00fc\u00ed (videoclip)\" width=\"500\" height=\"281\" src=\"https:\/\/www.youtube.com\/embed\/VatTF_8FeOM?feature=oembed\" frameborder=\"0\" allow=\"accelerometer; autoplay; clipboard-write; encrypted-media; gyroscope; picture-in-picture; web-share\" referrerpolicy=\"strict-origin-when-cross-origin\" allowfullscreen><\/iframe><\/p>\n<p>V\u00eddeo relaxaci\u00f3:<\/p>\n<p><iframe loading=\"lazy\" title=\"Young Dylan Dance Along | GoNoodle\" width=\"500\" height=\"281\" src=\"https:\/\/www.youtube.com\/embed\/3WnI4UNgSaY?feature=oembed\" frameborder=\"0\" allow=\"accelerometer; autoplay; clipboard-write; encrypted-media; gyroscope; picture-in-picture; web-share\" referrerpolicy=\"strict-origin-when-cross-origin\" allowfullscreen><\/iframe><\/p>\n<p>Aqu\u00ed teniu la presentaci\u00f3 de la sessi\u00f3:<\/p>\n<p><iframe loading=\"lazy\" title=\"EF5 SESSI\u00d3 7\" width=\"500\" height=\"281\" src=\"https:\/\/www.youtube.com\/embed\/g29ZJOTXOzk?feature=oembed\" frameborder=\"0\" allow=\"accelerometer; autoplay; clipboard-write; encrypted-media; gyroscope; picture-in-picture; web-share\" referrerpolicy=\"strict-origin-when-cross-origin\" allowfullscreen><\/iframe><\/p>\n","protected":false},"excerpt":{"rendered":"<p>Bon dia noies i nois,<br \/>\nAvui aquesta tarda seguirem la mateixa din\u00e0mica que la \u00faltima sessi\u00f3 d\u2019educaci\u00f3 f\u00edsica.<br \/>\nPrimer, mirarem un v\u00eddeo d\u2019escalfament a sobre de la nostra m\u00e0rfega al gimn\u00e0s (amb separaci\u00f3 de 2 metres). Despr\u00e9s, una activitat al pati que la dividirem en petits\u00a0grups\u00a0diferents que&hellip;  <a href=\"https:\/\/agora.xtec.cat\/iemossenjoanbatlle\/general\/educacio-fisica-5e-sessio-7-som-molt-habils\/\" title=\"Read Educaci\u00f3 f\u00edsica 5\u00e8 Sessi\u00f3 7 \u201d Som molt h\u00e0bils\u201d\">Llegeix m\u00e9s\u00bb<\/a><\/p>\n","protected":false},"author":1,"featured_media":15967,"comment_status":"open","ping_status":"closed","sticky":false,"template":"","format":"standard","meta":{"footnotes":""},"categories":[14,24,1,5],"tags":[],"class_list":["post-15966","post","type-post","status-publish","format-standard","has-post-thumbnail","hentry","category-5e","category-educacio-fisica","category-general","category-primaria"],"post_mailing_queue_ids":[],"_links":{"self":[{"href":"https:\/\/agora.xtec.cat\/iemossenjoanbatlle\/wp-json\/wp\/v2\/posts\/15966","targetHints":{"allow":["GET"]}}],"collection":[{"href":"https:\/\/agora.xtec.cat\/iemossenjoanbatlle\/wp-json\/wp\/v2\/posts"}],"about":[{"href":"https:\/\/agora.xtec.cat\/iemossenjoanbatlle\/wp-json\/wp\/v2\/types\/post"}],"author":[{"embeddable":true,"href":"https:\/\/agora.xtec.cat\/iemossenjoanbatlle\/wp-json\/wp\/v2\/users\/1"}],"replies":[{"embeddable":true,"href":"https:\/\/agora.xtec.cat\/iemossenjoanbatlle\/wp-json\/wp\/v2\/comments?post=15966"}],"version-history":[{"count":1,"href":"https:\/\/agora.xtec.cat\/iemossenjoanbatlle\/wp-json\/wp\/v2\/posts\/15966\/revisions"}],"predecessor-version":[{"id":15968,"href":"https:\/\/agora.xtec.cat\/iemossenjoanbatlle\/wp-json\/wp\/v2\/posts\/15966\/revisions\/15968"}],"wp:featuredmedia":[{"embeddable":true,"href":"https:\/\/agora.xtec.cat\/iemossenjoanbatlle\/wp-json\/wp\/v2\/media\/15967"}],"wp:attachment":[{"href":"https:\/\/agora.xtec.cat\/iemossenjoanbatlle\/wp-json\/wp\/v2\/media?parent=15966"}],"wp:term":[{"taxonomy":"category","embeddable":true,"href":"https:\/\/agora.xtec.cat\/iemossenjoanbatlle\/wp-json\/wp\/v2\/categories?post=15966"},{"taxonomy":"post_tag","embeddable":true,"href":"https:\/\/agora.xtec.cat\/iemossenjoanbatlle\/wp-json\/wp\/v2\/tags?post=15966"}],"curies":[{"name":"wp","href":"https:\/\/api.w.org\/{rel}","templated":true}]}}