{"id":14811,"date":"2020-05-26T08:30:21","date_gmt":"2020-05-26T06:30:21","guid":{"rendered":"http:\/\/agora.xtec.cat\/iemossenjoanbatlle\/\/?p=14811"},"modified":"2020-05-26T08:08:47","modified_gmt":"2020-05-26T06:08:47","slug":"2n-ambit-linguistic-castella-se-buscan-superheroes","status":"publish","type":"post","link":"https:\/\/agora.xtec.cat\/iemossenjoanbatlle\/primaria\/2n\/2n-ambit-linguistic-castella-se-buscan-superheroes\/","title":{"rendered":"2n. \u00c0MBIT LING\u00dc\u00cdSTIC. CASTELL\u00c0: \u00a1Se buscan superh\u00e9roes! Dimarts 26 de maig"},"content":{"rendered":"<table style=\"height: 21px; width: 825px; background-color: #e5eb71;\" width=\"290\">\n<tbody>\n<tr style=\"height: 32px;\">\n<td style=\"width: 819px; height: 21px;\"><strong>OBJECTIUS DE L&#8217;ACTIVITAT:<\/strong><\/p>\n<ul>\n<li>Descriure un personatge imaginari que aporti valors positius a la societat.<\/li>\n<li><span style=\"font-weight: 400;\">Mostrar el coneixement de l\u2019ortografia de base i de les normes ortogr\u00e0fiques m\u00e9s b\u00e0siques.<\/span><\/li>\n<li><span style=\"font-weight: 400;\">Aplicar un proc\u00e9s reflexiu a l&#8217;hora d&#8217;escriure: pensar, escriure i revisar. <\/span><\/li>\n<\/ul>\n<p><strong>DATA ORIENTATIVA DE LLIURAMENT: <\/strong>dimarts 2 de juny.<\/td>\n<\/tr>\n<\/tbody>\n<\/table>\n<p>\u00a1Buenos d\u00edas guap\u00edsimos y guap\u00edsimas!<\/p>\n<p>\u00bfC\u00f3mo est\u00e1is? Esperamos que muy bien y animados. Siguiendo con el tema de esta semana, <em>\u00bfTodos los superh\u00e9roes llevan capa?,\u00a0<\/em>os proponemos la siguiente actividad.<\/p>\n<p><img loading=\"lazy\" decoding=\"async\" class=\"wp-image-14812 aligncenter\" src=\"https:\/\/agora.xtec.cat\/iemossenjoanbatlle\/\/wp-content\/uploads\/usu1208\/2020\/05\/IMG_1072.jpg\" alt=\"\" width=\"337\" height=\"296\" srcset=\"https:\/\/agora.xtec.cat\/iemossenjoanbatlle\/wp-content\/uploads\/usu1208\/2020\/05\/IMG_1072.jpg 586w, https:\/\/agora.xtec.cat\/iemossenjoanbatlle\/wp-content\/uploads\/usu1208\/2020\/05\/IMG_1072-300x263.jpg 300w\" sizes=\"auto, (max-width: 337px) 100vw, 337px\" \/><\/p>\n<p>El mundo est\u00e1 lleno de injusticias y falto de valores como el respeto, la solidaridad, la igualdad, el perd\u00f3n, el amor, la honestidad&#8230; Por este motivo se necesitan superh\u00e9roes y superhero\u00ednas para acabar con todo aquello que es malo para la sociedad. Tienes la capacidad de crear y inventar el mejor superh\u00e9roe\/\u00edna que pueda tener el planeta Tierra. Aqu\u00ed puedes crear tu superh\u00e9roe\/\u00edna para un mundo mejor: <a href=\"https:\/\/drive.google.com\/file\/d\/1yzX5SCKouHRraIrhOnVMNLX-cygqYOHF\/view?usp=sharing\" target=\"_blank\" rel=\"noopener noreferrer\">plantilla<\/a>.<\/p>\n<p>Comparte con nosotros\/as tu superh\u00e9roe\/\u00edna en este <a href=\"https:\/\/photos.app.goo.gl\/okStnAPdhyYUbNty8\" target=\"_blank\" rel=\"noopener noreferrer\">\u00e1lbum<\/a>.<\/p>\n<p>Un abrazo muy muy fuerte!!!! ??????<\/p>\n<p>&nbsp;<\/p>\n<p>&nbsp;<\/p>\n","protected":false},"excerpt":{"rendered":"<p>OBJECTIUS DE L&#8217;ACTIVITAT:<\/p>\n<ul>\n<li>Descriure un personatge imaginari que aporti valors positius a la societat.<\/li>\n<li>Mostrar el coneixement de l\u2019ortografia de base i de les normes ortogr\u00e0fiques m\u00e9s b\u00e0siques.<\/li>\n<li>Aplicar un proc\u00e9s reflexiu a l&#8217;hora d&#8217;escriure: pensar, escriure i revisar. <\/li>\n<\/ul>\n<p>DATA ORIENTATIVA DE LLIURAMENT: dimarts 2 de juny.<\/p>\n<p>\u00a1Buenos d\u00edas&hellip;  <a href=\"https:\/\/agora.xtec.cat\/iemossenjoanbatlle\/primaria\/2n\/2n-ambit-linguistic-castella-se-buscan-superheroes\/\" title=\"Read 2n. \u00c0MBIT LING\u00dc\u00cdSTIC. CASTELL\u00c0: \u00a1Se buscan superh\u00e9roes! Dimarts 26 de maig\">Llegeix m\u00e9s\u00bb<\/a><\/p>\n","protected":false},"author":8,"featured_media":0,"comment_status":"open","ping_status":"closed","sticky":false,"template":"","format":"standard","meta":{"footnotes":""},"categories":[11],"tags":[],"class_list":["post-14811","post","type-post","status-publish","format-standard","hentry","category-2n"],"post_mailing_queue_ids":[],"_links":{"self":[{"href":"https:\/\/agora.xtec.cat\/iemossenjoanbatlle\/wp-json\/wp\/v2\/posts\/14811","targetHints":{"allow":["GET"]}}],"collection":[{"href":"https:\/\/agora.xtec.cat\/iemossenjoanbatlle\/wp-json\/wp\/v2\/posts"}],"about":[{"href":"https:\/\/agora.xtec.cat\/iemossenjoanbatlle\/wp-json\/wp\/v2\/types\/post"}],"author":[{"embeddable":true,"href":"https:\/\/agora.xtec.cat\/iemossenjoanbatlle\/wp-json\/wp\/v2\/users\/8"}],"replies":[{"embeddable":true,"href":"https:\/\/agora.xtec.cat\/iemossenjoanbatlle\/wp-json\/wp\/v2\/comments?post=14811"}],"version-history":[{"count":3,"href":"https:\/\/agora.xtec.cat\/iemossenjoanbatlle\/wp-json\/wp\/v2\/posts\/14811\/revisions"}],"predecessor-version":[{"id":14949,"href":"https:\/\/agora.xtec.cat\/iemossenjoanbatlle\/wp-json\/wp\/v2\/posts\/14811\/revisions\/14949"}],"wp:attachment":[{"href":"https:\/\/agora.xtec.cat\/iemossenjoanbatlle\/wp-json\/wp\/v2\/media?parent=14811"}],"wp:term":[{"taxonomy":"category","embeddable":true,"href":"https:\/\/agora.xtec.cat\/iemossenjoanbatlle\/wp-json\/wp\/v2\/categories?post=14811"},{"taxonomy":"post_tag","embeddable":true,"href":"https:\/\/agora.xtec.cat\/iemossenjoanbatlle\/wp-json\/wp\/v2\/tags?post=14811"}],"curies":[{"name":"wp","href":"https:\/\/api.w.org\/{rel}","templated":true}]}}