{"id":14489,"date":"2020-05-21T09:00:56","date_gmt":"2020-05-21T07:00:56","guid":{"rendered":"http:\/\/agora.xtec.cat\/iemossenjoanbatlle\/\/?p=14489"},"modified":"2020-05-22T12:55:52","modified_gmt":"2020-05-22T10:55:52","slug":"5e-ambit-artistic-we-will-rock-you-21-de-maig","status":"publish","type":"post","link":"https:\/\/agora.xtec.cat\/iemossenjoanbatlle\/primaria\/5e\/5e-ambit-artistic-we-will-rock-you-21-de-maig\/","title":{"rendered":"5\u00e8. \u00c0MBIT ART\u00cdSTIC. Can\u00e7\u00f3 de l&#8217;aigua &#8216;El brollador de la catedral&#8217; + &#8216;We will rock you&#8217;. 21 de maig"},"content":{"rendered":"<p align=\"justify\"><strong>CAN\u00c7\u00d3 DE L&#8217;AIGUA &#8216;EL BROLLADOR DE LA CATEDRAL&#8217;<\/strong><\/p>\n<p align=\"justify\">Totes les estacions de l&#8217;any podem celebrar la import\u00e0ncia de l&#8217;aigua com un element de vida, per\u00f2 si hi ha una que destaca \u00e9s la de la primavera, on reneixen les flors, les neus es defan i els cabals dels rius tornen baixar plens d&#8217;aigua.<\/p>\n<p align=\"justify\">Aqu\u00ed tenim una can\u00e7\u00f3 que ens parlar d&#8217;aix\u00f2 i de la peculiaritat d&#8217;una font especial de la catedral de Barcelona, una font el brollador de la qual mant\u00e9 un ou banyant-se en tot moment, fet que dona una sensaci\u00f3 molt especial!<\/p>\n<p align=\"justify\">Primer escoltarem la can\u00e7\u00f3 atentament, com a m\u00ednim, unes tres o quatre vegades, per tal que ens poguem familiaritzar amb la melodia i la lletra. La podeu trobar en el seg\u00fcent enlla\u00e7, nom\u00e9s heu de clicar aqu\u00ed: <a href=\"https:\/\/www.utmusica.cat\/veus-d-aigua\/\">https:\/\/www.utmusica.cat\/veus-d-aigua\/<\/a><\/p>\n<p align=\"justify\">Un cop estigueu a la p\u00e0gina, heu de baixar fins on trobeu aquestes pestanyes:<\/p>\n<p align=\"justify\"><img loading=\"lazy\" decoding=\"async\" class=\"alignnone size-large wp-image-14633\" src=\"https:\/\/agora.xtec.cat\/iemossenjoanbatlle\/\/wp-content\/uploads\/usu1208\/2020\/05\/Captura-de-Pantalla-2020-05-19-a-les-9.15.27-1024x207.png\" alt=\"\" width=\"1024\" height=\"207\" srcset=\"https:\/\/agora.xtec.cat\/iemossenjoanbatlle\/wp-content\/uploads\/usu1208\/2020\/05\/Captura-de-Pantalla-2020-05-19-a-les-9.15.27-1024x207.png 1024w, https:\/\/agora.xtec.cat\/iemossenjoanbatlle\/wp-content\/uploads\/usu1208\/2020\/05\/Captura-de-Pantalla-2020-05-19-a-les-9.15.27-300x61.png 300w, https:\/\/agora.xtec.cat\/iemossenjoanbatlle\/wp-content\/uploads\/usu1208\/2020\/05\/Captura-de-Pantalla-2020-05-19-a-les-9.15.27-768x155.png 768w, https:\/\/agora.xtec.cat\/iemossenjoanbatlle\/wp-content\/uploads\/usu1208\/2020\/05\/Captura-de-Pantalla-2020-05-19-a-les-9.15.27.png 2036w\" sizes=\"auto, (max-width: 1024px) 100vw, 1024px\" \/><\/p>\n<p align=\"justify\">Heu de clicar damunt de &#8216;escolta dues can\u00e7ons de l&#8217;obra&#8217; i obrir l&#8217;enlla\u00e7 de la segona can\u00e7\u00f3, \u00e9s a dir, aquesta:<\/p>\n<p align=\"justify\"><img loading=\"lazy\" decoding=\"async\" class=\"alignnone size-large wp-image-14643\" src=\"https:\/\/agora.xtec.cat\/iemossenjoanbatlle\/\/wp-content\/uploads\/usu1208\/2020\/05\/Captura-de-Pantalla-2020-05-19-a-les-9.36.34-1024x99.png\" alt=\"\" width=\"1024\" height=\"99\" srcset=\"https:\/\/agora.xtec.cat\/iemossenjoanbatlle\/wp-content\/uploads\/usu1208\/2020\/05\/Captura-de-Pantalla-2020-05-19-a-les-9.36.34-1024x99.png 1024w, https:\/\/agora.xtec.cat\/iemossenjoanbatlle\/wp-content\/uploads\/usu1208\/2020\/05\/Captura-de-Pantalla-2020-05-19-a-les-9.36.34-300x29.png 300w, https:\/\/agora.xtec.cat\/iemossenjoanbatlle\/wp-content\/uploads\/usu1208\/2020\/05\/Captura-de-Pantalla-2020-05-19-a-les-9.36.34-768x74.png 768w, https:\/\/agora.xtec.cat\/iemossenjoanbatlle\/wp-content\/uploads\/usu1208\/2020\/05\/Captura-de-Pantalla-2020-05-19-a-les-9.36.34.png 1964w\" sizes=\"auto, (max-width: 1024px) 100vw, 1024px\" \/><\/p>\n<p align=\"justify\">La lletra de la can\u00e7\u00f3 comen\u00e7a al minut i quatre segons &#8216;1 &#8221;04<\/p>\n<p align=\"justify\">Aqu\u00ed teniu la lletra de la can\u00e7\u00f3:<\/p>\n<p align=\"justify\"><img loading=\"lazy\" decoding=\"async\" class=\"alignnone size-large wp-image-14644\" src=\"https:\/\/agora.xtec.cat\/iemossenjoanbatlle\/\/wp-content\/uploads\/usu1208\/2020\/05\/Captura-de-Pantalla-2020-05-19-a-les-9.48.33-583x1024.png\" alt=\"\" width=\"583\" height=\"1024\" srcset=\"https:\/\/agora.xtec.cat\/iemossenjoanbatlle\/wp-content\/uploads\/usu1208\/2020\/05\/Captura-de-Pantalla-2020-05-19-a-les-9.48.33-583x1024.png 583w, https:\/\/agora.xtec.cat\/iemossenjoanbatlle\/wp-content\/uploads\/usu1208\/2020\/05\/Captura-de-Pantalla-2020-05-19-a-les-9.48.33-171x300.png 171w, https:\/\/agora.xtec.cat\/iemossenjoanbatlle\/wp-content\/uploads\/usu1208\/2020\/05\/Captura-de-Pantalla-2020-05-19-a-les-9.48.33.png 732w\" sizes=\"auto, (max-width: 583px) 100vw, 583px\" \/><\/p>\n<p align=\"justify\">Per poder treballar millor la can\u00e7\u00f3, teniu un tutorial, espero que us serveixi per cantar!<\/p>\n<p>https:\/\/www.youtube.com\/watch?v=ROFx2CcsDPY<\/p>\n<p align=\"justify\">Envieu els vostres v\u00eddeos aqu\u00ed o al correu d&#8217;art!!! <a href=\"https:\/\/photos.app.goo.gl\/z8ZGzZyp9Fcj8BbVA\" target=\"_blank\" rel=\"noopener noreferrer\">V\u00cdDEOS I FOTOS CINQU\u00c8<\/a><\/p>\n<p align=\"justify\">Anem a per la segona activitat!!!<\/p>\n<p align=\"justify\"><strong>WE WILL ROCK YOU PERCUSSI\u00d3 CORPORAL I FLAUTA<\/strong><\/p>\n<p align=\"justify\">Aquests mesos estem vivint una situaci\u00f3 on moltes persones estan obtenint el reconeixement de s\u00faper-hero\u00efnes, per\u00f2, de fet, ho han estat sempre. S\u00ed, ho heu encertat, estem parlant del personal sanitari! Tothom qui dedica cos i \u00e0nima a salvar pacients i ajudar a aquelles persones que m\u00e9s ho necessiten b\u00e9 es mereixen un HIMNE.<\/p>\n<p align=\"justify\">I quin millor HIMNE que el de la can\u00e7\u00f3 de la banda brit\u00e0nica &#8216;Queen&#8217; per dedicar-los-hi amb for\u00e7a i \u00e0nims??<\/p>\n<p align=\"justify\">Es tracta d&#8217;interpretar la can\u00e7\u00f3 de dues maneres: *la primera, amb percussi\u00f3 corporal; i la *segona amb la flauta! Veureu que no \u00e9s complicat, per\u00f2 abans d&#8217;enviar els vostres v\u00eddeos, si us plau, practiqueu una mica fins que us surti b\u00e9!!!!! Va, paci\u00e8ncia!<\/p>\n<p align=\"justify\">1.- PERCUSSI\u00d3 CORPORAL<\/p>\n<p align=\"justify\">Mireu primer el v\u00eddeo-tutorial i ajudeu-vos llegint les intruccions de sota:<\/p>\n<p><iframe loading=\"lazy\" title=\"We will Rock You (Queen) - Percussi\u00f3 Corporal\" width=\"500\" height=\"281\" src=\"https:\/\/www.youtube.com\/embed\/Rnp-XJM53_Q?feature=oembed\" frameborder=\"0\" allow=\"accelerometer; autoplay; clipboard-write; encrypted-media; gyroscope; picture-in-picture; web-share\" referrerpolicy=\"strict-origin-when-cross-origin\" allowfullscreen><\/iframe><\/p>\n<p align=\"justify\">Nom\u00e9s s\u00f3n dues frases.<\/p>\n<p align=\"justify\">*La primera frase, l&#8217;estrofa, segur que la coneixeu de fa temps! Dues corxeres (TI-TI) picant a les cuixes i una negra (TA) picant de mans. Es va repetint vuit vegades abans d&#8217;anar a la tornada!<\/p>\n<p align=\"justify\">*La segona frase, la tornada, \u00e9s m\u00e9s complicada: tot s\u00f3n corxeres (TI-TI). Es repeteix cinc vegades.<\/p>\n<p align=\"justify\">\u00a0 \u00a0 \u00a0 \u00a0 \u00a0 \u00a0 \u00a0 \u00a0 \u00a0 \u00a0Comen\u00e7a amb dues corxeres (TI-TI) amb &#8216;cop de pit m\u00e0 dreta + &#8216;chasquido&#8217; de dits m\u00e0 dreta&#8221;,<\/p>\n<p align=\"justify\">\u00a0 \u00a0 \u00a0 \u00a0 \u00a0 \u00a0 \u00a0 \u00a0 \u00a0 \u00a0 \u00a0 \u00a0 \u00a0 \u00a0 \u00a0 \u00a0 \u00a0 \u00a0 \u00a0 \u00a0 \u00a0 \u00a0 \u00a0 \u00a0 \u00a0 \u00a0 \u00a0 \u00a0 \u00a0 \u00a0 \u00a0 \u00a0 \u00a0 \u00a0 \u00a0 \u00a0 \u00a0 \u00a0 \u00a0 \u00a0 \u00a0 \u00a0 \u00a0 &#8216;pica de mans + &#8216;chasquido&#8217; de dits m\u00e0 dreta&#8221;<\/p>\n<p align=\"justify\">\u00a0 \u00a0 \u00a0 \u00a0 \u00a0 \u00a0 \u00a0 \u00a0 \u00a0 \u00a0 \u00a0 \u00a0 \u00a0 \u00a0 \u00a0 \u00a0 \u00a0 \u00a0 \u00a0 \u00a0 \u00a0 \u00a0 \u00a0 \u00a0 \u00a0 \u00a0 \u00a0 \u00a0 \u00a0 \u00a0 \u00a0 \u00a0 \u00a0 \u00a0 \u00a0 \u00a0 \u00a0 \u00a0 \u00a0 \u00a0 \u00a0 \u00a0 \u00a0 &#8216;pica de mans + &#8216;chasquido&#8217; de dits m\u00e0 dreta&#8221;<\/p>\n<p align=\"justify\">Si teniu dubtes, pregunte-los pel correu electr\u00f2nic!<\/p>\n<p align=\"justify\">2.- FLAUTA<\/p>\n<p align=\"justify\">Ara, anem per la segona part del repte, tocar la can\u00e7\u00f3 amb la flauta. Abans de res mireu el v\u00eddeo. Les notes que apareixen, per ordre d&#8217;aparici\u00f3, s\u00f3n les seg\u00fcents: Do&#8217;, Si, La, Sol, Re&#8217; (com el Do per\u00f2 treient el polze de la m\u00e0 esquerra). Aqu\u00ed la partitura i m\u00e9s abaix el tutorial!<\/p>\n<p align=\"justify\"><img loading=\"lazy\" decoding=\"async\" class=\"alignnone size-large wp-image-14498\" src=\"https:\/\/agora.xtec.cat\/iemossenjoanbatlle\/\/wp-content\/uploads\/usu1208\/2020\/05\/We-will-rock-you-1024x485.png\" alt=\"\" width=\"1024\" height=\"485\" srcset=\"https:\/\/agora.xtec.cat\/iemossenjoanbatlle\/wp-content\/uploads\/usu1208\/2020\/05\/We-will-rock-you-1024x485.png 1024w, https:\/\/agora.xtec.cat\/iemossenjoanbatlle\/wp-content\/uploads\/usu1208\/2020\/05\/We-will-rock-you-300x142.png 300w, https:\/\/agora.xtec.cat\/iemossenjoanbatlle\/wp-content\/uploads\/usu1208\/2020\/05\/We-will-rock-you-768x363.png 768w, https:\/\/agora.xtec.cat\/iemossenjoanbatlle\/wp-content\/uploads\/usu1208\/2020\/05\/We-will-rock-you.png 1720w\" sizes=\"auto, (max-width: 1024px) 100vw, 1024px\" \/><\/p>\n<p align=\"justify\">El v\u00eddeo-tutorial:<\/p>\n<p><iframe loading=\"lazy\" title=\"WE WILL ROCK YOU - Tutorial flauta con notas \/ Recorder play along\" width=\"500\" height=\"281\" src=\"https:\/\/www.youtube.com\/embed\/9T1ikrTFK2s?feature=oembed\" frameborder=\"0\" allow=\"accelerometer; autoplay; clipboard-write; encrypted-media; gyroscope; picture-in-picture; web-share\" referrerpolicy=\"strict-origin-when-cross-origin\" allowfullscreen><\/iframe><\/p>\n<p align=\"justify\">Un tutorial m\u00e9s lent i senzill:<\/p>\n<p><iframe loading=\"lazy\" title=\"TUTORIAL &quot;We will rock you&quot;, flauta dulce\" width=\"500\" height=\"281\" src=\"https:\/\/www.youtube.com\/embed\/Ogs9tCBZjqQ?feature=oembed\" frameborder=\"0\" allow=\"accelerometer; autoplay; clipboard-write; encrypted-media; gyroscope; picture-in-picture; web-share\" referrerpolicy=\"strict-origin-when-cross-origin\" allowfullscreen><\/iframe><\/p>\n<p align=\"justify\">Aqu\u00ed podeu deixar els vostres v\u00eddeo o si preferiu, al correu d&#8217;art! <a href=\"https:\/\/photos.app.goo.gl\/z8ZGzZyp9Fcj8BbVA\" target=\"_blank\" rel=\"noopener noreferrer\">FOTOS I V\u00cdDEOS CINQU\u00c8<\/a><\/p>\n<p align=\"justify\">Fins aviat<\/p>\n","protected":false},"excerpt":{"rendered":"<p>CAN\u00c7\u00d3 DE L&#8217;AIGUA &#8216;EL BROLLADOR DE LA CATEDRAL&#8217;<br \/>\nTotes les estacions de l&#8217;any podem celebrar la import\u00e0ncia de l&#8217;aigua com un element de vida, per\u00f2 si hi ha una que destaca \u00e9s la de la primavera, on reneixen les flors, les neus es defan i els&hellip;  <a href=\"https:\/\/agora.xtec.cat\/iemossenjoanbatlle\/primaria\/5e\/5e-ambit-artistic-we-will-rock-you-21-de-maig\/\" title=\"Read 5\u00e8. \u00c0MBIT ART\u00cdSTIC. Can\u00e7\u00f3 de l&#8217;aigua &#8216;El brollador de la catedral&#8217; + &#8216;We will rock you&#8217;. 21 de maig\">Llegeix m\u00e9s\u00bb<\/a><\/p>\n","protected":false},"author":23,"featured_media":14500,"comment_status":"open","ping_status":"closed","sticky":false,"template":"","format":"standard","meta":{"footnotes":""},"categories":[14],"tags":[],"class_list":["post-14489","post","type-post","status-publish","format-standard","has-post-thumbnail","hentry","category-5e"],"post_mailing_queue_ids":[],"_links":{"self":[{"href":"https:\/\/agora.xtec.cat\/iemossenjoanbatlle\/wp-json\/wp\/v2\/posts\/14489","targetHints":{"allow":["GET"]}}],"collection":[{"href":"https:\/\/agora.xtec.cat\/iemossenjoanbatlle\/wp-json\/wp\/v2\/posts"}],"about":[{"href":"https:\/\/agora.xtec.cat\/iemossenjoanbatlle\/wp-json\/wp\/v2\/types\/post"}],"author":[{"embeddable":true,"href":"https:\/\/agora.xtec.cat\/iemossenjoanbatlle\/wp-json\/wp\/v2\/users\/23"}],"replies":[{"embeddable":true,"href":"https:\/\/agora.xtec.cat\/iemossenjoanbatlle\/wp-json\/wp\/v2\/comments?post=14489"}],"version-history":[{"count":4,"href":"https:\/\/agora.xtec.cat\/iemossenjoanbatlle\/wp-json\/wp\/v2\/posts\/14489\/revisions"}],"predecessor-version":[{"id":14730,"href":"https:\/\/agora.xtec.cat\/iemossenjoanbatlle\/wp-json\/wp\/v2\/posts\/14489\/revisions\/14730"}],"wp:featuredmedia":[{"embeddable":true,"href":"https:\/\/agora.xtec.cat\/iemossenjoanbatlle\/wp-json\/wp\/v2\/media\/14500"}],"wp:attachment":[{"href":"https:\/\/agora.xtec.cat\/iemossenjoanbatlle\/wp-json\/wp\/v2\/media?parent=14489"}],"wp:term":[{"taxonomy":"category","embeddable":true,"href":"https:\/\/agora.xtec.cat\/iemossenjoanbatlle\/wp-json\/wp\/v2\/categories?post=14489"},{"taxonomy":"post_tag","embeddable":true,"href":"https:\/\/agora.xtec.cat\/iemossenjoanbatlle\/wp-json\/wp\/v2\/tags?post=14489"}],"curies":[{"name":"wp","href":"https:\/\/api.w.org\/{rel}","templated":true}]}}