{"id":14177,"date":"2020-05-18T08:00:07","date_gmt":"2020-05-18T06:00:07","guid":{"rendered":"http:\/\/agora.xtec.cat\/iemossenjoanbatlle\/\/?p=14177"},"modified":"2020-05-13T12:31:24","modified_gmt":"2020-05-13T10:31:24","slug":"siei-ambit-matematic-classifiquem-animals-aquatics-18-de-maig","status":"publish","type":"post","link":"https:\/\/agora.xtec.cat\/iemossenjoanbatlle\/siei\/siei-ambit-matematic-classifiquem-animals-aquatics-18-de-maig\/","title":{"rendered":"SIEI. \u00c0MBIT MATEM\u00c0TIC. Classifiquem animals aqu\u00e0tics. 18 de maig."},"content":{"rendered":"<table style=\"background-color: #ccd96c;\">\n<tbody>\n<tr>\n<td><strong>OBJECTIU: Classificar en funci\u00f3 de diferents criteris i ampliar el vocabulari.<\/strong><\/p>\n<p><strong>DATA ORIENTATIVA DE LLIURAMENT:<\/strong>\u00a0<strong>25 de maig.\u00a0<\/strong><\/td>\n<\/tr>\n<\/tbody>\n<\/table>\n<p><img loading=\"lazy\" decoding=\"async\" class=\"alignnone size-large wp-image-14178\" src=\"https:\/\/agora.xtec.cat\/iemossenjoanbatlle\/\/wp-content\/uploads\/usu1208\/2020\/05\/20200511_142905-1024x1024.jpg\" alt=\"\" width=\"1024\" height=\"1024\" srcset=\"https:\/\/agora.xtec.cat\/iemossenjoanbatlle\/wp-content\/uploads\/usu1208\/2020\/05\/20200511_142905-1024x1024.jpg 1024w, https:\/\/agora.xtec.cat\/iemossenjoanbatlle\/wp-content\/uploads\/usu1208\/2020\/05\/20200511_142905-150x150.jpg 150w, https:\/\/agora.xtec.cat\/iemossenjoanbatlle\/wp-content\/uploads\/usu1208\/2020\/05\/20200511_142905-300x300.jpg 300w, https:\/\/agora.xtec.cat\/iemossenjoanbatlle\/wp-content\/uploads\/usu1208\/2020\/05\/20200511_142905-768x768.jpg 768w, https:\/\/agora.xtec.cat\/iemossenjoanbatlle\/wp-content\/uploads\/usu1208\/2020\/05\/20200511_142905.jpg 1070w\" sizes=\"auto, (max-width: 1024px) 100vw, 1024px\" \/><\/p>\n<p>Hola nens!<\/p>\n<p>L&#8217;activitat d&#8217;avui \u00e9s de classificaci\u00f3 d&#8217;animals. Mireu el v\u00eddeo que ha fet la S\u00edlvia <a href=\"https:\/\/photos.app.goo.gl\/WLNE7eoaCAWvz6bd7\">aqu\u00ed<\/a>.\u00a0 Ella ha triat separar-los entre aqu\u00e0tics i terrestres.<\/p>\n<p>I tu? Com els vols classificar?<\/p>\n<p>&#8211; 4 potes i 2 potes?<\/p>\n<p>&#8211; Ales o potes?<\/p>\n<p>&#8211; Dom\u00e8stics o salvatges?<\/p>\n<p>&#8211; Ov\u00edpars o viv\u00edpars?<\/p>\n<p>&#8211; Per colors?<\/p>\n<p>&#8211; &#8230;<\/p>\n<p>Escriu una llista o busca animals de joguina o retalla en revistes o a l&#8217;\u00e0lbum de Google fotos tamb\u00e9 n&#8217;hi trobareu i endavant! Envieu-nos els vostres v\u00eddeos o fotografies.<\/p>\n","protected":false},"excerpt":{"rendered":"<p>OBJECTIU: Classificar en funci\u00f3 de diferents criteris i ampliar el vocabulari.<br \/>\nDATA ORIENTATIVA DE LLIURAMENT:\u00a025 de maig.\u00a0<\/p>\n<p>Hola nens!<br \/>\nL&#8217;activitat d&#8217;avui \u00e9s de classificaci\u00f3 d&#8217;animals. Mireu el v\u00eddeo que ha fet la S\u00edlvia <a href=\"https:\/\/photos.app.goo.gl\/WLNE7eoaCAWvz6bd7\">aqu\u00ed<\/a>.\u00a0 Ella ha triat separar-los entre aqu\u00e0tics i terrestres.<br \/>\nI tu? Com els vols classificar?<br \/>\n&#8211;&hellip;  <a href=\"https:\/\/agora.xtec.cat\/iemossenjoanbatlle\/siei\/siei-ambit-matematic-classifiquem-animals-aquatics-18-de-maig\/\" title=\"Read SIEI. \u00c0MBIT MATEM\u00c0TIC. Classifiquem animals aqu\u00e0tics. 18 de maig.\">Llegeix m\u00e9s\u00bb<\/a><\/p>\n","protected":false},"author":17,"featured_media":0,"comment_status":"open","ping_status":"closed","sticky":false,"template":"","format":"standard","meta":{"footnotes":""},"categories":[26],"tags":[],"class_list":["post-14177","post","type-post","status-publish","format-standard","hentry","category-siei"],"post_mailing_queue_ids":[],"_links":{"self":[{"href":"https:\/\/agora.xtec.cat\/iemossenjoanbatlle\/wp-json\/wp\/v2\/posts\/14177","targetHints":{"allow":["GET"]}}],"collection":[{"href":"https:\/\/agora.xtec.cat\/iemossenjoanbatlle\/wp-json\/wp\/v2\/posts"}],"about":[{"href":"https:\/\/agora.xtec.cat\/iemossenjoanbatlle\/wp-json\/wp\/v2\/types\/post"}],"author":[{"embeddable":true,"href":"https:\/\/agora.xtec.cat\/iemossenjoanbatlle\/wp-json\/wp\/v2\/users\/17"}],"replies":[{"embeddable":true,"href":"https:\/\/agora.xtec.cat\/iemossenjoanbatlle\/wp-json\/wp\/v2\/comments?post=14177"}],"version-history":[{"count":3,"href":"https:\/\/agora.xtec.cat\/iemossenjoanbatlle\/wp-json\/wp\/v2\/posts\/14177\/revisions"}],"predecessor-version":[{"id":14284,"href":"https:\/\/agora.xtec.cat\/iemossenjoanbatlle\/wp-json\/wp\/v2\/posts\/14177\/revisions\/14284"}],"wp:attachment":[{"href":"https:\/\/agora.xtec.cat\/iemossenjoanbatlle\/wp-json\/wp\/v2\/media?parent=14177"}],"wp:term":[{"taxonomy":"category","embeddable":true,"href":"https:\/\/agora.xtec.cat\/iemossenjoanbatlle\/wp-json\/wp\/v2\/categories?post=14177"},{"taxonomy":"post_tag","embeddable":true,"href":"https:\/\/agora.xtec.cat\/iemossenjoanbatlle\/wp-json\/wp\/v2\/tags?post=14177"}],"curies":[{"name":"wp","href":"https:\/\/api.w.org\/{rel}","templated":true}]}}