{"id":14072,"date":"2020-05-19T08:00:41","date_gmt":"2020-05-19T06:00:41","guid":{"rendered":"http:\/\/agora.xtec.cat\/iemossenjoanbatlle\/\/?p=14072"},"modified":"2020-05-13T08:56:15","modified_gmt":"2020-05-13T06:56:15","slug":"3r-ambit-linguistic-catala-19-de-maig","status":"publish","type":"post","link":"https:\/\/agora.xtec.cat\/iemossenjoanbatlle\/primaria\/3r\/3r-ambit-linguistic-catala-19-de-maig\/","title":{"rendered":"3r \u00c0MBIT LING\u00dc\u00cdSTIC. CATAL\u00c0. Aigua, perqu\u00e8? 19 de maig"},"content":{"rendered":"<table style=\"width: 1979px; background-color: #fffdc7; border-color: #000000;\">\n<tbody>\n<tr>\n<td style=\"width: 1973px;\"><strong>OBJETIVO DE LA ACTIVITAT:<br \/>\n<\/strong><\/p>\n<ul>\n<li>Reflexionar sobre la import\u00e0ncia de l&#8217;aigua en els \u00e9ssers vius.<\/li>\n<\/ul>\n<p><strong>DATA ORIENTATITIVA DE LLIURAMENT:<\/strong><\/p>\n<ul>\n<li>Dilluns 25 de maig<\/li>\n<\/ul>\n<\/td>\n<\/tr>\n<\/tbody>\n<\/table>\n<p>Bones a totes i a tots!<\/p>\n<p><img loading=\"lazy\" decoding=\"async\" class=\"alignnone size-full wp-image-14237\" src=\"https:\/\/agora.xtec.cat\/iemossenjoanbatlle\/\/wp-content\/uploads\/usu1208\/2020\/05\/aigua.jpg\" alt=\"\" width=\"225\" height=\"300\" \/><\/p>\n<p>Volem que feu una reflexi\u00f3 llarga als <strong>COMENTARIS<\/strong> on digueu perqu\u00e8 \u00e9s important l&#8217;aigua pels essers vius.<\/p>\n<p>Aigua perqu\u00e8? <em>-Podeu buscar informaci\u00f3 a internet per\u00f2 no val copiar\/enganxar. De la informaci\u00f3 que obteniu heu d&#8217;extreure les vostres conclusions-.<\/em><\/p>\n<p>\u00c0nims!<\/p>\n","protected":false},"excerpt":{"rendered":"<p>OBJETIVO DE LA ACTIVITAT:<\/p>\n<ul>\n<li>Reflexionar sobre la import\u00e0ncia de l&#8217;aigua en els \u00e9ssers vius.<\/li>\n<\/ul>\n<p>DATA ORIENTATITIVA DE LLIURAMENT:<\/p>\n<ul>\n<li>Dilluns 25 de maig<\/li>\n<\/ul>\n<p>Bones a totes i a tots!<\/p>\n<p>Volem que feu una reflexi\u00f3 llarga als COMENTARIS on digueu perqu\u00e8 \u00e9s important l&#8217;aigua pels essers vius.<br \/>\nAigua perqu\u00e8? -Podeu buscar informaci\u00f3 a&hellip;  <a href=\"https:\/\/agora.xtec.cat\/iemossenjoanbatlle\/primaria\/3r\/3r-ambit-linguistic-catala-19-de-maig\/\" title=\"Read 3r \u00c0MBIT LING\u00dc\u00cdSTIC. CATAL\u00c0. Aigua, perqu\u00e8? 19 de maig\">Llegeix m\u00e9s\u00bb<\/a><\/p>\n","protected":false},"author":9,"featured_media":0,"comment_status":"open","ping_status":"closed","sticky":false,"template":"","format":"standard","meta":{"_bbp_topic_count":0,"_bbp_reply_count":0,"_bbp_total_topic_count":0,"_bbp_total_reply_count":0,"_bbp_voice_count":0,"_bbp_anonymous_reply_count":0,"_bbp_topic_count_hidden":0,"_bbp_reply_count_hidden":0,"_bbp_forum_subforum_count":0,"footnotes":""},"categories":[12,71],"tags":[],"class_list":["post-14072","post","type-post","status-publish","format-standard","hentry","category-3r","category-educacio-primaria"],"post_mailing_queue_ids":[],"_links":{"self":[{"href":"https:\/\/agora.xtec.cat\/iemossenjoanbatlle\/wp-json\/wp\/v2\/posts\/14072","targetHints":{"allow":["GET"]}}],"collection":[{"href":"https:\/\/agora.xtec.cat\/iemossenjoanbatlle\/wp-json\/wp\/v2\/posts"}],"about":[{"href":"https:\/\/agora.xtec.cat\/iemossenjoanbatlle\/wp-json\/wp\/v2\/types\/post"}],"author":[{"embeddable":true,"href":"https:\/\/agora.xtec.cat\/iemossenjoanbatlle\/wp-json\/wp\/v2\/users\/9"}],"replies":[{"embeddable":true,"href":"https:\/\/agora.xtec.cat\/iemossenjoanbatlle\/wp-json\/wp\/v2\/comments?post=14072"}],"version-history":[{"count":3,"href":"https:\/\/agora.xtec.cat\/iemossenjoanbatlle\/wp-json\/wp\/v2\/posts\/14072\/revisions"}],"predecessor-version":[{"id":14274,"href":"https:\/\/agora.xtec.cat\/iemossenjoanbatlle\/wp-json\/wp\/v2\/posts\/14072\/revisions\/14274"}],"wp:attachment":[{"href":"https:\/\/agora.xtec.cat\/iemossenjoanbatlle\/wp-json\/wp\/v2\/media?parent=14072"}],"wp:term":[{"taxonomy":"category","embeddable":true,"href":"https:\/\/agora.xtec.cat\/iemossenjoanbatlle\/wp-json\/wp\/v2\/categories?post=14072"},{"taxonomy":"post_tag","embeddable":true,"href":"https:\/\/agora.xtec.cat\/iemossenjoanbatlle\/wp-json\/wp\/v2\/tags?post=14072"}],"curies":[{"name":"wp","href":"https:\/\/api.w.org\/{rel}","templated":true}]}}