{"id":14027,"date":"2020-05-11T08:30:10","date_gmt":"2020-05-11T06:30:10","guid":{"rendered":"http:\/\/agora.xtec.cat\/iemossenjoanbatlle\/\/?p=14027"},"modified":"2020-05-11T12:39:04","modified_gmt":"2020-05-11T10:39:04","slug":"6e-ambit-matematic-desafiament-de-logica-amb-emojis","status":"publish","type":"post","link":"https:\/\/agora.xtec.cat\/iemossenjoanbatlle\/general\/6e-ambit-matematic-desafiament-de-logica-amb-emojis\/","title":{"rendered":"6\u00e8. \u00c0MBIT MATEM\u00c0TIC. Desafiament de l\u00f2gica amb emojis. 11 de maig"},"content":{"rendered":"<table style=\"height: 33px; width: 461px; background-color: #71c4eb;\" width=\"461\">\n<tbody>\n<tr style=\"height: 32px;\">\n<td style=\"width: 852.222px; height: 21px;\"><strong>OBJECTIU DE L&#8217;ACTIVITAT: <\/strong><\/p>\n<ul>\n<li>Resoldre reptes matem\u00e0tics utilitzant la l\u00f2gica<\/li>\n<\/ul>\n<p><strong>DATA DE LLIURAMENT: <\/strong>Dilluns 18 de maig<\/td>\n<\/tr>\n<\/tbody>\n<\/table>\n<p>Hola a tots i totes!!!<\/p>\n<p>Per aquesta setmana us proposem un parell de reptes de matem\u00e0tiques on haureu de utilitzar la <a href=\"https:\/\/drive.google.com\/file\/d\/1EPOfk9oOBjUcRpiLcI7DFG9AMhsCIo1l\/view?usp=sharing\" target=\"_blank\" rel=\"noopener noreferrer\">l\u00f2gica<\/a>. Per acabar, us demanem que feu mem\u00f2ria dels tipus d&#8217;angles que hi ha i realitzeu una petita activitat.<\/p>\n<p><img loading=\"lazy\" decoding=\"async\" class=\"size-full wp-image-14044 aligncenter\" src=\"https:\/\/agora.xtec.cat\/iemossenjoanbatlle\/\/wp-content\/uploads\/usu1208\/2020\/05\/DESAFIAMENT-DE-LO\u0300GICA_1.png\" alt=\"\" width=\"630\" height=\"896\" srcset=\"https:\/\/agora.xtec.cat\/iemossenjoanbatlle\/wp-content\/uploads\/usu1208\/2020\/05\/DESAFIAMENT-DE-LO\u0300GICA_1.png 630w, https:\/\/agora.xtec.cat\/iemossenjoanbatlle\/wp-content\/uploads\/usu1208\/2020\/05\/DESAFIAMENT-DE-LO\u0300GICA_1-211x300.png 211w\" sizes=\"auto, (max-width: 630px) 100vw, 630px\" \/><\/p>\n<p><img loading=\"lazy\" decoding=\"async\" class=\"size-full wp-image-14039 aligncenter\" src=\"https:\/\/agora.xtec.cat\/iemossenjoanbatlle\/\/wp-content\/uploads\/usu1208\/2020\/05\/DESAFIAMENT-LO\u0300GICA_2.png\" alt=\"\" width=\"633\" height=\"900\" srcset=\"https:\/\/agora.xtec.cat\/iemossenjoanbatlle\/wp-content\/uploads\/usu1208\/2020\/05\/DESAFIAMENT-LO\u0300GICA_2.png 633w, https:\/\/agora.xtec.cat\/iemossenjoanbatlle\/wp-content\/uploads\/usu1208\/2020\/05\/DESAFIAMENT-LO\u0300GICA_2-211x300.png 211w\" sizes=\"auto, (max-width: 633px) 100vw, 633px\" \/><\/p>\n<p>&nbsp;<\/p>\n<p>Recordeu que ens podeu enviar les respostes als correus electr\u00f2nics posant el <strong>nom de l&#8217;alumne<\/strong> i a continuaci\u00f3 el <strong>nom de l&#8217;activitat<\/strong>, a l&#8217;assumpte: <em>el teu nom-Desafiament de l\u00f2gica.<\/em><\/p>\n<p>Esperem que us hagi agradat aquesta activitat!<\/p>\n<p>Seguim treballant! Una abra\u00e7ada!<\/p>\n<p>Sandra, Ester i Robert<\/p>\n","protected":false},"excerpt":{"rendered":"<p>OBJECTIU DE L&#8217;ACTIVITAT: <\/p>\n<ul>\n<li>Resoldre reptes matem\u00e0tics utilitzant la l\u00f2gica<\/li>\n<\/ul>\n<p>DATA DE LLIURAMENT: Dilluns 18 de maig<\/p>\n<p>Hola a tots i totes!!!<br \/>\nPer aquesta setmana us proposem un parell de reptes de matem\u00e0tiques on haureu de utilitzar la <a href=\"https:\/\/drive.google.com\/file\/d\/1EPOfk9oOBjUcRpiLcI7DFG9AMhsCIo1l\/view?usp=sharing\" target=\"_blank\" rel=\"noopener noreferrer\">l\u00f2gica<\/a>. Per acabar, us demanem que feu&hellip;  <a href=\"https:\/\/agora.xtec.cat\/iemossenjoanbatlle\/general\/6e-ambit-matematic-desafiament-de-logica-amb-emojis\/\" title=\"Read 6\u00e8. \u00c0MBIT MATEM\u00c0TIC. Desafiament de l\u00f2gica amb emojis. 11 de maig\">Llegeix m\u00e9s\u00bb<\/a><\/p>\n","protected":false},"author":1,"featured_media":0,"comment_status":"open","ping_status":"closed","sticky":false,"template":"","format":"standard","meta":{"footnotes":""},"categories":[15,1],"tags":[],"class_list":["post-14027","post","type-post","status-publish","format-standard","hentry","category-6e","category-general"],"post_mailing_queue_ids":[],"_links":{"self":[{"href":"https:\/\/agora.xtec.cat\/iemossenjoanbatlle\/wp-json\/wp\/v2\/posts\/14027","targetHints":{"allow":["GET"]}}],"collection":[{"href":"https:\/\/agora.xtec.cat\/iemossenjoanbatlle\/wp-json\/wp\/v2\/posts"}],"about":[{"href":"https:\/\/agora.xtec.cat\/iemossenjoanbatlle\/wp-json\/wp\/v2\/types\/post"}],"author":[{"embeddable":true,"href":"https:\/\/agora.xtec.cat\/iemossenjoanbatlle\/wp-json\/wp\/v2\/users\/1"}],"replies":[{"embeddable":true,"href":"https:\/\/agora.xtec.cat\/iemossenjoanbatlle\/wp-json\/wp\/v2\/comments?post=14027"}],"version-history":[{"count":4,"href":"https:\/\/agora.xtec.cat\/iemossenjoanbatlle\/wp-json\/wp\/v2\/posts\/14027\/revisions"}],"predecessor-version":[{"id":14126,"href":"https:\/\/agora.xtec.cat\/iemossenjoanbatlle\/wp-json\/wp\/v2\/posts\/14027\/revisions\/14126"}],"wp:attachment":[{"href":"https:\/\/agora.xtec.cat\/iemossenjoanbatlle\/wp-json\/wp\/v2\/media?parent=14027"}],"wp:term":[{"taxonomy":"category","embeddable":true,"href":"https:\/\/agora.xtec.cat\/iemossenjoanbatlle\/wp-json\/wp\/v2\/categories?post=14027"},{"taxonomy":"post_tag","embeddable":true,"href":"https:\/\/agora.xtec.cat\/iemossenjoanbatlle\/wp-json\/wp\/v2\/tags?post=14027"}],"curies":[{"name":"wp","href":"https:\/\/api.w.org\/{rel}","templated":true}]}}