{"id":14000,"date":"2020-05-11T08:00:58","date_gmt":"2020-05-11T06:00:58","guid":{"rendered":"http:\/\/agora.xtec.cat\/iemossenjoanbatlle\/\/?p=14000"},"modified":"2020-05-09T12:03:04","modified_gmt":"2020-05-09T10:03:04","slug":"4t-ambit-matematic-grafic-de-barres-dilluns-11-de-maig","status":"publish","type":"post","link":"https:\/\/agora.xtec.cat\/iemossenjoanbatlle\/general\/4t-ambit-matematic-grafic-de-barres-dilluns-11-de-maig\/","title":{"rendered":"4t. \u00c0MBIT MATEM\u00c0TIC: Gr\u00e0fic de barres. Dilluns 11 de maig."},"content":{"rendered":"<table style=\"height: 97px; width: 1155px; background-color: #e5eb71;\" width=\"290\">\n<tbody>\n<tr style=\"height: 32px;\">\n<td style=\"width: 1149px; height: 21px;\"><strong>OBJECTIU DE L&#8217;ACTIVITAT: Elaborar un\u00a0gr\u00e0fic de barres a partir d&#8217;unes\u00a0dades.\u00a0<\/strong><\/p>\n<p><strong>DATA DE LLIURAMENT: Dilluns 11 de maig.<\/strong><\/td>\n<\/tr>\n<\/tbody>\n<\/table>\n<p>Bon dia!!<\/p>\n<p>Avui us proposem elaborar un gr\u00e0fic de barres. Cliqueu l&#8217;enlla\u00e7 per veure l&#8217;activitat:\u00a0<a href=\"https:\/\/drive.google.com\/open?id=1E1YhxsplYFHQgxEw4sQZmJwTlRYLjGiv\">Activitat matem\u00e0tiques<\/a><\/p>\n<p><img loading=\"lazy\" decoding=\"async\" class=\"alignnone wp-image-14001 aligncenter\" src=\"https:\/\/agora.xtec.cat\/iemossenjoanbatlle\/\/wp-content\/uploads\/usu1208\/2020\/05\/Captura-de-pantalla-2020-05-09-a-las-11.44.14-300x212.png\" alt=\"\" width=\"650\" height=\"459\" srcset=\"https:\/\/agora.xtec.cat\/iemossenjoanbatlle\/wp-content\/uploads\/usu1208\/2020\/05\/Captura-de-pantalla-2020-05-09-a-las-11.44.14-300x212.png 300w, https:\/\/agora.xtec.cat\/iemossenjoanbatlle\/wp-content\/uploads\/usu1208\/2020\/05\/Captura-de-pantalla-2020-05-09-a-las-11.44.14-768x542.png 768w, https:\/\/agora.xtec.cat\/iemossenjoanbatlle\/wp-content\/uploads\/usu1208\/2020\/05\/Captura-de-pantalla-2020-05-09-a-las-11.44.14-1024x723.png 1024w, https:\/\/agora.xtec.cat\/iemossenjoanbatlle\/wp-content\/uploads\/usu1208\/2020\/05\/Captura-de-pantalla-2020-05-09-a-las-11.44.14.png 1518w\" sizes=\"auto, (max-width: 650px) 100vw, 650px\" \/><\/p>\n<p>Ja sabeu que ens encanta rebre les vostres tasques, aqu\u00ed us deixem l&#8217;enlla\u00e7 de l&#8217;\u00e0lbum de fotos perqu\u00e8 les compartiu:\u00a0<a href=\"https:\/\/photos.app.goo.gl\/hygTFzPjNgj9qQD48\">Gr\u00e0fics de barres<\/a><\/p>\n<p>Que tingueu un bon inici de setmana!!<\/p>\n<p>Sandra, Silvia i Cristina.<\/p>\n","protected":false},"excerpt":{"rendered":"<p>OBJECTIU DE L&#8217;ACTIVITAT: Elaborar un\u00a0gr\u00e0fic de barres a partir d&#8217;unes\u00a0dades.\u00a0<br \/>\nDATA DE LLIURAMENT: Dilluns 11 de maig.<\/p>\n<p>Bon dia!!<br \/>\nAvui us proposem elaborar un gr\u00e0fic de barres. Cliqueu l&#8217;enlla\u00e7 per veure l&#8217;activitat:\u00a0<a href=\"https:\/\/drive.google.com\/open?id=1E1YhxsplYFHQgxEw4sQZmJwTlRYLjGiv\">Activitat matem\u00e0tiques<\/a><\/p>\n<p>Ja sabeu que ens encanta rebre les vostres tasques, aqu\u00ed us deixem l&#8217;enlla\u00e7 de l&#8217;\u00e0lbum&hellip;  <a href=\"https:\/\/agora.xtec.cat\/iemossenjoanbatlle\/general\/4t-ambit-matematic-grafic-de-barres-dilluns-11-de-maig\/\" title=\"Read 4t. \u00c0MBIT MATEM\u00c0TIC: Gr\u00e0fic de barres. Dilluns 11 de maig.\">Llegeix m\u00e9s\u00bb<\/a><\/p>\n","protected":false},"author":11,"featured_media":0,"comment_status":"open","ping_status":"closed","sticky":false,"template":"","format":"standard","meta":{"footnotes":""},"categories":[13,1],"tags":[],"class_list":["post-14000","post","type-post","status-publish","format-standard","hentry","category-4t","category-general"],"post_mailing_queue_ids":[],"_links":{"self":[{"href":"https:\/\/agora.xtec.cat\/iemossenjoanbatlle\/wp-json\/wp\/v2\/posts\/14000","targetHints":{"allow":["GET"]}}],"collection":[{"href":"https:\/\/agora.xtec.cat\/iemossenjoanbatlle\/wp-json\/wp\/v2\/posts"}],"about":[{"href":"https:\/\/agora.xtec.cat\/iemossenjoanbatlle\/wp-json\/wp\/v2\/types\/post"}],"author":[{"embeddable":true,"href":"https:\/\/agora.xtec.cat\/iemossenjoanbatlle\/wp-json\/wp\/v2\/users\/11"}],"replies":[{"embeddable":true,"href":"https:\/\/agora.xtec.cat\/iemossenjoanbatlle\/wp-json\/wp\/v2\/comments?post=14000"}],"version-history":[{"count":2,"href":"https:\/\/agora.xtec.cat\/iemossenjoanbatlle\/wp-json\/wp\/v2\/posts\/14000\/revisions"}],"predecessor-version":[{"id":14003,"href":"https:\/\/agora.xtec.cat\/iemossenjoanbatlle\/wp-json\/wp\/v2\/posts\/14000\/revisions\/14003"}],"wp:attachment":[{"href":"https:\/\/agora.xtec.cat\/iemossenjoanbatlle\/wp-json\/wp\/v2\/media?parent=14000"}],"wp:term":[{"taxonomy":"category","embeddable":true,"href":"https:\/\/agora.xtec.cat\/iemossenjoanbatlle\/wp-json\/wp\/v2\/categories?post=14000"},{"taxonomy":"post_tag","embeddable":true,"href":"https:\/\/agora.xtec.cat\/iemossenjoanbatlle\/wp-json\/wp\/v2\/tags?post=14000"}],"curies":[{"name":"wp","href":"https:\/\/api.w.org\/{rel}","templated":true}]}}