{"id":13909,"date":"2020-05-20T08:00:35","date_gmt":"2020-05-20T06:00:35","guid":{"rendered":"http:\/\/agora.xtec.cat\/iemossenjoanbatlle\/\/?p=13909"},"modified":"2020-05-15T09:10:24","modified_gmt":"2020-05-15T07:10:24","slug":"siei-ambit-cientific-experimentacio-per-a-que-utilitzem-laigua-la-importancia-de-les-mans-netes-20-de-maig","status":"publish","type":"post","link":"https:\/\/agora.xtec.cat\/iemossenjoanbatlle\/siei\/siei-ambit-cientific-experimentacio-per-a-que-utilitzem-laigua-la-importancia-de-les-mans-netes-20-de-maig\/","title":{"rendered":"SIEI. \u00c0MBIT CIENT\u00cdFIC-EXPERIMENTACI\u00d3. Per a qu\u00e8 utilitzem l&#8217;aigua? La import\u00e0ncia de les mans netes. 20 de maig."},"content":{"rendered":"<table style=\"background-color: #dbd960;\">\n<tbody>\n<tr>\n<td><strong>OBJECTIU DE L&#8217;ACTIVITAT: Millorar l&#8217;autonomia i la higiene personal i reflexionar sobre el que passa\u00a0 en el nostre entorn.<\/strong><\/p>\n<p><strong>DATA ORIENTATIVA DE LLIURAMENT: 27 de maig.<\/strong><\/td>\n<\/tr>\n<\/tbody>\n<\/table>\n<p>\u00c9s important l&#8217;aigua en la nostra vida di\u00e0ria? Explica als pares en quins moments del dia la fem servir a casa (per beure, per cuinar, per dutxar-nos, &#8230;).<\/p>\n<p>Avui treballarem la import\u00e0ncia de rentar-nos b\u00e9 les mans fent servir diferents experiments.<\/p>\n<p>Per comen\u00e7ar mira aquest v\u00eddeo:<\/p>\n<p><iframe loading=\"lazy\" title=\"Un experimento para que los ni\u00f1os sepan la importancia de lavarse las manos\" width=\"500\" height=\"281\" src=\"https:\/\/www.youtube.com\/embed\/5nrzfm9UWIc?feature=oembed\" frameborder=\"0\" allow=\"accelerometer; autoplay; clipboard-write; encrypted-media; gyroscope; picture-in-picture; web-share\" referrerpolicy=\"strict-origin-when-cross-origin\" allowfullscreen><\/iframe><\/p>\n<p>El podeu trobar <a href=\"https:\/\/drive.google.com\/file\/d\/1mM3jwiNyM7SFcOfWlwBv0HOr79Tw7mCF\/view?usp=sharing\">aqu\u00ed<\/a> explicat amb pictogrames.<\/p>\n<p>A m\u00e9s tamb\u00e9 us proposem un parell d&#8217;experiments m\u00e9s:<\/p>\n<ul>\n<li>Ens pintem les mans amb retolador o pintura i ens les rentem amb sab\u00f3. Despr\u00e9s ens tornem a pintar les mans i ens les rentem nom\u00e9s amb aigua. Compararem els resultats. Qu\u00e8 ha passat? Quina vegada han quedat m\u00e9s netes?<\/li>\n<\/ul>\n<p><img loading=\"lazy\" decoding=\"async\" class=\"alignnone size-large wp-image-13911\" src=\"https:\/\/agora.xtec.cat\/iemossenjoanbatlle\/\/wp-content\/uploads\/usu1208\/2020\/05\/20200507_162206-695x1024.jpg\" alt=\"\" width=\"695\" height=\"1024\" srcset=\"https:\/\/agora.xtec.cat\/iemossenjoanbatlle\/wp-content\/uploads\/usu1208\/2020\/05\/20200507_162206-695x1024.jpg 695w, https:\/\/agora.xtec.cat\/iemossenjoanbatlle\/wp-content\/uploads\/usu1208\/2020\/05\/20200507_162206-204x300.jpg 204w, https:\/\/agora.xtec.cat\/iemossenjoanbatlle\/wp-content\/uploads\/usu1208\/2020\/05\/20200507_162206-768x1131.jpg 768w, https:\/\/agora.xtec.cat\/iemossenjoanbatlle\/wp-content\/uploads\/usu1208\/2020\/05\/20200507_162206.jpg 1080w\" sizes=\"auto, (max-width: 695px) 100vw, 695px\" \/><\/p>\n<ul>\n<li>Agafem 3 llesques de pa de motlle. Una la toquem amb les mans molt brutes, l&#8217;altra amb les mans amb uns guants posats i la \u00faltima amb les mans netes. Les posarem a dins d&#8217;una bossa de pl\u00e0stic i esperarem unes setmanes. Despr\u00e9s observarem els resultats. Qu\u00e8 ha passat? Quina difer\u00e8ncia hi ha entre les llesques de pa? Perqu\u00e8 creus que ha passat?<\/li>\n<\/ul>\n<p><img loading=\"lazy\" decoding=\"async\" class=\"alignnone size-large wp-image-13912\" src=\"https:\/\/agora.xtec.cat\/iemossenjoanbatlle\/\/wp-content\/uploads\/usu1208\/2020\/05\/20200507_162231-1024x520.jpg\" alt=\"\" width=\"1024\" height=\"520\" srcset=\"https:\/\/agora.xtec.cat\/iemossenjoanbatlle\/wp-content\/uploads\/usu1208\/2020\/05\/20200507_162231-1024x520.jpg 1024w, https:\/\/agora.xtec.cat\/iemossenjoanbatlle\/wp-content\/uploads\/usu1208\/2020\/05\/20200507_162231-300x152.jpg 300w, https:\/\/agora.xtec.cat\/iemossenjoanbatlle\/wp-content\/uploads\/usu1208\/2020\/05\/20200507_162231-768x390.jpg 768w, https:\/\/agora.xtec.cat\/iemossenjoanbatlle\/wp-content\/uploads\/usu1208\/2020\/05\/20200507_162231.jpg 1036w\" sizes=\"auto, (max-width: 1024px) 100vw, 1024px\" \/><\/p>\n<p>Envian&#8217;s les teves fotos o v\u00eddeos d&#8217;alguna de les tres propostes o de v\u00e0ries <a href=\"https:\/\/photos.app.goo.gl\/ZzHPhHiMCCZPzwds9\">aqu\u00ed.<\/a><\/p>\n<p>Despr\u00e9s pots llegir <a href=\"https:\/\/drive.google.com\/file\/d\/1ySOExRA4qUjVxRTcK23Z73YmnF4Vhv4c\/view?usp=sharing\">aqu\u00ed<\/a> aquest conte sobre la MArtiNETA, que explica la import\u00e0ncia de les mans netes. Els m\u00e9s grans trobaran un c\u00f2mic (<a href=\"https:\/\/drive.google.com\/file\/d\/1JGZ-7wPhpCRf0MBx3dIjlohMXO7Kcwb8\/view?usp=sharing\">Ep, mans netes!<\/a>) i <span style=\"font-family: inherit; font-size: 1em;\">material complementari en<\/span><a style=\"font-family: inherit; font-size: 1em;\" href=\"https:\/\/drive.google.com\/file\/d\/1Cs4f3zqzE62Bz6JXjc47_eCX7OqdLuv9\/view?usp=sharing\"> aquest enlla\u00e7.<\/a><\/p>\n","protected":false},"excerpt":{"rendered":"<p>OBJECTIU DE L&#8217;ACTIVITAT: Millorar l&#8217;autonomia i la higiene personal i reflexionar sobre el que passa\u00a0 en el nostre entorn.<br \/>\nDATA ORIENTATIVA DE LLIURAMENT: 27 de maig.<\/p>\n<p>\u00c9s important l&#8217;aigua en la nostra vida di\u00e0ria? Explica als pares en quins moments del dia la fem servir a casa&hellip;  <a href=\"https:\/\/agora.xtec.cat\/iemossenjoanbatlle\/siei\/siei-ambit-cientific-experimentacio-per-a-que-utilitzem-laigua-la-importancia-de-les-mans-netes-20-de-maig\/\" title=\"Read SIEI. \u00c0MBIT CIENT\u00cdFIC-EXPERIMENTACI\u00d3. Per a qu\u00e8 utilitzem l&#8217;aigua? La import\u00e0ncia de les mans netes. 20 de maig.\">Llegeix m\u00e9s\u00bb<\/a><\/p>\n","protected":false},"author":17,"featured_media":0,"comment_status":"open","ping_status":"closed","sticky":false,"template":"","format":"standard","meta":{"footnotes":""},"categories":[26],"tags":[],"class_list":["post-13909","post","type-post","status-publish","format-standard","hentry","category-siei"],"post_mailing_queue_ids":[],"_links":{"self":[{"href":"https:\/\/agora.xtec.cat\/iemossenjoanbatlle\/wp-json\/wp\/v2\/posts\/13909","targetHints":{"allow":["GET"]}}],"collection":[{"href":"https:\/\/agora.xtec.cat\/iemossenjoanbatlle\/wp-json\/wp\/v2\/posts"}],"about":[{"href":"https:\/\/agora.xtec.cat\/iemossenjoanbatlle\/wp-json\/wp\/v2\/types\/post"}],"author":[{"embeddable":true,"href":"https:\/\/agora.xtec.cat\/iemossenjoanbatlle\/wp-json\/wp\/v2\/users\/17"}],"replies":[{"embeddable":true,"href":"https:\/\/agora.xtec.cat\/iemossenjoanbatlle\/wp-json\/wp\/v2\/comments?post=13909"}],"version-history":[{"count":3,"href":"https:\/\/agora.xtec.cat\/iemossenjoanbatlle\/wp-json\/wp\/v2\/posts\/13909\/revisions"}],"predecessor-version":[{"id":14321,"href":"https:\/\/agora.xtec.cat\/iemossenjoanbatlle\/wp-json\/wp\/v2\/posts\/13909\/revisions\/14321"}],"wp:attachment":[{"href":"https:\/\/agora.xtec.cat\/iemossenjoanbatlle\/wp-json\/wp\/v2\/media?parent=13909"}],"wp:term":[{"taxonomy":"category","embeddable":true,"href":"https:\/\/agora.xtec.cat\/iemossenjoanbatlle\/wp-json\/wp\/v2\/categories?post=13909"},{"taxonomy":"post_tag","embeddable":true,"href":"https:\/\/agora.xtec.cat\/iemossenjoanbatlle\/wp-json\/wp\/v2\/tags?post=13909"}],"curies":[{"name":"wp","href":"https:\/\/api.w.org\/{rel}","templated":true}]}}