{"id":13699,"date":"2020-05-06T09:00:48","date_gmt":"2020-05-06T07:00:48","guid":{"rendered":"http:\/\/agora.xtec.cat\/iemossenjoanbatlle\/\/?p=13699"},"modified":"2020-05-06T17:51:34","modified_gmt":"2020-05-06T15:51:34","slug":"4t-ambit-cientific-experimentacio-compara-i-contrasta-dimecres-6-de-maig","status":"publish","type":"post","link":"https:\/\/agora.xtec.cat\/iemossenjoanbatlle\/general\/4t-ambit-cientific-experimentacio-compara-i-contrasta-dimecres-6-de-maig\/","title":{"rendered":"4t. \u00c0MBIT CIENT\u00cdFIC\/EXPERIMENTACI\u00d3. Compara i contrasta. Dimecres 6 de maig"},"content":{"rendered":"<p>&nbsp;<\/p>\n<table style=\"height: 21px; width: 602px; background-color: #e5eb71;\" width=\"290\">\n<tbody>\n<tr style=\"height: 32px;\">\n<td style=\"width: 596.364px; height: 21px;\"><strong>OBJECTIU DE L&#8217;ACTIVITAT: Plantejar-se preguntes sobre el medi i analitzar els resultats per tal de comparar dos paisos.\u00a0<\/strong><\/p>\n<p><strong>DATA M\u00c0XIMA DE LLIURAMENT: Dimecres 13 de maig<\/strong><\/td>\n<\/tr>\n<\/tbody>\n<\/table>\n<p>Hola!!!!<\/p>\n<p>Seguim amb el tema de viatjar i avui volem que us pareu a pensar les difer\u00e8ncies i les semblances entre paisos. Recordeu el pa\u00eds que vau triar per fer la fitxa de dimecres passat? I sabeu en quin pa\u00eds vivim? Doncs us animem a que feu un compara i contrasta entre aquests dos paisos. Us deixem la fitxa amb els passos que heu d&#8217;anar seguint, recordeu que ja n&#8217;hem fet a classe!! <a href=\"https:\/\/drive.google.com\/file\/d\/1sgu_lR-OrLXUq3CwEBWZwtcoAIghVeLq\/view?usp=sharing\" target=\"_blank\" rel=\"noopener noreferrer\">Compara i contrasta.<\/a><\/p>\n<p>I per fer el retorn de les feines ja sabeu que ho heu de fer&#8230; <a href=\"https:\/\/photos.app.goo.gl\/RX9WNhG4iCufA3jv8\" target=\"_blank\" rel=\"noopener noreferrer\">AQU\u00cd.<\/a><\/p>\n<p>Som-hi!! Que esteu treballant molt i ho esteu fent molt b\u00e9!!!<\/p>\n<p>Sandra, Lidia, Cristina i Silvia.<\/p>\n","protected":false},"excerpt":{"rendered":"<p>&nbsp;<\/p>\n<p>OBJECTIU DE L&#8217;ACTIVITAT: Plantejar-se preguntes sobre el medi i analitzar els resultats per tal de comparar dos paisos.\u00a0<br \/>\nDATA M\u00c0XIMA DE LLIURAMENT: Dimecres 13 de maig<\/p>\n<p>Hola!!!!<br \/>\nSeguim amb el tema de viatjar i avui volem que us pareu a pensar les difer\u00e8ncies i les semblances entre paisos.&hellip;  <a href=\"https:\/\/agora.xtec.cat\/iemossenjoanbatlle\/general\/4t-ambit-cientific-experimentacio-compara-i-contrasta-dimecres-6-de-maig\/\" title=\"Read 4t. \u00c0MBIT CIENT\u00cdFIC\/EXPERIMENTACI\u00d3. Compara i contrasta. Dimecres 6 de maig\">Llegeix m\u00e9s\u00bb<\/a><\/p>\n","protected":false},"author":12,"featured_media":0,"comment_status":"open","ping_status":"closed","sticky":false,"template":"","format":"standard","meta":{"_bbp_topic_count":0,"_bbp_reply_count":0,"_bbp_total_topic_count":0,"_bbp_total_reply_count":0,"_bbp_voice_count":0,"_bbp_anonymous_reply_count":0,"_bbp_topic_count_hidden":0,"_bbp_reply_count_hidden":0,"_bbp_forum_subforum_count":0,"footnotes":""},"categories":[13,1],"tags":[],"class_list":["post-13699","post","type-post","status-publish","format-standard","hentry","category-4t","category-general"],"post_mailing_queue_ids":[],"_links":{"self":[{"href":"https:\/\/agora.xtec.cat\/iemossenjoanbatlle\/wp-json\/wp\/v2\/posts\/13699","targetHints":{"allow":["GET"]}}],"collection":[{"href":"https:\/\/agora.xtec.cat\/iemossenjoanbatlle\/wp-json\/wp\/v2\/posts"}],"about":[{"href":"https:\/\/agora.xtec.cat\/iemossenjoanbatlle\/wp-json\/wp\/v2\/types\/post"}],"author":[{"embeddable":true,"href":"https:\/\/agora.xtec.cat\/iemossenjoanbatlle\/wp-json\/wp\/v2\/users\/12"}],"replies":[{"embeddable":true,"href":"https:\/\/agora.xtec.cat\/iemossenjoanbatlle\/wp-json\/wp\/v2\/comments?post=13699"}],"version-history":[{"count":3,"href":"https:\/\/agora.xtec.cat\/iemossenjoanbatlle\/wp-json\/wp\/v2\/posts\/13699\/revisions"}],"predecessor-version":[{"id":13865,"href":"https:\/\/agora.xtec.cat\/iemossenjoanbatlle\/wp-json\/wp\/v2\/posts\/13699\/revisions\/13865"}],"wp:attachment":[{"href":"https:\/\/agora.xtec.cat\/iemossenjoanbatlle\/wp-json\/wp\/v2\/media?parent=13699"}],"wp:term":[{"taxonomy":"category","embeddable":true,"href":"https:\/\/agora.xtec.cat\/iemossenjoanbatlle\/wp-json\/wp\/v2\/categories?post=13699"},{"taxonomy":"post_tag","embeddable":true,"href":"https:\/\/agora.xtec.cat\/iemossenjoanbatlle\/wp-json\/wp\/v2\/tags?post=13699"}],"curies":[{"name":"wp","href":"https:\/\/api.w.org\/{rel}","templated":true}]}}