{"id":13181,"date":"2020-04-29T09:00:04","date_gmt":"2020-04-29T07:00:04","guid":{"rendered":"http:\/\/agora.xtec.cat\/iemossenjoanbatlle\/\/?p=13181"},"modified":"2020-05-07T11:41:31","modified_gmt":"2020-05-07T09:41:31","slug":"siei-ambit-cientific-experimentacio-fes-la-maleta-que-marxem-29-dabril","status":"publish","type":"post","link":"https:\/\/agora.xtec.cat\/iemossenjoanbatlle\/siei\/siei-ambit-cientific-experimentacio-fes-la-maleta-que-marxem-29-dabril\/","title":{"rendered":"SIEI. \u00c0MBIT CIENT\u00cdFIC-EXPERIMENTACI\u00d3: Fes la maleta que marxem! 29 d&#8217;abril."},"content":{"rendered":"<p>&nbsp;<\/p>\n<table style=\"background-color: #d5db25; width: 290px;\" width=\"290\">\n<tbody>\n<tr>\n<td>\n<p style=\"text-align: left;\"><strong>OBJECTIU DE L&#8217;ACTIVITAT: Millorar l&#8217;autonomia personal i orientar-se en les estacions de l&#8217;any i el clima.\u00a0<\/strong><\/p>\n<p><strong>DATA DE LLIURAMENT: 6 de maig.<\/strong><\/td>\n<\/tr>\n<\/tbody>\n<\/table>\n<p>Ja has triat a on anar de viatge? Decideix-te!<\/p>\n<p>Fes la maleta que marxem!<\/p>\n<p style=\"text-align: justify;\">Qu\u00e8 t&#8217;emportar\u00e0s? Pensa si hi far\u00e0 fred o calor a l&#8217;hora d&#8217;agafar la roba, quines activitats hi vas a fer, &#8230;<\/p>\n<p>Envia&#8217;ns un v\u00eddeo dient a on vols anar i explicant l&#8217;equipatge.\u00a0 Mira el v\u00eddeo de la N\u00faria <a href=\"https:\/\/photos.app.goo.gl\/XLnx2HKDuxNKUDUb8\">aqu\u00ed<\/a>, ella ja ho t\u00e9 tot a punt! \ud83d\ude09<\/p>\n","protected":false},"excerpt":{"rendered":"<p>&nbsp;<\/p>\n<p>OBJECTIU DE L&#8217;ACTIVITAT: Millorar l&#8217;autonomia personal i orientar-se en les estacions de l&#8217;any i el clima.\u00a0<br \/>\nDATA DE LLIURAMENT: 6 de maig.<\/p>\n<p>Ja has triat a on anar de viatge? Decideix-te!<br \/>\nFes la maleta que marxem!<br \/>\nQu\u00e8 t&#8217;emportar\u00e0s? Pensa si hi far\u00e0 fred o calor a l&#8217;hora d&#8217;agafar la&hellip;  <a href=\"https:\/\/agora.xtec.cat\/iemossenjoanbatlle\/siei\/siei-ambit-cientific-experimentacio-fes-la-maleta-que-marxem-29-dabril\/\" title=\"Read SIEI. \u00c0MBIT CIENT\u00cdFIC-EXPERIMENTACI\u00d3: Fes la maleta que marxem! 29 d&#8217;abril.\">Llegeix m\u00e9s\u00bb<\/a><\/p>\n","protected":false},"author":17,"featured_media":13387,"comment_status":"open","ping_status":"closed","sticky":false,"template":"","format":"standard","meta":{"footnotes":""},"categories":[26],"tags":[],"class_list":["post-13181","post","type-post","status-publish","format-standard","has-post-thumbnail","hentry","category-siei"],"post_mailing_queue_ids":[],"_links":{"self":[{"href":"https:\/\/agora.xtec.cat\/iemossenjoanbatlle\/wp-json\/wp\/v2\/posts\/13181","targetHints":{"allow":["GET"]}}],"collection":[{"href":"https:\/\/agora.xtec.cat\/iemossenjoanbatlle\/wp-json\/wp\/v2\/posts"}],"about":[{"href":"https:\/\/agora.xtec.cat\/iemossenjoanbatlle\/wp-json\/wp\/v2\/types\/post"}],"author":[{"embeddable":true,"href":"https:\/\/agora.xtec.cat\/iemossenjoanbatlle\/wp-json\/wp\/v2\/users\/17"}],"replies":[{"embeddable":true,"href":"https:\/\/agora.xtec.cat\/iemossenjoanbatlle\/wp-json\/wp\/v2\/comments?post=13181"}],"version-history":[{"count":2,"href":"https:\/\/agora.xtec.cat\/iemossenjoanbatlle\/wp-json\/wp\/v2\/posts\/13181\/revisions"}],"predecessor-version":[{"id":13202,"href":"https:\/\/agora.xtec.cat\/iemossenjoanbatlle\/wp-json\/wp\/v2\/posts\/13181\/revisions\/13202"}],"wp:featuredmedia":[{"embeddable":true,"href":"https:\/\/agora.xtec.cat\/iemossenjoanbatlle\/wp-json\/wp\/v2\/media\/13387"}],"wp:attachment":[{"href":"https:\/\/agora.xtec.cat\/iemossenjoanbatlle\/wp-json\/wp\/v2\/media?parent=13181"}],"wp:term":[{"taxonomy":"category","embeddable":true,"href":"https:\/\/agora.xtec.cat\/iemossenjoanbatlle\/wp-json\/wp\/v2\/categories?post=13181"},{"taxonomy":"post_tag","embeddable":true,"href":"https:\/\/agora.xtec.cat\/iemossenjoanbatlle\/wp-json\/wp\/v2\/tags?post=13181"}],"curies":[{"name":"wp","href":"https:\/\/api.w.org\/{rel}","templated":true}]}}