{"id":13108,"date":"2020-04-27T09:00:41","date_gmt":"2020-04-27T07:00:41","guid":{"rendered":"http:\/\/agora.xtec.cat\/iemossenjoanbatlle\/\/?p=13108"},"modified":"2020-05-07T11:53:07","modified_gmt":"2020-05-07T09:53:07","slug":"siei-ambit-matematic-un-viatge-molt-esperat-27-dabril","status":"publish","type":"post","link":"https:\/\/agora.xtec.cat\/iemossenjoanbatlle\/siei\/siei-ambit-matematic-un-viatge-molt-esperat-27-dabril\/","title":{"rendered":"SIEI. \u00c0MBIT MATEM\u00c0TIC: Un viatge molt esperat! 27 d&#8217;abril."},"content":{"rendered":"<p>&nbsp;<\/p>\n<table style=\"background-color: #e8e461; width: 290px;\" width=\"290\">\n<tbody>\n<tr>\n<td style=\"width: 284px;\"><strong>OBJECTIU DE L&#8217;ACTIVITAT: Orientaci\u00f3 en el calendari i en les estacions de l&#8217;any.\u00a0\u00a0<\/strong><\/p>\n<p><strong>DATA DE LLIURAMENT: 4 de maig.<\/strong><\/td>\n<\/tr>\n<\/tbody>\n<\/table>\n<p>Imagina&#8217;t que els pares et diuen que despr\u00e9s del confinament et conviden a fer un viatge!<\/p>\n<p>A quin pa\u00eds aniries? \u00c9s un pa\u00eds molt gran o molt petit? Quin idioma hi parlen? Busca-ho amb l&#8217;ajuda dels pares i comenteu-ho.<\/p>\n<p>Quins dies hi vols anar?\u00a0 Marca&#8217;ls al calendari en el mes escollit.\u00a0 Creus que hi far\u00e0 fred o calor? Quina estaci\u00f3 de l&#8217;any ser\u00e0?<\/p>\n<p>Envia&#8217;ns una foto del pa\u00eds que has triat i dels dies marcats al calendari <a href=\"https:\/\/photos.app.goo.gl\/KpNBjtjtFzFNtYu6A\">aqu\u00ed<\/a>.<\/p>\n<p>Et deixem un calendari <a href=\"https:\/\/drive.google.com\/file\/d\/1BcvrBdRcUGM-ShoZUwZkFeV_OYqfLA8h\/view?usp=sharing\">aqu\u00ed<\/a>.<\/p>\n","protected":false},"excerpt":{"rendered":"<p>&nbsp;<\/p>\n<p>OBJECTIU DE L&#8217;ACTIVITAT: Orientaci\u00f3 en el calendari i en les estacions de l&#8217;any.\u00a0\u00a0<br \/>\nDATA DE LLIURAMENT: 4 de maig.<\/p>\n<p>Imagina&#8217;t que els pares et diuen que despr\u00e9s del confinament et conviden a fer un viatge!<br \/>\nA quin pa\u00eds aniries? \u00c9s un pa\u00eds molt gran o molt petit? Quin&hellip;  <a href=\"https:\/\/agora.xtec.cat\/iemossenjoanbatlle\/siei\/siei-ambit-matematic-un-viatge-molt-esperat-27-dabril\/\" title=\"Read SIEI. \u00c0MBIT MATEM\u00c0TIC: Un viatge molt esperat! 27 d&#8217;abril.\">Llegeix m\u00e9s\u00bb<\/a><\/p>\n","protected":false},"author":17,"featured_media":13111,"comment_status":"open","ping_status":"closed","sticky":false,"template":"","format":"standard","meta":{"footnotes":""},"categories":[26],"tags":[],"class_list":["post-13108","post","type-post","status-publish","format-standard","has-post-thumbnail","hentry","category-siei"],"post_mailing_queue_ids":[],"_links":{"self":[{"href":"https:\/\/agora.xtec.cat\/iemossenjoanbatlle\/wp-json\/wp\/v2\/posts\/13108","targetHints":{"allow":["GET"]}}],"collection":[{"href":"https:\/\/agora.xtec.cat\/iemossenjoanbatlle\/wp-json\/wp\/v2\/posts"}],"about":[{"href":"https:\/\/agora.xtec.cat\/iemossenjoanbatlle\/wp-json\/wp\/v2\/types\/post"}],"author":[{"embeddable":true,"href":"https:\/\/agora.xtec.cat\/iemossenjoanbatlle\/wp-json\/wp\/v2\/users\/17"}],"replies":[{"embeddable":true,"href":"https:\/\/agora.xtec.cat\/iemossenjoanbatlle\/wp-json\/wp\/v2\/comments?post=13108"}],"version-history":[{"count":3,"href":"https:\/\/agora.xtec.cat\/iemossenjoanbatlle\/wp-json\/wp\/v2\/posts\/13108\/revisions"}],"predecessor-version":[{"id":13423,"href":"https:\/\/agora.xtec.cat\/iemossenjoanbatlle\/wp-json\/wp\/v2\/posts\/13108\/revisions\/13423"}],"wp:featuredmedia":[{"embeddable":true,"href":"https:\/\/agora.xtec.cat\/iemossenjoanbatlle\/wp-json\/wp\/v2\/media\/13111"}],"wp:attachment":[{"href":"https:\/\/agora.xtec.cat\/iemossenjoanbatlle\/wp-json\/wp\/v2\/media?parent=13108"}],"wp:term":[{"taxonomy":"category","embeddable":true,"href":"https:\/\/agora.xtec.cat\/iemossenjoanbatlle\/wp-json\/wp\/v2\/categories?post=13108"},{"taxonomy":"post_tag","embeddable":true,"href":"https:\/\/agora.xtec.cat\/iemossenjoanbatlle\/wp-json\/wp\/v2\/tags?post=13108"}],"curies":[{"name":"wp","href":"https:\/\/api.w.org\/{rel}","templated":true}]}}