{"id":10705,"date":"2019-06-11T06:40:30","date_gmt":"2019-06-11T04:40:30","guid":{"rendered":"http:\/\/agora.xtec.cat\/iemossenjoanbatlle\/\/?p=10705"},"modified":"2019-06-11T19:29:55","modified_gmt":"2019-06-11T17:29:55","slug":"cloenda-plastic-0-al-museu-maritim-de-barcelona","status":"publish","type":"post","link":"https:\/\/agora.xtec.cat\/iemossenjoanbatlle\/general\/cloenda-plastic-0-al-museu-maritim-de-barcelona\/","title":{"rendered":"5\u00e8. CLOENDA PL\u00c0STIC 0 AL MUSEU MAR\u00cdTIM DE BARCELONA"},"content":{"rendered":"<p>El passat dijous 30 de  maig, alguns alumnes de 5\u00e8 van assistir a la cloenda del Projecte de Ci\u00e8ncia Ciutadana, Pl\u00e0stic 0, al Museu Mar\u00edtim de Barcelona. Aquest projecte, ja consolidat a la nostra escola, permet acostar l&#8217;alumnat a la recerca cient\u00edfica real que es fa des del centres de recerca com l\u2019Institut de Ci\u00e8ncies del Mar i el Centre d\u2019Estudis Avan\u00e7ats de Blanes.<\/p>\n<p>Durant l\u2019acte de cloenda, els alumnes han presentat les seves accions de sensibilitzaci\u00f3 entorn de la problem\u00e0tica del pl\u00e0stic i  han conegut els primers resultats preliminars als que ha arribat el cient\u00edfic Lu\u00eds Francisco Ruiz-Orej\u00f3n a partir de les dades obtingudes per l\u2019alumnat en el mostreig de la platja del seu municipi.<\/p>\n<p>Les dades que han aportat els nostres alumnes i els dels altres centres educatius,  han perm\u00e8s a la comunitat cient\u00edfica determinar la distribuci\u00f3 de micropl\u00e0stics i mesopl\u00e0stics en les platges objecte d\u2019estudi i si es produeix variacions en les diferents zones de la platja i al llarg de l\u2019any.<\/p>\n<p>Despr\u00e9s de la presentaci\u00f3 dels resultats, els alumnes han participat en la visita dels stands de cada centre educatiu i han resolt els reptes que es proposaven. Una manera divertida i motivadora d&#8217;aprendre els efectes dels pl\u00e0stics en el nostre planeta i de conscienciar que encara estem a temps d&#8217;aturar la plaga dels pl\u00e0stics al mar.<\/p>\n<p>Contents i satisfets se senten els alumnes, en veure que la feina cient\u00edfica que es fa a l&#8217;escola t\u00e9 una utilitat!! I a m\u00e9s, per estendre el seu missatge : &#8220;DEU MINUTS A LES TEVES MANS, 150 ANYS AL PLANETA&#8221;, els alumnes de 5\u00e8 han creat un repte que ja corre per les xarxes socials. Si cliqueu sobre la imatge, el podreu veure.<a href=\"https:\/\/twitter.com\/mnjoanbatlle\/status\/1133748506844368896?ref_src=twsrc%5Etfw%7Ctwcamp%5Eembeddedtimeline%7Ctwterm%5Eprofile%3Amnjoanbatlle%7Ctwgr%5E363937393b70726f64756374696f6e%7Ctwcon%5Etimelinechrome&amp;ref_url=https%3A%2F%2Fpublish.twitter.com%2F%3Furl%3Dhttps%253A%252F%252Ftwitter.com%252Fmnjoanbatlle%26ref_src%3Dtwsrc%255Etfw%257Ctwcamp%255Eembeddedtimeline%257Ctwterm%255Eprofile%253Amnjoanbatlle%257Ctwgr%255E363937393b70726f64756374696f6e%26ref_url%3Dhttps%253A%252F%252Fagora.xtec.cat%252Fceipjoanbatlle%252F%23\"><\/a><a href=\"https:\/\/twitter.com\/mnjoanbatlle\/status\/1133748506844368896?ref_src=twsrc%5Etfw%7Ctwcamp%5Eembeddedtimeline%7Ctwterm%5Eprofile%3Amnjoanbatlle%7Ctwgr%5E363937393b70726f64756374696f6e%7Ctwcon%5Etimelinechrome&amp;ref_url=https%3A%2F%2Fpublish.twitter.com%2F%3Furl%3Dhttps%253A%252F%252Ftwitter.com%252Fmnjoanbatlle%26ref_src%3Dtwsrc%255Etfw%257Ctwcamp%255Eembeddedtimeline%257Ctwterm%255Eprofile%253Amnjoanbatlle%257Ctwgr%255E363937393b70726f64756374696f6e%26ref_url%3Dhttps%253A%252F%252Fagora.xtec.cat%252Fceipjoanbatlle%252F%23\"><img loading=\"lazy\" decoding=\"async\" class=\"aligncenter size-full wp-image-10750\" src=\"https:\/\/agora.xtec.cat\/iemossenjoanbatlle\/\/wp-content\/uploads\/usu1208\/2019\/06\/Sin-t\u00edtulo.png\" alt=\"\" width=\"333\" height=\"426\" srcset=\"https:\/\/agora.xtec.cat\/iemossenjoanbatlle\/wp-content\/uploads\/usu1208\/2019\/06\/Sin-t\u00edtulo.png 333w, https:\/\/agora.xtec.cat\/iemossenjoanbatlle\/wp-content\/uploads\/usu1208\/2019\/06\/Sin-t\u00edtulo-235x300.png 235w\" sizes=\"auto, (max-width: 333px) 100vw, 333px\" \/><\/a><\/p>\n<p>I per veure totes les fotografies de la jornada, cliqueu sobre aquesta imatge.<\/p>\n<p><a href=\"https:\/\/photos.google.com\/share\/AF1QipO9JXl2Pug1baRNGvkgiHhqEL36FRtpRAiNrpTk486rPucff8cqTIMKmfJXgP-mmg\/photo\/AF1QipOx1Yu8K3UeThrN49TSO0F8yDzpPfsd2tOxLVmQ?key=YXVoS0Z6dEw5TjA2d3N5WEtDcFdwU0JYM3F3OFVn\"><img loading=\"lazy\" decoding=\"async\" class=\"aligncenter size-large wp-image-10752\" src=\"https:\/\/agora.xtec.cat\/iemossenjoanbatlle\/\/wp-content\/uploads\/usu1208\/2019\/06\/20190530_125434-1-1024x576.jpg\" alt=\"\" width=\"1024\" height=\"576\" srcset=\"https:\/\/agora.xtec.cat\/iemossenjoanbatlle\/wp-content\/uploads\/usu1208\/2019\/06\/20190530_125434-1-1024x576.jpg 1024w, https:\/\/agora.xtec.cat\/iemossenjoanbatlle\/wp-content\/uploads\/usu1208\/2019\/06\/20190530_125434-1-300x169.jpg 300w, https:\/\/agora.xtec.cat\/iemossenjoanbatlle\/wp-content\/uploads\/usu1208\/2019\/06\/20190530_125434-1-768x432.jpg 768w\" sizes=\"auto, (max-width: 1024px) 100vw, 1024px\" \/><\/a><\/p>\n","protected":false},"excerpt":{"rendered":"<p>El passat dijous 30 de  maig, alguns alumnes de 5\u00e8 van assistir a la cloenda del Projecte de Ci\u00e8ncia Ciutadana, Pl\u00e0stic 0, al Museu Mar\u00edtim de Barcelona. Aquest projecte, ja consolidat a la nostra escola, permet acostar l&#8217;alumnat a la recerca cient\u00edfica real que&hellip;  <a href=\"https:\/\/agora.xtec.cat\/iemossenjoanbatlle\/general\/cloenda-plastic-0-al-museu-maritim-de-barcelona\/\" title=\"Read 5\u00e8. CLOENDA PL\u00c0STIC 0 AL MUSEU MAR\u00cdTIM DE BARCELONA\">Llegeix m\u00e9s\u00bb<\/a><\/p>\n","protected":false},"author":1,"featured_media":10752,"comment_status":"open","ping_status":"closed","sticky":false,"template":"","format":"standard","meta":{"_bbp_topic_count":0,"_bbp_reply_count":0,"_bbp_total_topic_count":0,"_bbp_total_reply_count":0,"_bbp_voice_count":0,"_bbp_anonymous_reply_count":0,"_bbp_topic_count_hidden":0,"_bbp_reply_count_hidden":0,"_bbp_forum_subforum_count":0,"footnotes":""},"categories":[14,1,4,5],"tags":[],"class_list":["post-10705","post","type-post","status-publish","format-standard","has-post-thumbnail","hentry","category-5e","category-general","category-portada","category-primaria"],"post_mailing_queue_ids":[],"_links":{"self":[{"href":"https:\/\/agora.xtec.cat\/iemossenjoanbatlle\/wp-json\/wp\/v2\/posts\/10705","targetHints":{"allow":["GET"]}}],"collection":[{"href":"https:\/\/agora.xtec.cat\/iemossenjoanbatlle\/wp-json\/wp\/v2\/posts"}],"about":[{"href":"https:\/\/agora.xtec.cat\/iemossenjoanbatlle\/wp-json\/wp\/v2\/types\/post"}],"author":[{"embeddable":true,"href":"https:\/\/agora.xtec.cat\/iemossenjoanbatlle\/wp-json\/wp\/v2\/users\/1"}],"replies":[{"embeddable":true,"href":"https:\/\/agora.xtec.cat\/iemossenjoanbatlle\/wp-json\/wp\/v2\/comments?post=10705"}],"version-history":[{"count":3,"href":"https:\/\/agora.xtec.cat\/iemossenjoanbatlle\/wp-json\/wp\/v2\/posts\/10705\/revisions"}],"predecessor-version":[{"id":10773,"href":"https:\/\/agora.xtec.cat\/iemossenjoanbatlle\/wp-json\/wp\/v2\/posts\/10705\/revisions\/10773"}],"wp:featuredmedia":[{"embeddable":true,"href":"https:\/\/agora.xtec.cat\/iemossenjoanbatlle\/wp-json\/wp\/v2\/media\/10752"}],"wp:attachment":[{"href":"https:\/\/agora.xtec.cat\/iemossenjoanbatlle\/wp-json\/wp\/v2\/media?parent=10705"}],"wp:term":[{"taxonomy":"category","embeddable":true,"href":"https:\/\/agora.xtec.cat\/iemossenjoanbatlle\/wp-json\/wp\/v2\/categories?post=10705"},{"taxonomy":"post_tag","embeddable":true,"href":"https:\/\/agora.xtec.cat\/iemossenjoanbatlle\/wp-json\/wp\/v2\/tags?post=10705"}],"curies":[{"name":"wp","href":"https:\/\/api.w.org\/{rel}","templated":true}]}}