{"id":10517,"date":"2019-05-03T14:32:52","date_gmt":"2019-05-03T12:32:52","guid":{"rendered":"http:\/\/agora.xtec.cat\/iemossenjoanbatlle\/\/?p=10517"},"modified":"2019-05-03T14:32:52","modified_gmt":"2019-05-03T12:32:52","slug":"hora-del-conte-sieiels-tentacles-den-blef-tristesa","status":"publish","type":"post","link":"https:\/\/agora.xtec.cat\/iemossenjoanbatlle\/general\/hora-del-conte-sieiels-tentacles-den-blef-tristesa\/","title":{"rendered":"HORA DEL CONTE SIEI:&#8221;Els tent\u00e0cles d&#8217;en Blef: Tristesa&#8221;."},"content":{"rendered":"<p>En personatge del conte d&#8217;avui, en Blef, est\u00e0 trist perqu\u00e8 la seva millor amiga, la Droy, ha marxat de viatge i la troba a faltar. Els altres amics li\u00a0 fan costat i en Blef es desfoga plorant molt i molt fins que es sent millor. El dia que rep una carta de la Droy en Blef plora d&#8217;il\u00b7lusi\u00f3.<\/p>\n<p>Despr\u00e9s d&#8217;explicar el conte hem constru\u00eft el nostre &#8220;pot de les ll\u00e0grimes&#8221; a on cadasc\u00fa hi ha escrit quan plora (quan t\u00e9 por, quan el renyen, quan riu molt o s&#8217;emociona, &#8230;).<\/p>\n<p>I tu, quan plores?<\/p>\n<p><a href=\"https:\/\/photos.app.goo.gl\/MBiK8PGaMvpdbCcSA\">(Cliqueu aqu\u00ed per veure les imatges).<\/a><\/p>\n","protected":false},"excerpt":{"rendered":"<p>En personatge del conte d&#8217;avui, en Blef, est\u00e0 trist perqu\u00e8 la seva millor amiga, la Droy, ha marxat de viatge i la troba a faltar. Els altres amics li\u00a0 fan costat i en Blef es desfoga plorant molt i molt fins que es sent millor.&hellip;  <a href=\"https:\/\/agora.xtec.cat\/iemossenjoanbatlle\/general\/hora-del-conte-sieiels-tentacles-den-blef-tristesa\/\" title=\"Read HORA DEL CONTE SIEI:&#8221;Els tent\u00e0cles d&#8217;en Blef: Tristesa&#8221;.\">Llegeix m\u00e9s\u00bb<\/a><\/p>\n","protected":false},"author":17,"featured_media":10518,"comment_status":"open","ping_status":"closed","sticky":false,"template":"","format":"standard","meta":{"_bbp_topic_count":0,"_bbp_reply_count":0,"_bbp_total_topic_count":0,"_bbp_total_reply_count":0,"_bbp_voice_count":0,"_bbp_anonymous_reply_count":0,"_bbp_topic_count_hidden":0,"_bbp_reply_count_hidden":0,"_bbp_forum_subforum_count":0,"footnotes":""},"categories":[1,4,26],"tags":[],"class_list":["post-10517","post","type-post","status-publish","format-standard","has-post-thumbnail","hentry","category-general","category-portada","category-siei"],"post_mailing_queue_ids":[],"_links":{"self":[{"href":"https:\/\/agora.xtec.cat\/iemossenjoanbatlle\/wp-json\/wp\/v2\/posts\/10517","targetHints":{"allow":["GET"]}}],"collection":[{"href":"https:\/\/agora.xtec.cat\/iemossenjoanbatlle\/wp-json\/wp\/v2\/posts"}],"about":[{"href":"https:\/\/agora.xtec.cat\/iemossenjoanbatlle\/wp-json\/wp\/v2\/types\/post"}],"author":[{"embeddable":true,"href":"https:\/\/agora.xtec.cat\/iemossenjoanbatlle\/wp-json\/wp\/v2\/users\/17"}],"replies":[{"embeddable":true,"href":"https:\/\/agora.xtec.cat\/iemossenjoanbatlle\/wp-json\/wp\/v2\/comments?post=10517"}],"version-history":[{"count":1,"href":"https:\/\/agora.xtec.cat\/iemossenjoanbatlle\/wp-json\/wp\/v2\/posts\/10517\/revisions"}],"predecessor-version":[{"id":10519,"href":"https:\/\/agora.xtec.cat\/iemossenjoanbatlle\/wp-json\/wp\/v2\/posts\/10517\/revisions\/10519"}],"wp:featuredmedia":[{"embeddable":true,"href":"https:\/\/agora.xtec.cat\/iemossenjoanbatlle\/wp-json\/wp\/v2\/media\/10518"}],"wp:attachment":[{"href":"https:\/\/agora.xtec.cat\/iemossenjoanbatlle\/wp-json\/wp\/v2\/media?parent=10517"}],"wp:term":[{"taxonomy":"category","embeddable":true,"href":"https:\/\/agora.xtec.cat\/iemossenjoanbatlle\/wp-json\/wp\/v2\/categories?post=10517"},{"taxonomy":"post_tag","embeddable":true,"href":"https:\/\/agora.xtec.cat\/iemossenjoanbatlle\/wp-json\/wp\/v2\/tags?post=10517"}],"curies":[{"name":"wp","href":"https:\/\/api.w.org\/{rel}","templated":true}]}}