{"id":10279,"date":"2019-03-18T20:30:55","date_gmt":"2019-03-18T19:30:55","guid":{"rendered":"https:\/\/agora.xtec.cat\/iemossenjoanbatlle\/\/?p=10279"},"modified":"2019-03-18T20:40:01","modified_gmt":"2019-03-18T19:40:01","slug":"visita-jurat-premi-ensenyament-2019","status":"publish","type":"post","link":"https:\/\/agora.xtec.cat\/iemossenjoanbatlle\/general\/visita-jurat-premi-ensenyament-2019\/","title":{"rendered":"Visita jurat premi ensenyament 2019"},"content":{"rendered":"<p>Avui hem rebut la visita del jurat del Premi Ensenyament 2019. Encantats d&#8217;explicar el nostre projecte de transformaci\u00f3! Gr\u00e0cies a tota la comunitat educativa per la vostra implicaci\u00f3 i esfor\u00e7!! Seguim&#8230; @educaciocat @CdEconomia @CEABCSIC #escolest\u00e0ndem @PedreraFundacio https:\/\/t.co\/97pFZvmu1Z<\/p>\n<p><img loading=\"lazy\" decoding=\"async\" class=\"wp-image-10285 alignnone size-full\" src=\"https:\/\/agora.xtec.cat\/iemossenjoanbatlle\/\/wp-content\/uploads\/usu1208\/2019\/03\/img_20190318_1316492293158685122057108.jpg\" width=\"4000\" height=\"3000\" data-temp-aztec-id=\"2f54a560-b28d-4d85-9c4a-b281f3296198\" srcset=\"https:\/\/agora.xtec.cat\/iemossenjoanbatlle\/wp-content\/uploads\/usu1208\/2019\/03\/img_20190318_1316492293158685122057108.jpg 4000w, https:\/\/agora.xtec.cat\/iemossenjoanbatlle\/wp-content\/uploads\/usu1208\/2019\/03\/img_20190318_1316492293158685122057108-300x225.jpg 300w, https:\/\/agora.xtec.cat\/iemossenjoanbatlle\/wp-content\/uploads\/usu1208\/2019\/03\/img_20190318_1316492293158685122057108-768x576.jpg 768w, https:\/\/agora.xtec.cat\/iemossenjoanbatlle\/wp-content\/uploads\/usu1208\/2019\/03\/img_20190318_1316492293158685122057108-1024x768.jpg 1024w, https:\/\/agora.xtec.cat\/iemossenjoanbatlle\/wp-content\/uploads\/usu1208\/2019\/03\/img_20190318_1316492293158685122057108-200x150.jpg 200w\" sizes=\"auto, (max-width: 4000px) 100vw, 4000px\" \/><\/p>\n","protected":false},"excerpt":{"rendered":"<p>Avui hem rebut la visita del jurat del Premi Ensenyament 2019. Encantats d&#8217;explicar el nostre projecte de transformaci\u00f3! Gr\u00e0cies a tota la comunitat educativa per la vostra implicaci\u00f3 i esfor\u00e7!! Seguim&#8230; @educaciocat @CdEconomia @CEABCSIC #escolest\u00e0ndem @PedreraFundacio https:\/\/t.co\/97pFZvmu1Z<\/p>\n","protected":false},"author":1,"featured_media":10285,"comment_status":"open","ping_status":"closed","sticky":false,"template":"","format":"standard","meta":{"_bbp_topic_count":0,"_bbp_reply_count":0,"_bbp_total_topic_count":0,"_bbp_total_reply_count":0,"_bbp_voice_count":0,"_bbp_anonymous_reply_count":0,"_bbp_topic_count_hidden":0,"_bbp_reply_count_hidden":0,"_bbp_forum_subforum_count":0,"footnotes":""},"categories":[1,4],"tags":[],"class_list":["post-10279","post","type-post","status-publish","format-standard","has-post-thumbnail","hentry","category-general","category-portada"],"post_mailing_queue_ids":[],"_links":{"self":[{"href":"https:\/\/agora.xtec.cat\/iemossenjoanbatlle\/wp-json\/wp\/v2\/posts\/10279","targetHints":{"allow":["GET"]}}],"collection":[{"href":"https:\/\/agora.xtec.cat\/iemossenjoanbatlle\/wp-json\/wp\/v2\/posts"}],"about":[{"href":"https:\/\/agora.xtec.cat\/iemossenjoanbatlle\/wp-json\/wp\/v2\/types\/post"}],"author":[{"embeddable":true,"href":"https:\/\/agora.xtec.cat\/iemossenjoanbatlle\/wp-json\/wp\/v2\/users\/1"}],"replies":[{"embeddable":true,"href":"https:\/\/agora.xtec.cat\/iemossenjoanbatlle\/wp-json\/wp\/v2\/comments?post=10279"}],"version-history":[{"count":3,"href":"https:\/\/agora.xtec.cat\/iemossenjoanbatlle\/wp-json\/wp\/v2\/posts\/10279\/revisions"}],"predecessor-version":[{"id":10287,"href":"https:\/\/agora.xtec.cat\/iemossenjoanbatlle\/wp-json\/wp\/v2\/posts\/10279\/revisions\/10287"}],"wp:featuredmedia":[{"embeddable":true,"href":"https:\/\/agora.xtec.cat\/iemossenjoanbatlle\/wp-json\/wp\/v2\/media\/10285"}],"wp:attachment":[{"href":"https:\/\/agora.xtec.cat\/iemossenjoanbatlle\/wp-json\/wp\/v2\/media?parent=10279"}],"wp:term":[{"taxonomy":"category","embeddable":true,"href":"https:\/\/agora.xtec.cat\/iemossenjoanbatlle\/wp-json\/wp\/v2\/categories?post=10279"},{"taxonomy":"post_tag","embeddable":true,"href":"https:\/\/agora.xtec.cat\/iemossenjoanbatlle\/wp-json\/wp\/v2\/tags?post=10279"}],"curies":[{"name":"wp","href":"https:\/\/api.w.org\/{rel}","templated":true}]}}