{"id":8139,"date":"2023-04-10T18:43:58","date_gmt":"2023-04-10T16:43:58","guid":{"rendered":"https:\/\/agora.xtec.cat\/iemediterranicampclar\/?p=8139"},"modified":"2023-04-10T18:43:58","modified_gmt":"2023-04-10T16:43:58","slug":"la-maleta-picasso-ens-visita-a-lescola","status":"publish","type":"post","link":"https:\/\/agora.xtec.cat\/iemediterranicampclar\/general\/la-maleta-picasso-ens-visita-a-lescola\/","title":{"rendered":"La maleta Picasso ens visita a l&#8217;escola!"},"content":{"rendered":"<p>Aquest darrer trimestre, de gener a mar\u00e7, a l&#8217;escola hem tingut la sort de comptar amb un recurs fant\u00e0stic: la maleta de recursos pedag\u00f2gics creada pel Departament d&#8217;Educaci\u00f3 del Museu Picasso i la Fundaci\u00f3 Collserola.<\/p>\n<p>Al v\u00eddeo hi trobareu un petit tastet de totes les activitats que s&#8217;hi inclouen. Ja veieu que moltes ens han anat b\u00e9 des dels m\u00e9s petits als m\u00e9s grans de prim\u00e0ria i que n&#8217;hem gaudits amb tots els sentits, fins i tot l&#8217;olfacte!<\/p>\n<p><iframe loading=\"lazy\" src=\"\/\/www.youtube.com\/embed\/dN8DaBtGOYA?feature=youtu\" width=\"560\" height=\"314\" allowfullscreen=\"allowfullscreen\"><\/iframe><\/p>\n<p>Amb puzles, elements t\u00e0ctils, una l\u00ednia del temps gegant, figures de fusta, ninotets de playm\u00f2bil, nines de roba, quadres, \u00e0udios diversos i fins i tot perfums ens hem acostat a diferents moments de la vida de Pablo Picasso i hem conegut una mica la seva obra, especialment la influ\u00e8ncia que va tenir per a ell &#8220;Les Menines&#8221; de Vel\u00e1zquez.<\/p>\n<p>A partir de tot aquest treball de sensibilitzaci\u00f3 estem fent propostes pl\u00e0stiques creades per nosaltres mateixos que exposarem a l&#8217;escola m\u00e9s endavant.<\/p>\n","protected":false},"excerpt":{"rendered":"<p>Un trimestre ple d&#8217;art!&hellip;  <a href=\"https:\/\/agora.xtec.cat\/iemediterranicampclar\/general\/la-maleta-picasso-ens-visita-a-lescola\/\" title=\"Read La maleta Picasso ens visita a l&#8217;escola!\">Llegeix m\u00e9s\u00bb<\/a><\/p>\n","protected":false},"author":53,"featured_media":8142,"comment_status":"open","ping_status":"closed","sticky":false,"template":"","format":"standard","meta":{"_bbp_topic_count":0,"_bbp_reply_count":0,"_bbp_total_topic_count":0,"_bbp_total_reply_count":0,"_bbp_voice_count":0,"_bbp_anonymous_reply_count":0,"_bbp_topic_count_hidden":0,"_bbp_reply_count_hidden":0,"_bbp_forum_subforum_count":0,"footnotes":""},"categories":[12,13,14,15,113,229,1,2,3,8,9,4,5],"tags":[],"class_list":["post-8139","post","type-post","status-publish","format-standard","has-post-thumbnail","hentry","category-3r-primaria","category-4t-primaria","category-5e-primaria","category-6e-primaria","category-activitats","category-fotos-2022-23","category-general","category-infantil","category-p3","category-p4","category-p5","category-portada","category-primaria"],"post_mailing_queue_ids":[],"_links":{"self":[{"href":"https:\/\/agora.xtec.cat\/iemediterranicampclar\/wp-json\/wp\/v2\/posts\/8139","targetHints":{"allow":["GET"]}}],"collection":[{"href":"https:\/\/agora.xtec.cat\/iemediterranicampclar\/wp-json\/wp\/v2\/posts"}],"about":[{"href":"https:\/\/agora.xtec.cat\/iemediterranicampclar\/wp-json\/wp\/v2\/types\/post"}],"author":[{"embeddable":true,"href":"https:\/\/agora.xtec.cat\/iemediterranicampclar\/wp-json\/wp\/v2\/users\/53"}],"replies":[{"embeddable":true,"href":"https:\/\/agora.xtec.cat\/iemediterranicampclar\/wp-json\/wp\/v2\/comments?post=8139"}],"version-history":[{"count":2,"href":"https:\/\/agora.xtec.cat\/iemediterranicampclar\/wp-json\/wp\/v2\/posts\/8139\/revisions"}],"predecessor-version":[{"id":8141,"href":"https:\/\/agora.xtec.cat\/iemediterranicampclar\/wp-json\/wp\/v2\/posts\/8139\/revisions\/8141"}],"wp:featuredmedia":[{"embeddable":true,"href":"https:\/\/agora.xtec.cat\/iemediterranicampclar\/wp-json\/wp\/v2\/media\/8142"}],"wp:attachment":[{"href":"https:\/\/agora.xtec.cat\/iemediterranicampclar\/wp-json\/wp\/v2\/media?parent=8139"}],"wp:term":[{"taxonomy":"category","embeddable":true,"href":"https:\/\/agora.xtec.cat\/iemediterranicampclar\/wp-json\/wp\/v2\/categories?post=8139"},{"taxonomy":"post_tag","embeddable":true,"href":"https:\/\/agora.xtec.cat\/iemediterranicampclar\/wp-json\/wp\/v2\/tags?post=8139"}],"curies":[{"name":"wp","href":"https:\/\/api.w.org\/{rel}","templated":true}]}}