{"id":7774,"date":"2023-01-26T23:00:06","date_gmt":"2023-01-26T22:00:06","guid":{"rendered":"https:\/\/agora.xtec.cat\/iemediterranicampclar\/?p=7774"},"modified":"2023-01-26T23:00:06","modified_gmt":"2023-01-26T22:00:06","slug":"lescola-visita-el-museu-dart-modern-de-tarragona","status":"publish","type":"post","link":"https:\/\/agora.xtec.cat\/iemediterranicampclar\/general\/lescola-visita-el-museu-dart-modern-de-tarragona\/","title":{"rendered":"L&#8217;escola visita el Museu d&#8217;Art Modern de tarragona"},"content":{"rendered":"<p>Aquest mes de gener els diferents cursos, des de P3 fins a 1er de la ESO, hem visitat el Museu d&#8217;Art Modern de Tarragona.<\/p>\n<p>Hem anat en dies diferents i all\u00e0 hem fet activitats diverses per\u00f2 tots hem apr\u00e8s i gaudit molt\u00edssim. Es tracta d&#8217;un museu referent a la nostra ciutat i on vam aprendre molt\u00edssim sobre art i sobre la ciutat de Tarragona. I vam fer un taller!<\/p>\n<p>Us expliquem una miqueta m\u00e9s de cada dia i al final trobareu uns quadre-resum de cada un d&#8217;ells. I per veure totes les fotos nom\u00e9s cal que cliqueu a l&#8217;enlla\u00e7:\u00a0<a href=\"https:\/\/photos.app.goo.gl\/4pkXJC8b3H31DWKr6\">https:\/\/photos.app.goo.gl\/4pkXJC8b3H31DWKr6<\/a><\/p>\n<p>Els m\u00e9s petits de l&#8217;escola van treballar la <strong>pintura<\/strong> a con\u00e8ixer l&#8217;obra <strong><em>Abstracte,<\/em><\/strong>\u00a0de l&#8217;artista Jacint Salvad\u00f3<strong>\u00a0<\/strong>(Mont-Roig, 1892- Castellet, 1983). A partir de l&#8217;observaci\u00f3 i de la manipulaci\u00f3 de figures geom\u00e8triques cada infant va crear la seva pr\u00f2pia obra, plena de colors i de les figures geom\u00e8triques m\u00e9s comuns: quadrat, triangle i rectangle.<\/p>\n<p>Cicle inicial i l&#8217;alumnat de 1er d&#8217;ESO, en canvi, van treballar la t\u00e8cnica del <strong>gravat <\/strong>a\u00a0partir de l\u2019obra d\u2019Antoni Alc\u00e1cer (Tirig, Castell\u00f2, 1963)\u00a0<strong><em>Projecte d\u2019arbres IV.<\/em><\/strong>\u00a0 A\u00a0 m\u00e9s de l&#8217;observaci\u00f3 de l&#8217;obra van realitzar un monotip amb goma eva, que els hi va servir per estampar amb rodet. Una feinada!<\/p>\n<p>I la resta de grups van endinsar-se en el m\u00f3n de <strong>l&#8217;escultura<\/strong>:<\/p>\n<p>D&#8217;una banda P4 i P5 van engegar la visita al parc, davant l&#8217;<strong>escultura<\/strong> de <em><strong>Thales<\/strong><\/em>, de Llu\u00eds M. Saumells. Van observar-lo i fins i tot algun es va disfressar, per anar despr\u00e9s fins el museu on van fer una activitat psicomotriu i on van experimentar amb el bronze. Finalment van treballar el fang per fer la seva pr\u00f2pia escultura de Thales.<\/p>\n<p>Cicle mitj\u00e0 i cicle superior en primer lloc van aprofundir en diferents <strong>escultures p\u00fabliques<\/strong> de la nostra ciutat, que de ben segur coneixeu (Els castellers, la Font del centenari, el senyor Virgili&#8230;), descobrint amb quins materials estan realitzades i per qu\u00e8.\u00a0 Van fer especial \u00e8mfasi en l&#8217;obra de <strong>Julio Antonio<\/strong>, descobrint diverses obres seves al museu i van acabar amb un taller de fang on van treballar l&#8217;escultura de Wagner.<\/p>\n<p>Us deixem a sota els collages fotogr\u00e0fics:<\/p>\n<p><a href=\"https:\/\/agora.xtec.cat\/iemediterranicampclar\/wp-content\/uploads\/usu1772\/2023\/01\/1.jpg\"><img loading=\"lazy\" decoding=\"async\" class=\"alignnone wp-image-7775\" src=\"https:\/\/agora.xtec.cat\/iemediterranicampclar\/wp-content\/uploads\/usu1772\/2023\/01\/1-1024x819.jpg\" alt=\"\" width=\"236\" height=\"189\" srcset=\"https:\/\/agora.xtec.cat\/iemediterranicampclar\/wp-content\/uploads\/usu1772\/2023\/01\/1-1024x819.jpg 1024w, https:\/\/agora.xtec.cat\/iemediterranicampclar\/wp-content\/uploads\/usu1772\/2023\/01\/1-300x240.jpg 300w, https:\/\/agora.xtec.cat\/iemediterranicampclar\/wp-content\/uploads\/usu1772\/2023\/01\/1-768x614.jpg 768w, https:\/\/agora.xtec.cat\/iemediterranicampclar\/wp-content\/uploads\/usu1772\/2023\/01\/1-1536x1229.jpg 1536w, https:\/\/agora.xtec.cat\/iemediterranicampclar\/wp-content\/uploads\/usu1772\/2023\/01\/1.jpg 2000w\" sizes=\"auto, (max-width: 236px) 100vw, 236px\" \/> \u00a0<\/a><a style=\"font-family: inherit; font-size: 1em;\" href=\"https:\/\/agora.xtec.cat\/iemediterranicampclar\/wp-content\/uploads\/usu1772\/2023\/01\/5.jpg\"><img loading=\"lazy\" decoding=\"async\" class=\"alignnone wp-image-7779\" src=\"https:\/\/agora.xtec.cat\/iemediterranicampclar\/wp-content\/uploads\/usu1772\/2023\/01\/5-1024x819.jpg\" alt=\"\" width=\"233\" height=\"186\" srcset=\"https:\/\/agora.xtec.cat\/iemediterranicampclar\/wp-content\/uploads\/usu1772\/2023\/01\/5-1024x819.jpg 1024w, https:\/\/agora.xtec.cat\/iemediterranicampclar\/wp-content\/uploads\/usu1772\/2023\/01\/5-300x240.jpg 300w, https:\/\/agora.xtec.cat\/iemediterranicampclar\/wp-content\/uploads\/usu1772\/2023\/01\/5-768x614.jpg 768w, https:\/\/agora.xtec.cat\/iemediterranicampclar\/wp-content\/uploads\/usu1772\/2023\/01\/5-1536x1229.jpg 1536w, https:\/\/agora.xtec.cat\/iemediterranicampclar\/wp-content\/uploads\/usu1772\/2023\/01\/5.jpg 2000w\" sizes=\"auto, (max-width: 233px) 100vw, 233px\" \/> \u00a0<\/a><a style=\"font-family: inherit; font-size: 1em;\" href=\"https:\/\/agora.xtec.cat\/iemediterranicampclar\/wp-content\/uploads\/usu1772\/2023\/01\/3.jpg\"><img loading=\"lazy\" decoding=\"async\" class=\"alignnone wp-image-7777\" src=\"https:\/\/agora.xtec.cat\/iemediterranicampclar\/wp-content\/uploads\/usu1772\/2023\/01\/3-1024x819.jpg\" alt=\"\" width=\"234\" height=\"187\" srcset=\"https:\/\/agora.xtec.cat\/iemediterranicampclar\/wp-content\/uploads\/usu1772\/2023\/01\/3-1024x819.jpg 1024w, https:\/\/agora.xtec.cat\/iemediterranicampclar\/wp-content\/uploads\/usu1772\/2023\/01\/3-300x240.jpg 300w, https:\/\/agora.xtec.cat\/iemediterranicampclar\/wp-content\/uploads\/usu1772\/2023\/01\/3-768x614.jpg 768w, https:\/\/agora.xtec.cat\/iemediterranicampclar\/wp-content\/uploads\/usu1772\/2023\/01\/3-1536x1229.jpg 1536w, https:\/\/agora.xtec.cat\/iemediterranicampclar\/wp-content\/uploads\/usu1772\/2023\/01\/3.jpg 2000w\" sizes=\"auto, (max-width: 234px) 100vw, 234px\" \/><\/a><\/p>\n<p><a style=\"font-family: inherit; font-size: 1em;\" href=\"https:\/\/agora.xtec.cat\/iemediterranicampclar\/wp-content\/uploads\/usu1772\/2023\/01\/4.jpg\"><img loading=\"lazy\" decoding=\"async\" class=\"alignnone wp-image-7778\" src=\"https:\/\/agora.xtec.cat\/iemediterranicampclar\/wp-content\/uploads\/usu1772\/2023\/01\/4-1024x819.jpg\" alt=\"\" width=\"234\" height=\"187\" srcset=\"https:\/\/agora.xtec.cat\/iemediterranicampclar\/wp-content\/uploads\/usu1772\/2023\/01\/4-1024x819.jpg 1024w, https:\/\/agora.xtec.cat\/iemediterranicampclar\/wp-content\/uploads\/usu1772\/2023\/01\/4-300x240.jpg 300w, https:\/\/agora.xtec.cat\/iemediterranicampclar\/wp-content\/uploads\/usu1772\/2023\/01\/4-768x614.jpg 768w, https:\/\/agora.xtec.cat\/iemediterranicampclar\/wp-content\/uploads\/usu1772\/2023\/01\/4-1536x1229.jpg 1536w, https:\/\/agora.xtec.cat\/iemediterranicampclar\/wp-content\/uploads\/usu1772\/2023\/01\/4.jpg 2000w\" sizes=\"auto, (max-width: 234px) 100vw, 234px\" \/><\/a> \u00a0<a href=\"https:\/\/agora.xtec.cat\/iemediterranicampclar\/wp-content\/uploads\/usu1772\/2023\/01\/Dark-Gray-Minimalist-University-Life-Photo-Collage.jpg\"><img loading=\"lazy\" decoding=\"async\" class=\"alignnone wp-image-7784\" src=\"https:\/\/agora.xtec.cat\/iemediterranicampclar\/wp-content\/uploads\/usu1772\/2023\/01\/Dark-Gray-Minimalist-University-Life-Photo-Collage-1024x819.jpg\" alt=\"\" width=\"238\" height=\"190\" srcset=\"https:\/\/agora.xtec.cat\/iemediterranicampclar\/wp-content\/uploads\/usu1772\/2023\/01\/Dark-Gray-Minimalist-University-Life-Photo-Collage-1024x819.jpg 1024w, https:\/\/agora.xtec.cat\/iemediterranicampclar\/wp-content\/uploads\/usu1772\/2023\/01\/Dark-Gray-Minimalist-University-Life-Photo-Collage-300x240.jpg 300w, https:\/\/agora.xtec.cat\/iemediterranicampclar\/wp-content\/uploads\/usu1772\/2023\/01\/Dark-Gray-Minimalist-University-Life-Photo-Collage-768x614.jpg 768w, https:\/\/agora.xtec.cat\/iemediterranicampclar\/wp-content\/uploads\/usu1772\/2023\/01\/Dark-Gray-Minimalist-University-Life-Photo-Collage-1536x1229.jpg 1536w, https:\/\/agora.xtec.cat\/iemediterranicampclar\/wp-content\/uploads\/usu1772\/2023\/01\/Dark-Gray-Minimalist-University-Life-Photo-Collage.jpg 2000w\" sizes=\"auto, (max-width: 238px) 100vw, 238px\" \/><\/a>\u00a0<span style=\"font-family: inherit; font-size: 1em;\"> <a href=\"https:\/\/agora.xtec.cat\/iemediterranicampclar\/wp-content\/uploads\/usu1772\/2023\/01\/Dark-Gray-Minimalist-University-Life-Photo-Collage-1.jpg\"><img loading=\"lazy\" decoding=\"async\" class=\"alignnone  wp-image-7789\" src=\"https:\/\/agora.xtec.cat\/iemediterranicampclar\/wp-content\/uploads\/usu1772\/2023\/01\/Dark-Gray-Minimalist-University-Life-Photo-Collage-1-1024x819.jpg\" alt=\"\" width=\"244\" height=\"195\" srcset=\"https:\/\/agora.xtec.cat\/iemediterranicampclar\/wp-content\/uploads\/usu1772\/2023\/01\/Dark-Gray-Minimalist-University-Life-Photo-Collage-1-1024x819.jpg 1024w, https:\/\/agora.xtec.cat\/iemediterranicampclar\/wp-content\/uploads\/usu1772\/2023\/01\/Dark-Gray-Minimalist-University-Life-Photo-Collage-1-300x240.jpg 300w, https:\/\/agora.xtec.cat\/iemediterranicampclar\/wp-content\/uploads\/usu1772\/2023\/01\/Dark-Gray-Minimalist-University-Life-Photo-Collage-1-768x614.jpg 768w, https:\/\/agora.xtec.cat\/iemediterranicampclar\/wp-content\/uploads\/usu1772\/2023\/01\/Dark-Gray-Minimalist-University-Life-Photo-Collage-1-1536x1229.jpg 1536w, https:\/\/agora.xtec.cat\/iemediterranicampclar\/wp-content\/uploads\/usu1772\/2023\/01\/Dark-Gray-Minimalist-University-Life-Photo-Collage-1.jpg 2000w\" sizes=\"auto, (max-width: 244px) 100vw, 244px\" \/><\/a><\/span><\/p>\n<p>&nbsp;<\/p>\n<p>&nbsp;<\/p>\n","protected":false},"excerpt":{"rendered":"<p>Aquest mes de gener els diferents cursos, des de P3 fins a 1er de la ESO, hem visitat el Museu d&#8217;Art Modern de Tarragona.<br \/>\nHem anat en dies diferents i all\u00e0 hem fet activitats diverses per\u00f2 tots hem apr\u00e8s i gaudit molt\u00edssim. Es tracta d&#8217;un museu&hellip;  <a href=\"https:\/\/agora.xtec.cat\/iemediterranicampclar\/general\/lescola-visita-el-museu-dart-modern-de-tarragona\/\" title=\"Read L&#8217;escola visita el Museu d&#8217;Art Modern de tarragona\">Llegeix m\u00e9s\u00bb<\/a><\/p>\n","protected":false},"author":53,"featured_media":7779,"comment_status":"open","ping_status":"closed","sticky":false,"template":"","format":"standard","meta":{"_bbp_topic_count":0,"_bbp_reply_count":0,"_bbp_total_topic_count":0,"_bbp_total_reply_count":0,"_bbp_voice_count":0,"_bbp_anonymous_reply_count":0,"_bbp_topic_count_hidden":0,"_bbp_reply_count_hidden":0,"_bbp_forum_subforum_count":0,"footnotes":""},"categories":[60,10,11,12,13,14,15,113,59,229,1,2,3,8,9,4,5],"tags":[],"class_list":["post-7774","post","type-post","status-publish","format-standard","has-post-thumbnail","hentry","category-1r-eso","category-1r-primaria","category-2n-primaria","category-3r-primaria","category-4t-primaria","category-5e-primaria","category-6e-primaria","category-activitats","category-eso","category-fotos-2022-23","category-general","category-infantil","category-p3","category-p4","category-p5","category-portada","category-primaria"],"post_mailing_queue_ids":[],"_links":{"self":[{"href":"https:\/\/agora.xtec.cat\/iemediterranicampclar\/wp-json\/wp\/v2\/posts\/7774","targetHints":{"allow":["GET"]}}],"collection":[{"href":"https:\/\/agora.xtec.cat\/iemediterranicampclar\/wp-json\/wp\/v2\/posts"}],"about":[{"href":"https:\/\/agora.xtec.cat\/iemediterranicampclar\/wp-json\/wp\/v2\/types\/post"}],"author":[{"embeddable":true,"href":"https:\/\/agora.xtec.cat\/iemediterranicampclar\/wp-json\/wp\/v2\/users\/53"}],"replies":[{"embeddable":true,"href":"https:\/\/agora.xtec.cat\/iemediterranicampclar\/wp-json\/wp\/v2\/comments?post=7774"}],"version-history":[{"count":2,"href":"https:\/\/agora.xtec.cat\/iemediterranicampclar\/wp-json\/wp\/v2\/posts\/7774\/revisions"}],"predecessor-version":[{"id":7790,"href":"https:\/\/agora.xtec.cat\/iemediterranicampclar\/wp-json\/wp\/v2\/posts\/7774\/revisions\/7790"}],"wp:featuredmedia":[{"embeddable":true,"href":"https:\/\/agora.xtec.cat\/iemediterranicampclar\/wp-json\/wp\/v2\/media\/7779"}],"wp:attachment":[{"href":"https:\/\/agora.xtec.cat\/iemediterranicampclar\/wp-json\/wp\/v2\/media?parent=7774"}],"wp:term":[{"taxonomy":"category","embeddable":true,"href":"https:\/\/agora.xtec.cat\/iemediterranicampclar\/wp-json\/wp\/v2\/categories?post=7774"},{"taxonomy":"post_tag","embeddable":true,"href":"https:\/\/agora.xtec.cat\/iemediterranicampclar\/wp-json\/wp\/v2\/tags?post=7774"}],"curies":[{"name":"wp","href":"https:\/\/api.w.org\/{rel}","templated":true}]}}