{"id":18154,"date":"2026-02-17T08:51:12","date_gmt":"2026-02-17T07:51:12","guid":{"rendered":"https:\/\/agora.xtec.cat\/iemediterranicampclar\/?p=18154"},"modified":"2026-02-17T08:51:12","modified_gmt":"2026-02-17T07:51:12","slug":"concert-dintercanvi-musical-al-centre-civic-de-torreforta","status":"publish","type":"post","link":"https:\/\/agora.xtec.cat\/iemediterranicampclar\/general\/concert-dintercanvi-musical-al-centre-civic-de-torreforta\/","title":{"rendered":"Concert d\u2019intercanvi musical al Centre C\u00edvic de Torreforta"},"content":{"rendered":"<p data-start=\"147\" data-end=\"427\">El passat divendres vam tenir l\u2019oportunitat de viure una experi\u00e8ncia molt especial: vam participar en un concert conjunt al Centre C\u00edvic de Torreforta amb l\u2019alumnat de l\u2019Escola Els \u00c0ngels i amb estudiants de diverses escoles de Voiron, ciutat agermanada amb Tarragona.<\/p>\n<p data-start=\"429\" data-end=\"708\">L\u2019activitat formava part d\u2019un intercanvi cultural i musical que ens va permetre compartir escenari, aprendre els uns dels altres i gaudir de la m\u00fasica en directe. El nostre alumnat va participar amb molta il\u00b7lusi\u00f3, demostrant esfor\u00e7, treball en equip i moltes ganes de fer-ho b\u00e9.<\/p>\n<p data-start=\"710\" data-end=\"999\">Durant el concert vam poder veure actuacions molt variades \u2014corda, percussi\u00f3, batucada i dansa\u2014 que van crear un ambient festiu i ple d\u2019energia. Va ser especialment enriquidor poder con\u00e8ixer joves d\u2019un altre pa\u00eds i compartir amb ells una experi\u00e8ncia tan bonica com \u00e9s fer m\u00fasica junts.<\/p>\n<p data-start=\"1001\" data-end=\"1153\">Ens ho vam passar molt b\u00e9 i, sens dubte, va ser una jornada molt interessant, motivadora i plena d\u2019aprenentatges que recordarem amb molt d&#8217;amor.<\/p>\n<p data-start=\"1155\" data-end=\"1297\">Agra\u00efm a totes les persones i centres implicats l\u2019organitzaci\u00f3 d\u2019aquesta trobada i esperem poder repetir experi\u00e8ncies com aquesta en el futur.<\/p>\n<p data-start=\"1155\" data-end=\"1297\"><a href=\"https:\/\/photos.app.goo.gl\/r4ZUxF4n5wG2Nknu8\" target=\"_blank\" rel=\"noopener\"><img loading=\"lazy\" decoding=\"async\" class=\"aligncenter size-medium wp-image-18155\" src=\"https:\/\/agora.xtec.cat\/iemediterranicampclar\/wp-content\/uploads\/usu1772\/2026\/02\/5809744833751485751-300x169.jpg\" alt=\"\" width=\"300\" height=\"169\" srcset=\"https:\/\/agora.xtec.cat\/iemediterranicampclar\/wp-content\/uploads\/usu1772\/2026\/02\/5809744833751485751-300x169.jpg 300w, https:\/\/agora.xtec.cat\/iemediterranicampclar\/wp-content\/uploads\/usu1772\/2026\/02\/5809744833751485751-1024x576.jpg 1024w, https:\/\/agora.xtec.cat\/iemediterranicampclar\/wp-content\/uploads\/usu1772\/2026\/02\/5809744833751485751-768x432.jpg 768w, https:\/\/agora.xtec.cat\/iemediterranicampclar\/wp-content\/uploads\/usu1772\/2026\/02\/5809744833751485751.jpg 1280w\" sizes=\"auto, (max-width: 300px) 100vw, 300px\" \/><\/a><\/p>\n","protected":false},"excerpt":{"rendered":"<p>El passat divendres vam tenir l\u2019oportunitat de viure una experi\u00e8ncia molt especial: vam participar en un concert conjunt al Centre C\u00edvic de Torreforta amb l\u2019alumnat de l\u2019Escola Els \u00c0ngels i amb estudiants de diverses escoles de Voiron, ciutat agermanada amb Tarragona.<br \/>\nL\u2019activitat formava part d\u2019un intercanvi&hellip;  <a href=\"https:\/\/agora.xtec.cat\/iemediterranicampclar\/general\/concert-dintercanvi-musical-al-centre-civic-de-torreforta\/\" title=\"Read Concert d\u2019intercanvi musical al Centre C\u00edvic de Torreforta\">Llegeix m\u00e9s\u00bb<\/a><\/p>\n","protected":false},"author":8,"featured_media":0,"comment_status":"open","ping_status":"open","sticky":false,"template":"","format":"standard","meta":{"_bbp_topic_count":0,"_bbp_reply_count":0,"_bbp_total_topic_count":0,"_bbp_total_reply_count":0,"_bbp_voice_count":0,"_bbp_anonymous_reply_count":0,"_bbp_topic_count_hidden":0,"_bbp_reply_count_hidden":0,"_bbp_forum_subforum_count":0,"footnotes":""},"categories":[74,59,278,1,4],"tags":[],"class_list":["post-18154","post","type-post","status-publish","format-standard","hentry","category-2n-eso","category-eso","category-fotos-2025-26","category-general","category-portada"],"post_mailing_queue_ids":[],"_links":{"self":[{"href":"https:\/\/agora.xtec.cat\/iemediterranicampclar\/wp-json\/wp\/v2\/posts\/18154","targetHints":{"allow":["GET"]}}],"collection":[{"href":"https:\/\/agora.xtec.cat\/iemediterranicampclar\/wp-json\/wp\/v2\/posts"}],"about":[{"href":"https:\/\/agora.xtec.cat\/iemediterranicampclar\/wp-json\/wp\/v2\/types\/post"}],"author":[{"embeddable":true,"href":"https:\/\/agora.xtec.cat\/iemediterranicampclar\/wp-json\/wp\/v2\/users\/8"}],"replies":[{"embeddable":true,"href":"https:\/\/agora.xtec.cat\/iemediterranicampclar\/wp-json\/wp\/v2\/comments?post=18154"}],"version-history":[{"count":1,"href":"https:\/\/agora.xtec.cat\/iemediterranicampclar\/wp-json\/wp\/v2\/posts\/18154\/revisions"}],"predecessor-version":[{"id":18156,"href":"https:\/\/agora.xtec.cat\/iemediterranicampclar\/wp-json\/wp\/v2\/posts\/18154\/revisions\/18156"}],"wp:attachment":[{"href":"https:\/\/agora.xtec.cat\/iemediterranicampclar\/wp-json\/wp\/v2\/media?parent=18154"}],"wp:term":[{"taxonomy":"category","embeddable":true,"href":"https:\/\/agora.xtec.cat\/iemediterranicampclar\/wp-json\/wp\/v2\/categories?post=18154"},{"taxonomy":"post_tag","embeddable":true,"href":"https:\/\/agora.xtec.cat\/iemediterranicampclar\/wp-json\/wp\/v2\/tags?post=18154"}],"curies":[{"name":"wp","href":"https:\/\/api.w.org\/{rel}","templated":true}]}}