{"id":634,"date":"2018-02-27T14:31:12","date_gmt":"2018-02-27T13:31:12","guid":{"rendered":"http:\/\/agora.xtec.cat\/escolatomasvinas\/?p=634"},"modified":"2018-02-27T14:31:12","modified_gmt":"2018-02-27T13:31:12","slug":"concurs-de-maquetes-escola-de-vela-de-mataro","status":"publish","type":"post","link":"https:\/\/agora.xtec.cat\/iemarmediterrania\/portada\/concurs-de-maquetes-escola-de-vela-de-mataro\/","title":{"rendered":"CONCURS DE MAQUETES ESCOLA DE VELA DE MATAR\u00d3"},"content":{"rendered":"<p>Aquest curs els <strong>alumnes de 6\u00e8<\/strong> participen en un <strong>concurs de maquetes organitzat per l&#8217;Escola de Vela de Matar\u00f3.<\/strong><\/p>\n<p>En petit grup han constru\u00eft maquetes de vaixells de vela amb materials reciclables i han elaborat un projecte per presentar i justificar la seva proposta.<\/p>\n<p><strong>Les maquetes s&#8217;exposaran al vest\u00edbul del centre comercial Matar\u00f3 Parc a partir d&#8217;aquest divendres, dia 2 de mar\u00e7.<\/strong><\/p>\n<p>Per les tardes de tota la setmana (del 5 al 9 de Mar\u00e7) hi haur\u00e0 una representaci\u00f3 i atenci\u00f3 al usuari per part de l&#8217;Escola Vela Matar\u00f3 per qualsevol aclariment respecte el concurs o activitats que s&#8217;hi fan.<\/p>\n<p><strong>El dissabte dia 10 de Mar\u00e7 a les 17.30h<\/strong> el jutjat far\u00e0 la seva valoraci\u00f3 i <strong>donar\u00e0 els premis<\/strong> a les maquetes premiades al mateix centre comercial.<\/p>\n<p>Els membres del jutjat s\u00f3n representacions del consorci del Port Matar\u00f3, gerencia de Matar\u00f3 Parc, directora de l&#8217;Escola Vela Matar\u00f3, President del club de Vela Matar\u00f3, Alcalde de Matar\u00f3 i regidors d&#8217;esport i ensenyament.<\/p>\n<p>Una vegada es donin els premis arribar\u00e0 el moment de donar a tots els participants el seu detall per fer unes creacions tan ben fetes i respectant en tot moment les bases del concurs.<\/p>\n<p>No us ho perdeu!<\/p>\n<p><a href=\"http:\/\/agora.xtec.cat\/iemarmediterrania\/wp-content\/uploads\/usu1896\/2018\/02\/IMG-20180302-WA0028.jpg\"><img loading=\"lazy\" decoding=\"async\" class=\"alignnone size-large wp-image-644\" src=\"http:\/\/agora.xtec.cat\/iemarmediterrania\/wp-content\/uploads\/usu1896\/2018\/02\/IMG-20180302-WA0028-1024x768.jpg\" alt=\"\" width=\"1024\" height=\"768\" srcset=\"https:\/\/agora.xtec.cat\/iemarmediterrania\/wp-content\/uploads\/usu1896\/2018\/02\/IMG-20180302-WA0028-1024x768.jpg 1024w, https:\/\/agora.xtec.cat\/iemarmediterrania\/wp-content\/uploads\/usu1896\/2018\/02\/IMG-20180302-WA0028-300x225.jpg 300w, https:\/\/agora.xtec.cat\/iemarmediterrania\/wp-content\/uploads\/usu1896\/2018\/02\/IMG-20180302-WA0028-768x576.jpg 768w, https:\/\/agora.xtec.cat\/iemarmediterrania\/wp-content\/uploads\/usu1896\/2018\/02\/IMG-20180302-WA0028-200x150.jpg 200w, https:\/\/agora.xtec.cat\/iemarmediterrania\/wp-content\/uploads\/usu1896\/2018\/02\/IMG-20180302-WA0028.jpg 1600w\" sizes=\"auto, (max-width: 1024px) 100vw, 1024px\" \/><\/a> <a href=\"http:\/\/agora.xtec.cat\/iemarmediterrania\/wp-content\/uploads\/usu1896\/2018\/02\/IMG-20180302-WA0025.jpg\"><img loading=\"lazy\" decoding=\"async\" class=\"alignnone size-large wp-image-643\" src=\"http:\/\/agora.xtec.cat\/iemarmediterrania\/wp-content\/uploads\/usu1896\/2018\/02\/IMG-20180302-WA0025-1024x768.jpg\" alt=\"\" width=\"1024\" height=\"768\" srcset=\"https:\/\/agora.xtec.cat\/iemarmediterrania\/wp-content\/uploads\/usu1896\/2018\/02\/IMG-20180302-WA0025-1024x768.jpg 1024w, https:\/\/agora.xtec.cat\/iemarmediterrania\/wp-content\/uploads\/usu1896\/2018\/02\/IMG-20180302-WA0025-300x225.jpg 300w, https:\/\/agora.xtec.cat\/iemarmediterrania\/wp-content\/uploads\/usu1896\/2018\/02\/IMG-20180302-WA0025-768x576.jpg 768w, https:\/\/agora.xtec.cat\/iemarmediterrania\/wp-content\/uploads\/usu1896\/2018\/02\/IMG-20180302-WA0025-200x150.jpg 200w, https:\/\/agora.xtec.cat\/iemarmediterrania\/wp-content\/uploads\/usu1896\/2018\/02\/IMG-20180302-WA0025.jpg 1600w\" sizes=\"auto, (max-width: 1024px) 100vw, 1024px\" \/><\/a> <a href=\"http:\/\/agora.xtec.cat\/iemarmediterrania\/wp-content\/uploads\/usu1896\/2018\/02\/IMG-20180302-WA0026.jpg\"><img loading=\"lazy\" decoding=\"async\" class=\"alignnone size-large wp-image-642\" src=\"http:\/\/agora.xtec.cat\/iemarmediterrania\/wp-content\/uploads\/usu1896\/2018\/02\/IMG-20180302-WA0026-768x1024.jpg\" alt=\"\" width=\"768\" height=\"1024\" srcset=\"https:\/\/agora.xtec.cat\/iemarmediterrania\/wp-content\/uploads\/usu1896\/2018\/02\/IMG-20180302-WA0026-768x1024.jpg 768w, https:\/\/agora.xtec.cat\/iemarmediterrania\/wp-content\/uploads\/usu1896\/2018\/02\/IMG-20180302-WA0026-225x300.jpg 225w, https:\/\/agora.xtec.cat\/iemarmediterrania\/wp-content\/uploads\/usu1896\/2018\/02\/IMG-20180302-WA0026.jpg 1200w\" sizes=\"auto, (max-width: 768px) 100vw, 768px\" \/><\/a><\/p>\n<p>No us els perdeu!<a href=\"http:\/\/agora.xtec.cat\/iemarmediterrania\/wp-content\/uploads\/usu1896\/2018\/02\/IMG-20180227-WA0001.jpg\"><img loading=\"lazy\" decoding=\"async\" class=\"alignnone size-large wp-image-635\" src=\"http:\/\/agora.xtec.cat\/iemarmediterrania\/wp-content\/uploads\/usu1896\/2018\/02\/IMG-20180227-WA0001-1024x575.jpg\" alt=\"\" width=\"1024\" height=\"575\" srcset=\"https:\/\/agora.xtec.cat\/iemarmediterrania\/wp-content\/uploads\/usu1896\/2018\/02\/IMG-20180227-WA0001-1024x575.jpg 1024w, https:\/\/agora.xtec.cat\/iemarmediterrania\/wp-content\/uploads\/usu1896\/2018\/02\/IMG-20180227-WA0001-300x168.jpg 300w, https:\/\/agora.xtec.cat\/iemarmediterrania\/wp-content\/uploads\/usu1896\/2018\/02\/IMG-20180227-WA0001-768x431.jpg 768w, https:\/\/agora.xtec.cat\/iemarmediterrania\/wp-content\/uploads\/usu1896\/2018\/02\/IMG-20180227-WA0001.jpg 1600w\" sizes=\"auto, (max-width: 1024px) 100vw, 1024px\" \/><\/a><\/p>\n","protected":false},"excerpt":{"rendered":"<p>Aquest curs els alumnes de 6\u00e8 participen en un concurs de maquetes organitzat per l&#8217;Escola de Vela de Matar\u00f3.<br \/>\nEn petit grup han constru\u00eft maquetes de vaixells de vela amb materials reciclables i han elaborat un projecte per presentar i justificar la seva proposta.<br \/>\nLes maquetes s&#8217;exposaran&hellip;  <a href=\"https:\/\/agora.xtec.cat\/iemarmediterrania\/portada\/concurs-de-maquetes-escola-de-vela-de-mataro\/\" title=\"Read CONCURS DE MAQUETES ESCOLA DE VELA DE MATAR\u00d3\">Llegeix m\u00e9s\u00bb<\/a><\/p>\n","protected":false},"author":1,"featured_media":643,"comment_status":"open","ping_status":"closed","sticky":false,"template":"","format":"standard","meta":{"_bbp_topic_count":0,"_bbp_reply_count":0,"_bbp_total_topic_count":0,"_bbp_total_reply_count":0,"_bbp_voice_count":0,"_bbp_anonymous_reply_count":0,"_bbp_topic_count_hidden":0,"_bbp_reply_count_hidden":0,"_bbp_forum_subforum_count":0,"footnotes":""},"categories":[112],"tags":[],"class_list":["post-634","post","type-post","status-publish","format-standard","has-post-thumbnail","hentry","category-portada"],"post_mailing_queue_ids":[],"_links":{"self":[{"href":"https:\/\/agora.xtec.cat\/iemarmediterrania\/wp-json\/wp\/v2\/posts\/634","targetHints":{"allow":["GET"]}}],"collection":[{"href":"https:\/\/agora.xtec.cat\/iemarmediterrania\/wp-json\/wp\/v2\/posts"}],"about":[{"href":"https:\/\/agora.xtec.cat\/iemarmediterrania\/wp-json\/wp\/v2\/types\/post"}],"author":[{"embeddable":true,"href":"https:\/\/agora.xtec.cat\/iemarmediterrania\/wp-json\/wp\/v2\/users\/1"}],"replies":[{"embeddable":true,"href":"https:\/\/agora.xtec.cat\/iemarmediterrania\/wp-json\/wp\/v2\/comments?post=634"}],"version-history":[{"count":0,"href":"https:\/\/agora.xtec.cat\/iemarmediterrania\/wp-json\/wp\/v2\/posts\/634\/revisions"}],"wp:featuredmedia":[{"embeddable":true,"href":"https:\/\/agora.xtec.cat\/iemarmediterrania\/wp-json\/wp\/v2\/media\/643"}],"wp:attachment":[{"href":"https:\/\/agora.xtec.cat\/iemarmediterrania\/wp-json\/wp\/v2\/media?parent=634"}],"wp:term":[{"taxonomy":"category","embeddable":true,"href":"https:\/\/agora.xtec.cat\/iemarmediterrania\/wp-json\/wp\/v2\/categories?post=634"},{"taxonomy":"post_tag","embeddable":true,"href":"https:\/\/agora.xtec.cat\/iemarmediterrania\/wp-json\/wp\/v2\/tags?post=634"}],"curies":[{"name":"wp","href":"https:\/\/api.w.org\/{rel}","templated":true}]}}