{"id":628,"date":"2018-02-20T14:19:40","date_gmt":"2018-02-20T13:19:40","guid":{"rendered":"http:\/\/agora.xtec.cat\/escolatomasvinas\/?p=628"},"modified":"2018-02-20T14:19:40","modified_gmt":"2018-02-20T13:19:40","slug":"dia-de-les-llengues-maternes","status":"publish","type":"post","link":"https:\/\/agora.xtec.cat\/iemarmediterrania\/portada\/dia-de-les-llengues-maternes\/","title":{"rendered":"Dia de les llengua materna!"},"content":{"rendered":"<p>Els alumnes de 6\u00e8, juntament amb alguns mestres de l&#8217;escola, han preparat aquest v\u00eddeo per celebrar el dia de la llengua materna, que es celebrar\u00e0 a l&#8217;escola dem\u00e0 dia 21 de febrer. Els alumnes realitzaran algunes activitats per prendre consci\u00e8ncia de la riquesa ling\u00fc\u00edstica que tenim a l&#8217;escola i treballar entre tots per la toler\u00e0ncia i el respecte.<\/p>\n<p><a href=\"https:\/\/www.youtube.com\/watch?v=PeW8JArWBy0&amp;feature=youtu.be\">VIDEO DIA INTERNACIONAL DE LA LLENGUA MATERN<\/a><\/p>\n<p><a href=\"https:\/\/www.youtube.com\/watch?v=PeW8JArWBy0&amp;feature=youtu.be\"><img loading=\"lazy\" decoding=\"async\" class=\"alignnone size-full wp-image-630\" src=\"http:\/\/agora.xtec.cat\/iemarmediterrania\/wp-content\/uploads\/usu1896\/2018\/02\/LLENG\u00dcES-MATERNES-1.png\" alt=\"\" width=\"844\" height=\"449\" srcset=\"https:\/\/agora.xtec.cat\/iemarmediterrania\/wp-content\/uploads\/usu1896\/2018\/02\/LLENG\u00dcES-MATERNES-1.png 844w, https:\/\/agora.xtec.cat\/iemarmediterrania\/wp-content\/uploads\/usu1896\/2018\/02\/LLENG\u00dcES-MATERNES-1-300x160.png 300w, https:\/\/agora.xtec.cat\/iemarmediterrania\/wp-content\/uploads\/usu1896\/2018\/02\/LLENG\u00dcES-MATERNES-1-768x409.png 768w\" sizes=\"auto, (max-width: 844px) 100vw, 844px\" \/><\/a><\/p>\n","protected":false},"excerpt":{"rendered":"<p>Els alumnes de 6\u00e8, juntament amb alguns mestres de l&#8217;escola, han preparat aquest v\u00eddeo per celebrar el dia de la llengua materna, que es celebrar\u00e0 a l&#8217;escola dem\u00e0 dia 21 de febrer. Els alumnes realitzaran algunes activitats per prendre consci\u00e8ncia de la riquesa ling\u00fc\u00edstica que tenim a l&#8217;escola i treballar entre tots per la toler\u00e0ncia [&hellip;]<\/p>\n","protected":false},"author":1,"featured_media":630,"comment_status":"open","ping_status":"closed","sticky":false,"template":"","format":"standard","meta":{"_bbp_topic_count":0,"_bbp_reply_count":0,"_bbp_total_topic_count":0,"_bbp_total_reply_count":0,"_bbp_voice_count":0,"_bbp_anonymous_reply_count":0,"_bbp_topic_count_hidden":0,"_bbp_reply_count_hidden":0,"_bbp_forum_subforum_count":0,"site-sidebar-layout":"default","site-content-layout":"","ast-site-content-layout":"","site-content-style":"default","site-sidebar-style":"default","ast-global-header-display":"","ast-banner-title-visibility":"","ast-main-header-display":"","ast-hfb-above-header-display":"","ast-hfb-below-header-display":"","ast-hfb-mobile-header-display":"","site-post-title":"","ast-breadcrumbs-content":"","ast-featured-img":"","footer-sml-layout":"","theme-transparent-header-meta":"","adv-header-id-meta":"","stick-header-meta":"","header-above-stick-meta":"","header-main-stick-meta":"","header-below-stick-meta":"","astra-migrate-meta-layouts":"default","ast-page-background-enabled":"default","ast-page-background-meta":{"desktop":{"background-color":"var(--ast-global-color-4)","background-image":"","background-repeat":"repeat","background-position":"center center","background-size":"auto","background-attachment":"scroll","background-type":"","background-media":"","overlay-type":"","overlay-color":"","overlay-opacity":"","overlay-gradient":""},"tablet":{"background-color":"","background-image":"","background-repeat":"repeat","background-position":"center center","background-size":"auto","background-attachment":"scroll","background-type":"","background-media":"","overlay-type":"","overlay-color":"","overlay-opacity":"","overlay-gradient":""},"mobile":{"background-color":"","background-image":"","background-repeat":"repeat","background-position":"center center","background-size":"auto","background-attachment":"scroll","background-type":"","background-media":"","overlay-type":"","overlay-color":"","overlay-opacity":"","overlay-gradient":""}},"ast-content-background-meta":{"desktop":{"background-color":"var(--ast-global-color-5)","background-image":"","background-repeat":"repeat","background-position":"center center","background-size":"auto","background-attachment":"scroll","background-type":"","background-media":"","overlay-type":"","overlay-color":"","overlay-opacity":"","overlay-gradient":""},"tablet":{"background-color":"var(--ast-global-color-5)","background-image":"","background-repeat":"repeat","background-position":"center center","background-size":"auto","background-attachment":"scroll","background-type":"","background-media":"","overlay-type":"","overlay-color":"","overlay-opacity":"","overlay-gradient":""},"mobile":{"background-color":"var(--ast-global-color-5)","background-image":"","background-repeat":"repeat","background-position":"center center","background-size":"auto","background-attachment":"scroll","background-type":"","background-media":"","overlay-type":"","overlay-color":"","overlay-opacity":"","overlay-gradient":""}},"footnotes":""},"categories":[112],"tags":[],"class_list":["post-628","post","type-post","status-publish","format-standard","has-post-thumbnail","hentry","category-portada"],"post_mailing_queue_ids":[],"_links":{"self":[{"href":"https:\/\/agora.xtec.cat\/iemarmediterrania\/wp-json\/wp\/v2\/posts\/628","targetHints":{"allow":["GET"]}}],"collection":[{"href":"https:\/\/agora.xtec.cat\/iemarmediterrania\/wp-json\/wp\/v2\/posts"}],"about":[{"href":"https:\/\/agora.xtec.cat\/iemarmediterrania\/wp-json\/wp\/v2\/types\/post"}],"author":[{"embeddable":true,"href":"https:\/\/agora.xtec.cat\/iemarmediterrania\/wp-json\/wp\/v2\/users\/1"}],"replies":[{"embeddable":true,"href":"https:\/\/agora.xtec.cat\/iemarmediterrania\/wp-json\/wp\/v2\/comments?post=628"}],"version-history":[{"count":0,"href":"https:\/\/agora.xtec.cat\/iemarmediterrania\/wp-json\/wp\/v2\/posts\/628\/revisions"}],"wp:featuredmedia":[{"embeddable":true,"href":"https:\/\/agora.xtec.cat\/iemarmediterrania\/wp-json\/wp\/v2\/media\/630"}],"wp:attachment":[{"href":"https:\/\/agora.xtec.cat\/iemarmediterrania\/wp-json\/wp\/v2\/media?parent=628"}],"wp:term":[{"taxonomy":"category","embeddable":true,"href":"https:\/\/agora.xtec.cat\/iemarmediterrania\/wp-json\/wp\/v2\/categories?post=628"},{"taxonomy":"post_tag","embeddable":true,"href":"https:\/\/agora.xtec.cat\/iemarmediterrania\/wp-json\/wp\/v2\/tags?post=628"}],"curies":[{"name":"wp","href":"https:\/\/api.w.org\/{rel}","templated":true}]}}