{"id":2548,"date":"2024-02-23T12:49:01","date_gmt":"2024-02-23T11:49:01","guid":{"rendered":"https:\/\/agora.xtec.cat\/iemarmediterrania\/?p=2548"},"modified":"2024-02-23T12:49:01","modified_gmt":"2024-02-23T11:49:01","slug":"dia-mundial-de-la-radio","status":"publish","type":"post","link":"https:\/\/agora.xtec.cat\/iemarmediterrania\/portada\/dia-mundial-de-la-radio\/","title":{"rendered":"DIA MUNDIAL DE LA R\u00c0DIO"},"content":{"rendered":"<p>A l\u2019Institut Escola Mar Mediterr\u00e0nia hem volgut que a la nostra r\u00e0dio escolar, se celebri el Dia Mundial de la R\u00e0dio 2024, enguany el dimarts 13 de febrer, i amb el lema \u201c100 anys explicant hist\u00f2ries\u201d a la R\u00e0dio a l\u2019Escola. El Grup Proa de Secund\u00e0ria s\u2019ha estrenat a la nostra estimada r\u00e0dio amb una hist\u00f2ria sobre el Carnaval i la Quaresma que han preparat amb ganes i il\u00b7lusi\u00f3. Com sempre, locutar els textos amb la m\u00e0xima cura \u00e9s una de les activitats m\u00e9s esperades pels alumnes. I \u00e9s clar, fer-vos gaudir i aprendre tot d\u2019una amb aquest p\u00f2dcast. Bona escolta!!<a href=\"https:\/\/youtu.be\/2IQmU_nJU2E\"><iframe loading=\"lazy\" src=\"\/\/www.youtube.com\/embed\/2IQmU_nJU2E\" width=\"560\" height=\"314\" allowfullscreen=\"allowfullscreen\"><\/iframe><\/a><\/p>\n","protected":false},"excerpt":{"rendered":"<p>A l\u2019Institut Escola Mar Mediterr\u00e0nia hem volgut que a la nostra r\u00e0dio escolar, se celebri el Dia Mundial de la R\u00e0dio 2024, enguany el dimarts 13 de febrer, i amb el lema \u201c100 anys explicant hist\u00f2ries\u201d a la R\u00e0dio a l\u2019Escola. El Grup Proa de&hellip;  <a href=\"https:\/\/agora.xtec.cat\/iemarmediterrania\/portada\/dia-mundial-de-la-radio\/\" title=\"Read DIA MUNDIAL DE LA R\u00c0DIO\">Llegeix m\u00e9s\u00bb<\/a><\/p>\n","protected":false},"author":1,"featured_media":2549,"comment_status":"open","ping_status":"closed","sticky":false,"template":"","format":"standard","meta":{"_bbp_topic_count":0,"_bbp_reply_count":0,"_bbp_total_topic_count":0,"_bbp_total_reply_count":0,"_bbp_voice_count":0,"_bbp_anonymous_reply_count":0,"_bbp_topic_count_hidden":0,"_bbp_reply_count_hidden":0,"_bbp_forum_subforum_count":0,"footnotes":""},"categories":[112,156],"tags":[],"class_list":["post-2548","post","type-post","status-publish","format-standard","has-post-thumbnail","hentry","category-portada","category-secundaria"],"post_mailing_queue_ids":[],"_links":{"self":[{"href":"https:\/\/agora.xtec.cat\/iemarmediterrania\/wp-json\/wp\/v2\/posts\/2548","targetHints":{"allow":["GET"]}}],"collection":[{"href":"https:\/\/agora.xtec.cat\/iemarmediterrania\/wp-json\/wp\/v2\/posts"}],"about":[{"href":"https:\/\/agora.xtec.cat\/iemarmediterrania\/wp-json\/wp\/v2\/types\/post"}],"author":[{"embeddable":true,"href":"https:\/\/agora.xtec.cat\/iemarmediterrania\/wp-json\/wp\/v2\/users\/1"}],"replies":[{"embeddable":true,"href":"https:\/\/agora.xtec.cat\/iemarmediterrania\/wp-json\/wp\/v2\/comments?post=2548"}],"version-history":[{"count":1,"href":"https:\/\/agora.xtec.cat\/iemarmediterrania\/wp-json\/wp\/v2\/posts\/2548\/revisions"}],"predecessor-version":[{"id":2550,"href":"https:\/\/agora.xtec.cat\/iemarmediterrania\/wp-json\/wp\/v2\/posts\/2548\/revisions\/2550"}],"wp:featuredmedia":[{"embeddable":true,"href":"https:\/\/agora.xtec.cat\/iemarmediterrania\/wp-json\/wp\/v2\/media\/2549"}],"wp:attachment":[{"href":"https:\/\/agora.xtec.cat\/iemarmediterrania\/wp-json\/wp\/v2\/media?parent=2548"}],"wp:term":[{"taxonomy":"category","embeddable":true,"href":"https:\/\/agora.xtec.cat\/iemarmediterrania\/wp-json\/wp\/v2\/categories?post=2548"},{"taxonomy":"post_tag","embeddable":true,"href":"https:\/\/agora.xtec.cat\/iemarmediterrania\/wp-json\/wp\/v2\/tags?post=2548"}],"curies":[{"name":"wp","href":"https:\/\/api.w.org\/{rel}","templated":true}]}}