{"id":2501,"date":"2023-10-06T11:38:29","date_gmt":"2023-10-06T09:38:29","guid":{"rendered":"https:\/\/agora.xtec.cat\/iemarmediterrania\/?p=2501"},"modified":"2023-10-06T11:40:18","modified_gmt":"2023-10-06T09:40:18","slug":"posem-rumb-al-teu-futur-2","status":"publish","type":"post","link":"https:\/\/agora.xtec.cat\/iemarmediterrania\/portada\/posem-rumb-al-teu-futur-2\/","title":{"rendered":"Posem rumb al teu futur"},"content":{"rendered":"<p>El nostre centre posa en com\u00fa les diferents etapes d\u2019educaci\u00f3 obligat\u00f2ries, des d\u2019un objectiu inclusiu i acollidor per a tots i totes. Els alumnes creixen de forma natural, coneixent el<br \/>\nclaustre, amb una relaci\u00f3 constant amb les fam\u00edlies i la comunitat, el nostre barri de Cerdanyola de Matar\u00f3. Som un institut escola divers i amb molts projectes.<br \/>\n<a href=\"http:\/\/https:\/\/youtu.be\/qHm2Ub-aqIg\">http:\/\/https:\/\/youtu.be\/qHm2Ub-aqIg<\/a><\/p>\n","protected":false},"excerpt":{"rendered":"<p>El nostre centre posa en com\u00fa les diferents etapes d\u2019educaci\u00f3 obligat\u00f2ries, des d\u2019un objectiu inclusiu i acollidor per a tots i totes. Els alumnes creixen de forma natural, coneixent el<br \/>\nclaustre, amb una relaci\u00f3 constant amb les fam\u00edlies i la comunitat, el nostre barri de Cerdanyola&hellip;  <a href=\"https:\/\/agora.xtec.cat\/iemarmediterrania\/portada\/posem-rumb-al-teu-futur-2\/\" title=\"Read Posem rumb al teu futur\">Llegeix m\u00e9s\u00bb<\/a><\/p>\n","protected":false},"author":1,"featured_media":2502,"comment_status":"open","ping_status":"closed","sticky":false,"template":"","format":"standard","meta":{"_bbp_topic_count":0,"_bbp_reply_count":0,"_bbp_total_topic_count":0,"_bbp_total_reply_count":0,"_bbp_voice_count":0,"_bbp_anonymous_reply_count":0,"_bbp_topic_count_hidden":0,"_bbp_reply_count_hidden":0,"_bbp_forum_subforum_count":0,"footnotes":""},"categories":[112,156],"tags":[],"class_list":["post-2501","post","type-post","status-publish","format-standard","has-post-thumbnail","hentry","category-portada","category-secundaria"],"post_mailing_queue_ids":[],"_links":{"self":[{"href":"https:\/\/agora.xtec.cat\/iemarmediterrania\/wp-json\/wp\/v2\/posts\/2501","targetHints":{"allow":["GET"]}}],"collection":[{"href":"https:\/\/agora.xtec.cat\/iemarmediterrania\/wp-json\/wp\/v2\/posts"}],"about":[{"href":"https:\/\/agora.xtec.cat\/iemarmediterrania\/wp-json\/wp\/v2\/types\/post"}],"author":[{"embeddable":true,"href":"https:\/\/agora.xtec.cat\/iemarmediterrania\/wp-json\/wp\/v2\/users\/1"}],"replies":[{"embeddable":true,"href":"https:\/\/agora.xtec.cat\/iemarmediterrania\/wp-json\/wp\/v2\/comments?post=2501"}],"version-history":[{"count":2,"href":"https:\/\/agora.xtec.cat\/iemarmediterrania\/wp-json\/wp\/v2\/posts\/2501\/revisions"}],"predecessor-version":[{"id":2504,"href":"https:\/\/agora.xtec.cat\/iemarmediterrania\/wp-json\/wp\/v2\/posts\/2501\/revisions\/2504"}],"wp:featuredmedia":[{"embeddable":true,"href":"https:\/\/agora.xtec.cat\/iemarmediterrania\/wp-json\/wp\/v2\/media\/2502"}],"wp:attachment":[{"href":"https:\/\/agora.xtec.cat\/iemarmediterrania\/wp-json\/wp\/v2\/media?parent=2501"}],"wp:term":[{"taxonomy":"category","embeddable":true,"href":"https:\/\/agora.xtec.cat\/iemarmediterrania\/wp-json\/wp\/v2\/categories?post=2501"},{"taxonomy":"post_tag","embeddable":true,"href":"https:\/\/agora.xtec.cat\/iemarmediterrania\/wp-json\/wp\/v2\/tags?post=2501"}],"curies":[{"name":"wp","href":"https:\/\/api.w.org\/{rel}","templated":true}]}}