{"id":2452,"date":"2023-05-18T09:29:21","date_gmt":"2023-05-18T07:29:21","guid":{"rendered":"https:\/\/agora.xtec.cat\/iemarmediterrania\/?p=2452"},"modified":"2023-05-18T09:29:21","modified_gmt":"2023-05-18T07:29:21","slug":"ja-hi-podeu-entrar-web-del-projecte-comprenent-la-torre-de-babel","status":"publish","type":"post","link":"https:\/\/agora.xtec.cat\/iemarmediterrania\/portada\/ja-hi-podeu-entrar-web-del-projecte-comprenent-la-torre-de-babel\/","title":{"rendered":"Ja hi podeu entrar: web del projecte &#8220;COMPRENENT LA TORRE DE BABEL&#8221;"},"content":{"rendered":"<blockquote>\n<div>\n<div>Us informem que s&#8217;ha creat la web del nostre projecte:<\/p>\n<h2>COMPRENENT LA TORRE DE BABEL<\/h2>\n<p>Participant en la iniciativa Retotech, d&#8217;innovaci\u00f3 educativa.<\/p>\n<p>Teniu acc\u00e9s a aquesta fent clic sobre el seg\u00fcent enlla\u00e7:<\/p><\/div>\n<div><\/div>\n<div><a href=\"https:\/\/www.fundacionendesa.org\/es\/educacion\/retotech-proyecto-de-innovacion-educativa\/centros-participantes-tecnologia-educativa\/Institut-Escola-Mar-Mediterrania\">https:\/\/www.fundacionendesa.org\/es\/educacion\/retotech-proyecto-de-innovacion-educativa\/centros-participantes-tecnologia-educativa\/Institut-Escola-Mar-Mediterrania<\/a><\/div>\n<\/div>\n<div>\n<div>Us convidem tamb\u00e9, a visitar la web dels altres centres participants en el projecte. Aquest any els v\u00eddeos i els projectes s\u00f3n realment originals i innovadors i es nota la implicaci\u00f3 que han tingut tots els participants al projecte.<\/div>\n<div><\/div>\n<div><a href=\"https:\/\/www.fundacionendesa.org\/es\/educacion\/retotech-proyecto-de-innovacion-educativa\/centros-participantes-tecnologia-educativa\">https:\/\/www.fundacionendesa.org\/es\/educacion\/retotech-proyecto-de-innovacion-educativa\/centros-participantes-tecnologia-educativa<\/a><\/div>\n<\/div>\n<\/blockquote>\n","protected":false},"excerpt":{"rendered":"<p>Us informem que s&#8217;ha creat la web del nostre projecte:<br \/>\nCOMPRENENT LA TORRE DE BABEL<br \/>\nParticipant en la iniciativa Retotech, d&#8217;innovaci\u00f3 educativa.<br \/>\nTeniu acc\u00e9s a aquesta fent clic sobre el seg\u00fcent enlla\u00e7:<\/p>\n<p><a href=\"https:\/\/www.fundacionendesa.org\/es\/educacion\/retotech-proyecto-de-innovacion-educativa\/centros-participantes-tecnologia-educativa\/Institut-Escola-Mar-Mediterrania\">https:\/\/www.fundacionendesa.org\/es\/educacion\/retotech-proyecto-de-innovacion-educativa\/centros-participantes-tecnologia-educativa\/Institut-Escola-Mar-Mediterrania<\/a><\/p>\n<p>Us convidem tamb\u00e9, a visitar la web dels altres centres participants en el projecte. Aquest any&hellip;  <a href=\"https:\/\/agora.xtec.cat\/iemarmediterrania\/portada\/ja-hi-podeu-entrar-web-del-projecte-comprenent-la-torre-de-babel\/\" title=\"Read Ja hi podeu entrar: web del projecte &#8220;COMPRENENT LA TORRE DE BABEL&#8221;\">Llegeix m\u00e9s\u00bb<\/a><\/p>\n","protected":false},"author":1,"featured_media":0,"comment_status":"open","ping_status":"closed","sticky":false,"template":"","format":"standard","meta":{"_bbp_topic_count":0,"_bbp_reply_count":0,"_bbp_total_topic_count":0,"_bbp_total_reply_count":0,"_bbp_voice_count":0,"_bbp_anonymous_reply_count":0,"_bbp_topic_count_hidden":0,"_bbp_reply_count_hidden":0,"_bbp_forum_subforum_count":0,"footnotes":""},"categories":[112,156],"tags":[],"class_list":["post-2452","post","type-post","status-publish","format-standard","hentry","category-portada","category-secundaria"],"post_mailing_queue_ids":[],"_links":{"self":[{"href":"https:\/\/agora.xtec.cat\/iemarmediterrania\/wp-json\/wp\/v2\/posts\/2452","targetHints":{"allow":["GET"]}}],"collection":[{"href":"https:\/\/agora.xtec.cat\/iemarmediterrania\/wp-json\/wp\/v2\/posts"}],"about":[{"href":"https:\/\/agora.xtec.cat\/iemarmediterrania\/wp-json\/wp\/v2\/types\/post"}],"author":[{"embeddable":true,"href":"https:\/\/agora.xtec.cat\/iemarmediterrania\/wp-json\/wp\/v2\/users\/1"}],"replies":[{"embeddable":true,"href":"https:\/\/agora.xtec.cat\/iemarmediterrania\/wp-json\/wp\/v2\/comments?post=2452"}],"version-history":[{"count":1,"href":"https:\/\/agora.xtec.cat\/iemarmediterrania\/wp-json\/wp\/v2\/posts\/2452\/revisions"}],"predecessor-version":[{"id":2453,"href":"https:\/\/agora.xtec.cat\/iemarmediterrania\/wp-json\/wp\/v2\/posts\/2452\/revisions\/2453"}],"wp:attachment":[{"href":"https:\/\/agora.xtec.cat\/iemarmediterrania\/wp-json\/wp\/v2\/media?parent=2452"}],"wp:term":[{"taxonomy":"category","embeddable":true,"href":"https:\/\/agora.xtec.cat\/iemarmediterrania\/wp-json\/wp\/v2\/categories?post=2452"},{"taxonomy":"post_tag","embeddable":true,"href":"https:\/\/agora.xtec.cat\/iemarmediterrania\/wp-json\/wp\/v2\/tags?post=2452"}],"curies":[{"name":"wp","href":"https:\/\/api.w.org\/{rel}","templated":true}]}}